{"id":238986,"date":"2025-07-10T02:02:13","date_gmt":"2025-07-10T02:02:13","guid":{"rendered":"https:\/\/www.europesays.com\/fr\/238986\/"},"modified":"2025-07-10T02:02:13","modified_gmt":"2025-07-10T02:02:13","slug":"tdf-tour-de-france-geraint-thomas-typique-dun-contre-la-montre-sur-le-tour","status":"publish","type":"post","link":"https:\/\/www.europesays.com\/fr\/238986\/","title":{"rendered":"TDF. Tour de France &#8211; Geraint Thomas : \u00abTypique d&rsquo;un contre-la-montre sur le Tour\u00bb"},"content":{"rendered":"<p>Auteur d\u2019un contre-la-montre solide mais sans \u00e9clat sur la 5\u1d49 \u00e9tape du <strong>Tour de France<\/strong>, <strong><a href=\"https:\/\/www.cyclismactu.net\/..\/news-tour-de-france-route-geraint-thomas-j-ai-du-mal-prendre-du-plaisir-88727.html\" target=\"_blank\" rel=\"nofollow noopener\">Geraint Thomas<\/a><\/strong> (INEOS Grenadiers) a analys\u00e9 avec lucidit\u00e9 les subtilit\u00e9s d\u2019un parcours usant et exigeant. 31e \u00e0 l&rsquo;arriv\u00e9e \u00e0 plus de 2&rsquo;30 du vainqueur du jour, <strong><a href=\"https:\/\/www.cyclismactu.net\/..\/news-tdf-route-tour-de-france-evenepoel-chrono-de-5e-etape-pogacar-ecrase-vingegaard-88825.html\" target=\"_blank\" rel=\"nofollow noopener\">Remco Evenepoel<\/a> <\/strong>(Soudal Quick-Step), le Gallois a d\u00e9j\u00e0 conc\u00e9d\u00e9 plus de 10 minutes aux principaux protagonistes du classement g\u00e9n\u00e9ral. Si le vainqueur du <strong>Tour de France <\/strong>2018 ne jouera pas le maillot jaune pour son dernier <strong>Tour<\/strong>, il ne prend pas moins de plaisir et profite de ses derniers tours de roues sur les routes fran\u00e7aises.<\/p>\n<p>Vid\u00e9o &#8211; La r\u00e9action de Geraint Thomas apr\u00e8s l&rsquo;arriv\u00e9e Lire la suite de l&rsquo;article&#13;<\/p>\n<p>\u00a0<\/p>\n<p>&#13;<br \/>\n\u00ab\u00a0Le sport se d\u00e9veloppe toujours\u00a0\u00bb&#13;<\/p>\n<p>Comme beaucoup d&rsquo;autres, <strong>Geraint Thomas <\/strong>a salu\u00e9 l&rsquo;ambiance pr\u00e9sente sur le bord des routes de Caen pour ce contre-la-montre : \u00ab\u00a0L&rsquo;atmosph\u00e8re \u00e9tait incroyable, et un contre-la-montre sur le Tour, c&rsquo;est typique, c&rsquo;est ce \u00e0 quoi on pense quand on imagine un contre-la-montre sur le Tour. Des plaines ouvertes, des drapeaux qui flottent, des fans fous&#8230; Ca m&rsquo;avait manqu\u00e9.\u00a0C&rsquo;est pas tr\u00e8s diff\u00e9rent de quand j&rsquo;ai fait la reconnaissance, c&rsquo;est plus les virages, ils sont un peu plus serr\u00e9s quand tu vas plus vite.\u00a0Pour \u00eatre honn\u00eate, quand j&rsquo;ai fait la reco, ce n&rsquo;\u00e9tait pas comme en 2018. C&rsquo;est un contre-la-montre difficile, la route agrippe et m\u00eame au retour, \u00e7a va vite mais il faut toujours appuyer. C&rsquo;est plus difficile que \u00e7a en a l&rsquo;air sur le profil. Je fais les m\u00eames chiffres qu&rsquo;en 2018 mais c&rsquo;est le sport, il se d\u00e9veloppe toujours, avec l&rsquo;innovation, l&rsquo;entra\u00eenement, la nourriture, on en parle beaucoup, mais je pense que si tu ne progresses pas, tu recules.\u00a0\u00bb<\/p>\n<p>Tour de France &#8211; Classement de la 5\u00e8 \u00e9tape Tour de France &#8211; Classement g\u00e9n\u00e9ral provisoire apr\u00e8s la 5\u00e8 \u00e9tape<\/p>\n","protected":false},"excerpt":{"rendered":"Auteur d\u2019un contre-la-montre solide mais sans \u00e9clat sur la 5\u1d49 \u00e9tape du Tour de France, Geraint Thomas (INEOS&hellip;\n","protected":false},"author":2,"featured_media":238987,"comment_status":"","ping_status":"","sticky":false,"template":"","format":"standard","meta":{"footnotes":""},"categories":[1411],"tags":[1154,207,211,1011,27,209,60,210,212,208,213],"class_list":{"0":"post-238986","1":"post","2":"type-post","3":"status-publish","4":"format-standard","5":"has-post-thumbnail","7":"category-cyclisme","8":"tag-cycling","9":"tag-cyclisme","10":"tag-ffc","11":"tag-fr","12":"tag-france","13":"tag-route","14":"tag-sports","15":"tag-tour-de-france","16":"tag-uci","17":"tag-velo","18":"tag-world-tour"},"share_on_mastodon":{"url":"https:\/\/pubeurope.com\/@fr\/114826480424105942","error":""},"_links":{"self":[{"href":"https:\/\/www.europesays.com\/fr\/wp-json\/wp\/v2\/posts\/238986","targetHints":{"allow":["GET"]}}],"collection":[{"href":"https:\/\/www.europesays.com\/fr\/wp-json\/wp\/v2\/posts"}],"about":[{"href":"https:\/\/www.europesays.com\/fr\/wp-json\/wp\/v2\/types\/post"}],"author":[{"embeddable":true,"href":"https:\/\/www.europesays.com\/fr\/wp-json\/wp\/v2\/users\/2"}],"replies":[{"embeddable":true,"href":"https:\/\/www.europesays.com\/fr\/wp-json\/wp\/v2\/comments?post=238986"}],"version-history":[{"count":0,"href":"https:\/\/www.europesays.com\/fr\/wp-json\/wp\/v2\/posts\/238986\/revisions"}],"wp:featuredmedia":[{"embeddable":true,"href":"https:\/\/www.europesays.com\/fr\/wp-json\/wp\/v2\/media\/238987"}],"wp:attachment":[{"href":"https:\/\/www.europesays.com\/fr\/wp-json\/wp\/v2\/media?parent=238986"}],"wp:term":[{"taxonomy":"category","embeddable":true,"href":"https:\/\/www.europesays.com\/fr\/wp-json\/wp\/v2\/categories?post=238986"},{"taxonomy":"post_tag","embeddable":true,"href":"https:\/\/www.europesays.com\/fr\/wp-json\/wp\/v2\/tags?post=238986"}],"curies":[{"name":"wp","href":"https:\/\/api.w.org\/{rel}","templated":true}]}}