{"id":239000,"date":"2025-07-10T02:12:11","date_gmt":"2025-07-10T02:12:11","guid":{"rendered":"https:\/\/www.europesays.com\/fr\/239000\/"},"modified":"2025-07-10T02:12:11","modified_gmt":"2025-07-10T02:12:11","slug":"haute-couture-demna-fait-ses-adieux-a-balenciaga-actualites","status":"publish","type":"post","link":"https:\/\/www.europesays.com\/fr\/239000\/","title":{"rendered":"Haute couture: Demna fait ses adieux \u00e0 Balenciaga : Actualit\u00e9s"},"content":{"rendered":"<p class=\"lead \">L&rsquo;un part, l&rsquo;autre arrive: Demna a pr\u00e9sent\u00e9 mercredi \u00e0 Paris sa derni\u00e8re collection haute couture pour Balenciaga, tandis que Glenn Martens a fait ses premiers chez Maison Margiela, tous deux revisitant l&rsquo;h\u00e9ritage des fondateurs de leur maison.<\/p>\n<p class=\"lead \">Pour son ultime d\u00e9fil\u00e9 au sein de la maison fran\u00e7aise, avant de rejoindre Gucci, Demna s&rsquo;est offert un casting 5 \u00e9toiles. Tandis qu&rsquo;Aya Nakamura, Naomi Watts, Nicole Kidman ou encore son successeur Pierpaolo Piccioli ont pris place aux c\u00f4t\u00e9s de Fran\u00e7ois-Henri Pinault, PDG de Kering \u2014 propri\u00e9taire de Balenciaga et Gucci \u2014 et de son \u00e9pouse Salma Hayek, Isabelle Huppert, Kim Kardashian &#8211; des fid\u00e8les du cr\u00e9ateur &#8211; ou encore les mannequins Naomi Campbell et Eva Herzigova ont foul\u00e9 le podium.<\/p>\n<p class=\"lead \">Le cr\u00e9ateur g\u00e9orgien de 44 ans a rendu hommage aux coupes classiques et \u00e0 l&rsquo;aust\u00e9rit\u00e9 \u00e9l\u00e9gante du fondateur Crist\u00f3bal Balenciaga&#8230; avec irr\u00e9v\u00e9rence.<\/p>\n<p class=\"lead \">Le noir dominait avec des tailleurs tr\u00e8s cintr\u00e9s et aux \u00e9paules d\u00e9mesur\u00e9es, d&rsquo;immenses manteaux, des pulls \u00e0 col montant jusqu&rsquo;aux oreilles, des robes droites \u00e0 manches longues ou encore des costumes oversize chez les hommes.<\/p>\n<p class=\"lead \">Une aust\u00e9rit\u00e9 ponctu\u00e9es de touches de couleur et de glamour, comme des robes bustiers jaune et rose p\u00e2le, un ample manteau blanc en plumes, un ensemble veste et jupe longue orn\u00e9es de grosses roses scintillantes et un autre rouge vif. <\/p>\n<p class=\"lead \">Apr\u00e8s dix ans \u00e0 la t\u00eate de Balenciaga, Demna Gvasalia va prendre d\u00e8s jeudi la direction artistique de Gucci, dont les contre-performances plombent le groupe Kering.<\/p>\n<p class=\"lead \">Avec son style iconoclaste, Demna a fait ses preuves chez Balenciaga. Depuis 2015, le cr\u00e9ateur s&rsquo;est fait conna\u00eetre par sa capacit\u00e9 \u00e0 habiller aussi bien la rappeuse Cardi B qu&rsquo;Isabelle Huppert, \u00e0 faire des T-shirts et de la haute couture et rendre d\u00e9sirable le \u00ab\u00a0moche\u00a0\u00bb, comme des Crocs \u00e0 semelles compens\u00e9es ou des sacs \u00ab\u00a0poubelle\u00a0\u00bb.<\/p>\n<p class=\"lead \">&#8211; Artisanat h\u00e9t\u00e9roclite &#8211;<\/p>\n<p class=\"lead \">Une page se tourne chez Balenciaga mais \u00e9galement chez Maison Margiela, qui a d\u00e9voil\u00e9 en soir\u00e9e la premi\u00e8re collection de Glenn Martens, tr\u00e8s inspir\u00e9e du fondateur Martin Margiela.<\/p>\n<p class=\"lead \">Nomm\u00e9 en janvier pour remplacer le cr\u00e9ateur star John Galliano, le Belge, pass\u00e9 chez Diesel et au sein de la marque exp\u00e9rimentale Y\/Project, a d\u00e9voil\u00e9 un premier vestiaire mixte baptis\u00e9 \u00ab\u00a0Artisanal\u00a0\u00bb o\u00f9 se c\u00f4toient la douceur et un c\u00f4t\u00e9 brutal, l&rsquo;opulence et le minimalisme, le tout dans un m\u00e9lange de mati\u00e8res tr\u00e8s h\u00e9t\u00e9roclite.<\/p>\n<p class=\"lead \">Des robes fluides rebrod\u00e9es de fleurs en tissu succ\u00e8dent \u00e0 des jupes en plastique rigide froiss\u00e9 et \u00e0 des manteaux en cuir rapi\u00e9c\u00e9 \u00e0 des robes comme faites de m\u00e9tal en fusion ou encore \u00e0 des tenues int\u00e9gralement recouvertes de perles et de bijoux.<\/p>\n<p class=\"lead \">Comme Martin Margiela, Glenn Martens a d\u00e9cid\u00e9 de cacher le visage de ses mannequins avec des masques en plastique, m\u00e9tal ou bijoux, assortis \u00e0 leurs tenues. <\/p>\n<p class=\"lead \">&#8211; Les deux font la paire  &#8211;<\/p>\n<p class=\"lead \">Avant \u00e7a, le cr\u00e9ateur hongkongais Robert Wun a d\u00e9voil\u00e9 sur la sc\u00e8ne du Th\u00e9\u00e2tre du Ch\u00e2telet une collection aux silhouettes sculpturales et surr\u00e9alistes.<\/p>\n<p class=\"lead \">Le Libanais Elie Saab a pr\u00e9sent\u00e9 une nouvelle collection de robes de princesses dignes des plus beaux contes de f\u00e9es, avec de nombreuses robes bustier aux longues tra\u00eenes, en mousseline de soie ou satin et rebrod\u00e9es de perles. <\/p>\n<p class=\"lead \">Son compatriote Zuhair Murad a d\u00e9voil\u00e9 un vestiaire encore plus flamboyant, avec des robes-bijoux orn\u00e9es de perles, de strass et pampilles.<\/p>\n<p class=\"lead \">Enfin, le duo n\u00e9erlandais Viktor&amp;Rolf a une nouvelle fois fait preuve d&rsquo;ironie avec un vestiaire de 15 paires de robes noires dans un style rappelant les robes aust\u00e8res du XIXe si\u00e8cle. <\/p>\n<p class=\"lead \">Chaque paire de v\u00eatements \u00e9tait identique, mais l&rsquo;un des deux \u00e9tait gonfl\u00e9 de (fausses) plumes. \u00ab\u00a0Nous voulions montrer qu&rsquo;une chose peut \u00eatre la m\u00eame et diff\u00e9rente \u00e0 la fois. Et nous aimons l&rsquo;id\u00e9e d&rsquo;une plume, car elle est tr\u00e8s li\u00e9e \u00e0 la haute couture. En m\u00eame temps, c&rsquo;est un symbole de libert\u00e9\u00a0\u00bb, a expliqu\u00e9 Viktor Horsting \u00e0 l&rsquo;AFP.<\/p>\n<p class=\"small font-weight-bold text-gray3 \"> publi\u00e9 le 9 juillet \u00e0 22h00, AFP<\/p>\n<p>                             Partager<\/p>\n","protected":false},"excerpt":{"rendered":"L&rsquo;un part, l&rsquo;autre arrive: Demna a pr\u00e9sent\u00e9 mercredi \u00e0 Paris sa derni\u00e8re collection haute couture pour Balenciaga, tandis&hellip;\n","protected":false},"author":2,"featured_media":239001,"comment_status":"","ping_status":"","sticky":false,"template":"","format":"standard","meta":{"footnotes":""},"categories":[8],"tags":[1971,2105,58,59,1011,27,2425,985],"class_list":{"0":"post-239000","1":"post","2":"type-post","3":"status-publish","4":"format-standard","5":"has-post-thumbnail","7":"category-divertissement","8":"tag-clbrits","9":"tag-distribution","10":"tag-divertissement","11":"tag-entertainment","12":"tag-fr","13":"tag-france","14":"tag-luxe","15":"tag-mode"},"share_on_mastodon":{"url":"https:\/\/pubeurope.com\/@fr\/114826519730733742","error":""},"_links":{"self":[{"href":"https:\/\/www.europesays.com\/fr\/wp-json\/wp\/v2\/posts\/239000","targetHints":{"allow":["GET"]}}],"collection":[{"href":"https:\/\/www.europesays.com\/fr\/wp-json\/wp\/v2\/posts"}],"about":[{"href":"https:\/\/www.europesays.com\/fr\/wp-json\/wp\/v2\/types\/post"}],"author":[{"embeddable":true,"href":"https:\/\/www.europesays.com\/fr\/wp-json\/wp\/v2\/users\/2"}],"replies":[{"embeddable":true,"href":"https:\/\/www.europesays.com\/fr\/wp-json\/wp\/v2\/comments?post=239000"}],"version-history":[{"count":0,"href":"https:\/\/www.europesays.com\/fr\/wp-json\/wp\/v2\/posts\/239000\/revisions"}],"wp:featuredmedia":[{"embeddable":true,"href":"https:\/\/www.europesays.com\/fr\/wp-json\/wp\/v2\/media\/239001"}],"wp:attachment":[{"href":"https:\/\/www.europesays.com\/fr\/wp-json\/wp\/v2\/media?parent=239000"}],"wp:term":[{"taxonomy":"category","embeddable":true,"href":"https:\/\/www.europesays.com\/fr\/wp-json\/wp\/v2\/categories?post=239000"},{"taxonomy":"post_tag","embeddable":true,"href":"https:\/\/www.europesays.com\/fr\/wp-json\/wp\/v2\/tags?post=239000"}],"curies":[{"name":"wp","href":"https:\/\/api.w.org\/{rel}","templated":true}]}}