{"id":239027,"date":"2025-07-10T02:35:13","date_gmt":"2025-07-10T02:35:13","guid":{"rendered":"https:\/\/www.europesays.com\/fr\/239027\/"},"modified":"2025-07-10T02:35:13","modified_gmt":"2025-07-10T02:35:13","slug":"3-villes-europeennes-a-redecouvrir-en-bus-depuis-strasbourg","status":"publish","type":"post","link":"https:\/\/www.europesays.com\/fr\/239027\/","title":{"rendered":"3 villes europ\u00e9ennes \u00e0 (re)d\u00e9couvrir en bus depuis Strasbourg"},"content":{"rendered":"<p><strong>Alors que les vacances d\u2019\u00e9t\u00e9 battent leur plein, vous cherchez peut-\u00eatre encore votre destination pour quitter Strasbourg quelques jours sans vider votre compte en banque. \u00c7a tombe bien, car on a test\u00e9 pour vous trois escapades en bus et \u00e0 petit prix au d\u00e9part de la capitale alsacienne. C\u2019est parti !\u00a0<\/strong><\/p>\n<p>Le soleil est au rendez-vous et<strong> vous avez envie de d\u00e9couvrir de nouvelles contr\u00e9es ?<\/strong> Depuis plusieurs ann\u00e9es, <strong>Flixbus propose de voyager sans se ruiner<\/strong> gr\u00e2ce \u00e0 des tarifs souvent avantageux.\u00a0<strong>Avant de partir \u00e0 Bruxelles, Prague ou Berlin, voici nos astuces<\/strong> pour quitter sereinement Strasbourg en bus.<\/p>\n<p>D\u00e9j\u00e0, quand vous r\u00e9servez votre billet, <strong>vous pouvez choisir votre si\u00e8ge<\/strong> pour un suppl\u00e9ment de quelques euros (souvent aux alentours de 2\u20ac). Utile pour choper une place c\u00f4t\u00e9 fen\u00eatre, surtout pour un trajet de nuit. Par contre, \u00e9vitez celles juste devant les toilettes au milieu du bus : impossible d\u2019incliner votre si\u00e8ge \u00e0 cause de la cabine. Erreur de d\u00e9butant(e) \u00e0 \u00e9viter absolument !<\/p>\n<p>    <img width=\"800\" height=\"494\" src=\"https:\/\/www.europesays.com\/fr\/wp-content\/uploads\/2025\/07\/flixbus-place-de-letoile-agathe-beekenkamp-800x494.jpg\" class=\"attachment-image-size-L size-image-size-L\" alt=\"FlixBus place de l\u2019\u00e9toile \u2013 Agathe Beekenkamp\" decoding=\"async\" loading=\"lazy\"  \/>         \u00a9 Agathe Beekenkamp \/ Pokaa <\/p>\n<p>Au passage, <strong>le billet que vous achetez comprend un bagage cabine de 7 kg<\/strong> (30 x 18 x 42 cm), mais aussi un autre, <strong>en soute, de 20 kg<\/strong> (50 x 30 x 80 cm). En gros, pas besoin de payer un suppl\u00e9ment si vous partez plus d\u2019un week-end, et \u00e7a, on adore.<\/p>\n<p>                <img width=\"667\" height=\"500\" src=\"https:\/\/www.europesays.com\/fr\/wp-content\/uploads\/2025\/07\/chargement-bagages-flixbus-agathe-beekenkamp-667x500.jpg\" class=\"attachment-gallery size-gallery\" alt=\"Chargement bagages FlixBus\" data-full-url=\"https:\/\/pokaa.fr\/wp-content\/uploads\/2025\/07\/08\/chargement-bagages-flixbus-agathe-beekenkamp.jpg\" decoding=\"async\" loading=\"lazy\"  \/>            <\/p>\n<p>                <img width=\"698\" height=\"500\" src=\"https:\/\/www.europesays.com\/fr\/wp-content\/uploads\/2025\/07\/interieur-flixbus-site-internet-flixbus-698x500.jpg\" class=\"attachment-gallery size-gallery\" alt=\"Int\u00e9rieur FlixBus\" data-full-url=\"https:\/\/pokaa.fr\/wp-content\/uploads\/2025\/07\/08\/interieur-flixbus-site-internet-flixbus.jpg\" decoding=\"async\" loading=\"lazy\"  \/>            <\/p>\n<p>                    1. \u00a9 Agathe Beekenkamp \/ Pokaa ; 2. \u00a9 Site web de Flixbus \/ Capture d&rsquo;\u00e9cran<\/p>\n<p>Bruxelles : des frites, un atome XXL et surtout de la bi\u00e8re<\/p>\n<p>Pour aller \u00e0 Bruxelles depuis Strasbourg en FlixBus, <strong>vous aurez l\u2019embarras du choix au niveau des horaires de d\u00e9part<\/strong> : en pleine nuit, au petit matin ou encore en d\u00e9but d\u2019apr\u00e8s-midi.<\/p>\n<p><strong>Depuis la place de l\u2019\u00c9toile, vous pouvez suivre votre bus en temps r\u00e9el<\/strong> via votre r\u00e9servation pour savoir o\u00f9 il se trouve pr\u00e9cis\u00e9ment. Et lorsqu\u2019il est devant vous, vous n\u2019avez plus qu\u2019\u00e0 pr\u00e9senter votre billet et vos papiers avant de vous installer.\u00a0<\/p>\n<p>                <img width=\"375\" height=\"500\" src=\"https:\/\/www.europesays.com\/fr\/wp-content\/uploads\/2025\/07\/img-1845-375x500.jpeg\" class=\"attachment-gallery size-gallery\" alt=\"Bruxelles Belgique frite\" data-full-url=\"https:\/\/pokaa.fr\/wp-content\/uploads\/2025\/07\/08\/img-1845.jpeg\" decoding=\"async\" loading=\"lazy\"  \/>            <\/p>\n<p>                <img width=\"667\" height=\"500\" src=\"https:\/\/www.europesays.com\/fr\/wp-content\/uploads\/2025\/07\/img-20181028-075825-667x500.jpg\" class=\"attachment-gallery size-gallery\" alt=\"Bruxelles\" data-full-url=\"https:\/\/pokaa.fr\/wp-content\/uploads\/2025\/07\/08\/img-20181028-075825.jpg\" decoding=\"async\" loading=\"lazy\"  \/>            <\/p>\n<p>                    \u00a9 Anthony Jilli \/ Pokaa<\/p>\n<p>    <img width=\"800\" height=\"600\" src=\"https:\/\/www.europesays.com\/fr\/wp-content\/uploads\/2025\/07\/img-20181028-080316-800x600.jpg\" class=\"attachment-image-size-L size-image-size-L\" alt=\"bruxelles\" decoding=\"async\" loading=\"lazy\"  \/>         \u00a9 Anthony Jilli \/ Pokaa <\/p>\n<p>                <img width=\"375\" height=\"500\" src=\"https:\/\/www.europesays.com\/fr\/wp-content\/uploads\/2025\/07\/img-1820-375x500.jpeg\" class=\"attachment-gallery size-gallery\" alt=\"bruxelles\" data-full-url=\"https:\/\/pokaa.fr\/wp-content\/uploads\/2025\/07\/08\/img-1820.jpeg\" decoding=\"async\" loading=\"lazy\"  \/>            <\/p>\n<p>                <img width=\"375\" height=\"500\" src=\"https:\/\/www.europesays.com\/fr\/wp-content\/uploads\/2025\/07\/img-1837-375x500.jpeg\" class=\"attachment-gallery size-gallery\" alt=\"bruxelles\" data-full-url=\"https:\/\/pokaa.fr\/wp-content\/uploads\/2025\/07\/08\/img-1837.jpeg\" decoding=\"async\" loading=\"lazy\"  \/>            <\/p>\n<p>                    \u00a9 Anthony Jilli \/ Pokaa<\/p>\n<p>\u00c0 peine <strong>plus de 6h et quelques escales plus tard<\/strong> (souvent Metz, Luxembourg et Li\u00e8ge), vous arrivez \u00e0 Bruxelles Nord. <strong>Vous pouvez ensuite rejoindre le centre facilement<\/strong> en transport en commun, ou \u00e0 pied apr\u00e8s une bonne vingtaine de minutes de marche, parce qu\u2019apr\u00e8s tout, vous \u00eates l\u00e0 pour visiter.<\/p>\n<p>Vous pourrez ensuite fl\u00e2ner dans les brocantes, <strong>visiter l\u2019Atomium,<\/strong> marcher sur la Grand-Place et dans les galeries avoisinantes, <strong>mais aussi voir le Manneken Pis<\/strong> et <strong>essayer l\u2019escalade dans une \u00e9glise d\u00e9sacralis\u00e9e<\/strong> (oui oui). Bien s\u00fbr, <strong>impossible de faire l\u2019impasse sur les frites belges et la bonne bi\u00e8re !<\/strong><\/p>\n<p style=\"text-align: center;\"><b>Aller-retour \u00e0 partir de 55\u20ac \u2013 Environ 6h10 de trajet (aller)<br \/><\/b>Pour en savoir plus, <a href=\"https:\/\/shop.flixbus.fr\/search?departureCity=40d90f52-8646-11e6-9066-549f350fcb0c&amp;arrivalCity=40de6287-8646-11e6-9066-549f350fcb0c&amp;route=Strasbourg-Bruxelles&amp;rideDate=11.07.2025&amp;adult=1&amp;_locale=fr&amp;departureCountryCode=FR&amp;arrivalCountryCode=BE&amp;features%5Bfeature.enable_distribusion%5D=1&amp;features%5Bfeature.train_cities_only%5D=0&amp;features%5Bfeature.auto_update_disabled%5D=0&amp;features%5Bfeature.webc_search_us_veterans_promoted%5D=0&amp;features%5Bfeature.webc_search_no_stations_limit%5D=0&amp;features%5Bfeature.webc_station_search%5D=0&amp;features%5Bfeature.webc_search_grouping_trips%5D=0&amp;features%5Bfeature.darken_page%5D=1&amp;atb_pdid=e678cd05-806a-42cc-8984-2eb1a8766724&amp;_sp=7930f423-fadd-4ef5-84b4-a469d82de24b&amp;_spnuid=de4228db-2320-4533-9b27-989d06433638_1751984531231\" target=\"_blank\" rel=\"noopener\">rendez-vous ici<\/a><\/p>\n<p>                <img width=\"375\" height=\"500\" src=\"https:\/\/www.europesays.com\/fr\/wp-content\/uploads\/2025\/07\/img-1871-375x500.jpeg\" class=\"attachment-gallery size-gallery\" alt=\"bruxelles\" data-full-url=\"https:\/\/pokaa.fr\/wp-content\/uploads\/2025\/07\/08\/img-1871.jpeg\" decoding=\"async\" loading=\"lazy\"  \/>            <\/p>\n<p>                <img width=\"375\" height=\"500\" src=\"https:\/\/www.europesays.com\/fr\/wp-content\/uploads\/2025\/07\/salle-escalade-maniak-padoue-bruxelles-agathe-beekenkamp-375x500.jpg\" class=\"attachment-gallery size-gallery\" alt=\"Salle escalade (Maniak Padoue) Bruxelles \u2013 Agathe Beekenkamp\" data-full-url=\"https:\/\/pokaa.fr\/wp-content\/uploads\/2025\/07\/08\/salle-escalade-maniak-padoue-bruxelles-agathe-beekenkamp.jpg\" decoding=\"async\" loading=\"lazy\"  \/>            <\/p>\n<p>                <img width=\"375\" height=\"500\" src=\"https:\/\/www.europesays.com\/fr\/wp-content\/uploads\/2025\/07\/brocante-bruxelles-agathe-beekenkamp-375x500.jpg\" class=\"attachment-gallery size-gallery\" alt=\"Brocante Bruxelles \u2013 Agathe Beekenkamp\" data-full-url=\"https:\/\/pokaa.fr\/wp-content\/uploads\/2025\/07\/08\/brocante-bruxelles-agathe-beekenkamp.jpg\" decoding=\"async\" loading=\"lazy\"  \/>            <\/p>\n<p>                <img width=\"720\" height=\"500\" src=\"https:\/\/www.europesays.com\/fr\/wp-content\/uploads\/2025\/07\/duvel-bruxelles-pexel-720x500.jpg\" class=\"attachment-gallery size-gallery\" alt=\"Duvel Bruxelles \u2013 Pexel\" data-full-url=\"https:\/\/pokaa.fr\/wp-content\/uploads\/2025\/07\/08\/duvel-bruxelles-pexel.jpg\" decoding=\"async\" loading=\"lazy\"  \/>            <\/p>\n<p>                    1. \u00a9 Anthony Jilli \/ Pokaa ; 2. 3. \u00a9 Agathe Beekenkamp \/ Pokaa ; 4. \u00a9 Pexels \/ Photo d&rsquo;illustration<\/p>\n<p>Prague : la d\u00e9licatesse architecturale et une tour avec vue<\/p>\n<p>\u00c0 destination de Prague, les d\u00e9parts en FlixBus depuis la place de l\u2019\u00c9toile se font entre minuit et midi, puis en soir\u00e9e. <strong>Pour arriver dans la capitale tch\u00e8que, il faut passer par un certain nombre d\u2019escales :<\/strong> Kehl, Baden-Baden, Karlsruhe, Kornwestheim, Heilbronn, Nuremberg ou encore Plze\u0148. <\/p>\n<p>D\u2019ailleurs, <strong>ne soyez pas surpris(e) par les contr\u00f4les de douane r\u00e9guliers<\/strong> au niveau des fronti\u00e8res allemandes.<\/p>\n<p>                <img width=\"375\" height=\"500\" src=\"https:\/\/www.europesays.com\/fr\/wp-content\/uploads\/2025\/07\/rue-de-prague-agathe-beekenkamp-375x500.jpg\" class=\"attachment-gallery size-gallery\" alt=\"Rue de Prague \u2013 Agathe Beekenkamp\" data-full-url=\"https:\/\/pokaa.fr\/wp-content\/uploads\/2025\/07\/08\/rue-de-prague-agathe-beekenkamp.jpg\" decoding=\"async\" loading=\"lazy\"  \/>            <\/p>\n<p>                <img width=\"375\" height=\"500\" src=\"https:\/\/www.europesays.com\/fr\/wp-content\/uploads\/2025\/07\/parc-stromovka-prague-agathe-beekenkamp-375x500.jpg\" class=\"attachment-gallery size-gallery\" alt=\"Parc Stromovka Prague \u2013 Agathe Beekenkamp\" data-full-url=\"https:\/\/pokaa.fr\/wp-content\/uploads\/2025\/07\/08\/parc-stromovka-prague-agathe-beekenkamp.jpg\" decoding=\"async\" loading=\"lazy\"  \/>            <\/p>\n<p>                    \u00a9 Agathe Beekenkamp \/ Pokaa<\/p>\n<p>    <img width=\"800\" height=\"519\" src=\"https:\/\/www.europesays.com\/fr\/wp-content\/uploads\/2025\/07\/prague-2027798-1280-800x519.jpg\" class=\"attachment-image-size-L size-image-size-L\" alt=\"prague\" decoding=\"async\" loading=\"lazy\"  \/>         \u00a9 Kirkandmimi &#8211; Needpix \/ Photo d&rsquo;illustration <\/p>\n<p><strong>C\u2019est donc seulement apr\u00e8s une nuit, plus ou moins compl\u00e8te,<\/strong> que vous arriverez \u00e0 Prague (parce que oui, le bus vert ne vous fera certainement pas le plus grand bien aux cervicales, mais au moins il apaisera vos soucis de porte-monnaie).<\/p>\n<p>Sur place, <strong>c\u2019est un m\u00e9lange harmonieux d\u2019architecture gothique, baroque, de la Renaissance et d\u2019Art nouveau<\/strong> qui vous attend. Et pour le repas, vous pouvez tester un bon goulasch, plat traditionnel \u00e0 base de b\u0153uf tr\u00e8s r\u00e9pandu en Europe centrale.<\/p>\n<p>                <img width=\"375\" height=\"500\" src=\"https:\/\/www.europesays.com\/fr\/wp-content\/uploads\/2025\/07\/goulash-prague-agathe-beekenkamp-375x500.jpg\" class=\"attachment-gallery size-gallery\" alt=\"Goulash Prague \u2013 Agathe Beekenkamp\" data-full-url=\"https:\/\/pokaa.fr\/wp-content\/uploads\/2025\/07\/08\/goulash-prague-agathe-beekenkamp.jpg\" decoding=\"async\" loading=\"lazy\"  \/>            <\/p>\n<p>                <img width=\"375\" height=\"500\" src=\"https:\/\/www.europesays.com\/fr\/wp-content\/uploads\/2025\/07\/tour-petrin-prague-agathe-beekenkamp-375x500.jpg\" class=\"attachment-gallery size-gallery\" alt=\"Tour Pet\u0159\u00edn Prague \u2013 Agathe Beekenkamp\" data-full-url=\"https:\/\/pokaa.fr\/wp-content\/uploads\/2025\/07\/08\/tour-petrin-prague-agathe-beekenkamp.jpg\" decoding=\"async\" loading=\"lazy\"  \/>            <\/p>\n<p>                    \u00a9 Agathe Beekenkamp \/ Pokaa<\/p>\n<p>    <img width=\"800\" height=\"600\" src=\"https:\/\/www.europesays.com\/fr\/wp-content\/uploads\/2025\/07\/vue-sur-prague-horizontale-agathe-beekenkamp-800x600.jpg\" class=\"attachment-image-size-L size-image-size-L\" alt=\"Vue sur Prague horizontale \u2013 Agathe Beekenkamp\" decoding=\"async\" loading=\"lazy\"  \/>         \u00a9 Agathe Beekenkamp \/ Pokaa <\/p>\n<p>Ensuite, place aux choses s\u00e9rieuses : direction le pont Charles, <strong>le ch\u00e2teau de Prague ou encore<\/strong>\u00a0<strong>le sommet de la tour de Pet\u0159\u00edn<\/strong> pour profiter d\u2019une vue \u00e0 360\u00b0 sur la capitale. Et si vous \u00eates d\u2019humeur \u00e0 faire une sieste entre deux arbres, c\u2019est au parc Stromovka qu\u2019il faut aller.\u00a0<\/p>\n<p style=\"text-align: center;\"><b>Aller-retour \u00e0 partir de 85\u20ac \u2013 Environ 10h30 de trajet (aller)<br \/><\/b>Pour en savoir plus, <a href=\"https:\/\/shop.flixbus.fr\/search?departureCity=40d90f52-8646-11e6-9066-549f350fcb0c&amp;arrivalCity=40de6287-8646-11e6-9066-549f350fcb0c&amp;route=Strasbourg-Bruxelles&amp;rideDate=11.07.2025&amp;adult=1&amp;_locale=fr&amp;departureCountryCode=FR&amp;arrivalCountryCode=BE&amp;features%5Bfeature.enable_distribusion%5D=1&amp;features%5Bfeature.train_cities_only%5D=0&amp;features%5Bfeature.auto_update_disabled%5D=0&amp;features%5Bfeature.webc_search_us_veterans_promoted%5D=0&amp;features%5Bfeature.webc_search_no_stations_limit%5D=0&amp;features%5Bfeature.webc_station_search%5D=0&amp;features%5Bfeature.webc_search_grouping_trips%5D=0&amp;features%5Bfeature.darken_page%5D=1&amp;atb_pdid=e678cd05-806a-42cc-8984-2eb1a8766724&amp;_sp=7930f423-fadd-4ef5-84b4-a469d82de24b&amp;_spnuid=de4228db-2320-4533-9b27-989d06433638_1751984531231\" target=\"_blank\" rel=\"noopener\">rendez-vous ici<\/a><b><br \/><\/b><\/p>\n<p>    <img width=\"800\" height=\"450\" src=\"https:\/\/www.europesays.com\/fr\/wp-content\/uploads\/2025\/07\/pexels-pierre-blache-651604-3046347-800x450.jpg\" class=\"attachment-image-size-L size-image-size-L\" alt=\"prague\" decoding=\"async\" loading=\"lazy\"  \/>         \u00a9 Pierre Blach\u00e9 &#8211; Pexels \/ Photo d&rsquo;illustration <\/p>\n<p>Berlin : un ch\u00e2teau, des pistes de danse et des kebabs gourmands<\/p>\n<p>Les d\u00e9parts en FlixBus pour Berlin depuis Strasbourg se font du petit matin jusqu\u2019au milieu de la nuit.\u00a0Une fois assis, <strong>c\u2019est parti pour environ 11h de trajet,<\/strong> alors pensez \u00e0 votre coussin de voyage ou \u00e0 vos mots crois\u00e9s !<\/p>\n<p>Si vous avez quelques notions de g\u00e9ographie, vous savez que <strong>pour aller \u00e0 Berlin il faut traverser pratiquement la totalit\u00e9 de l\u2019Allemagne<\/strong>. De ce fait, il y a beaucoup d\u2019escales sur le trajet (Kehl, Karlsruhe, Kornwestheim, W\u00fcrzburg, Schweinfurt, Bamberg et Himmelkron).<\/p>\n<p>    <img width=\"800\" height=\"600\" src=\"https:\/\/www.europesays.com\/fr\/wp-content\/uploads\/2025\/07\/berlin-aurelien-bouron-32-800x600.jpg\" class=\"attachment-image-size-L size-image-size-L\" alt=\"Berlin Porte de Brandebourg\" decoding=\"async\" loading=\"lazy\"  \/>         \u00a9 Aur\u00e9lien Bouron \/ Pokaa <\/p>\n<p>Notez que le site de FlixBus propose de nombreux trajets pour Berlin avec correspondance. Pour plus de confort (oui, on ose le terme confort), <strong>on vous conseille d\u2019opter pour un voyage direct.<\/strong><\/p>\n<p>Sur place, vous arrivez au niveau de la gare centrale. Et apr\u00e8s 11h de trajet, peu importe l\u2019heure qu\u2019il est : <strong>c\u2019est forc\u00e9ment le moment d\u2019engloutir un bon kebab,<\/strong> typique de la capitale allemande.<\/p>\n<p>                <img width=\"333\" height=\"500\" src=\"https:\/\/www.europesays.com\/fr\/wp-content\/uploads\/2025\/07\/broche-kebab-berlin-pexel-333x500.jpg\" class=\"attachment-gallery size-gallery\" alt=\"Broche kebab Berlin \u2013 Pexel\" data-full-url=\"https:\/\/pokaa.fr\/wp-content\/uploads\/2025\/07\/08\/broche-kebab-berlin-pexel.jpg\" decoding=\"async\" loading=\"lazy\"  \/>            <\/p>\n<p>                <img width=\"400\" height=\"500\" src=\"https:\/\/www.europesays.com\/fr\/wp-content\/uploads\/2025\/07\/berlin-aurelien-bouron-21-400x500.jpg\" class=\"attachment-gallery size-gallery\" alt=\"Berlin Fernsehturm\" data-full-url=\"https:\/\/pokaa.fr\/wp-content\/uploads\/2024\/08\/07\/berlin-aurelien-bouron-21.jpg\" decoding=\"async\" loading=\"lazy\"  \/>            <\/p>\n<p>                <img width=\"625\" height=\"500\" src=\"https:\/\/www.europesays.com\/fr\/wp-content\/uploads\/2025\/07\/berlin-aurelien-bouron-17-625x500.jpg\" class=\"attachment-gallery size-gallery\" alt=\"Berlin Caf\u00e9 am Neuen See\" data-full-url=\"https:\/\/pokaa.fr\/wp-content\/uploads\/2024\/08\/07\/berlin-aurelien-bouron-17.jpg\" decoding=\"async\" loading=\"lazy\"  \/>            <\/p>\n<p>                    1. \u00a9\u00a0Pexels \/ Photo d&rsquo;illustration ; 2. 3. \u00a9 Aur\u00e9lien Bouron \/ Pokaa<\/p>\n<p>    <img width=\"800\" height=\"466\" src=\"https:\/\/www.europesays.com\/fr\/wp-content\/uploads\/2025\/07\/museumsinsel-berlin-juli-2021-1-cropped-800x466.jpg\" class=\"attachment-image-size-L size-image-size-L\" alt=\"Berlin\" decoding=\"async\" loading=\"lazy\"  \/>         \u00a9 Kasa Fue &#8211; Wikimedia commons \/ Photo d&rsquo;illustration <\/p>\n<p>Pour une digestion culturelle, <strong>un tour au ch\u00e2teau de Berlin n\u2019est pas de refus<\/strong>. Si vous pr\u00e9f\u00e9rez vous \u00e9loigner des sentiers touristiques, <strong>il est possible de visiter le Berliner Spreepark,<\/strong> un ancien parc d\u2019attractions laiss\u00e9 \u00e0 l\u2019abandon, mais avec un(e) guide qui saura vous faire rentrer et rester dans la l\u00e9galit\u00e9.<\/p>\n<p><strong>La nuit tomb\u00e9e, il faudra faire un choix entre les dizaines de clubs qu\u2019offre Berlin.\u00a0<\/strong>Pour en savoir plus sur cette ville, on vous conseille de lire notre guide juste en dessous !<\/p>\n<p style=\"text-align: center;\"><b>Aller-retour \u00e0 partir de 80\u20ac \u2013 Environ 11h de trajet (aller)<br \/><\/b>Pour en savoir plus, <a href=\"https:\/\/shop.flixbus.fr\/search?departureCity=40d90f52-8646-11e6-9066-549f350fcb0c&amp;arrivalCity=40d8f682-8646-11e6-9066-549f350fcb0c&amp;route=Strasbourg-Berlin&amp;rideDate=11.07.2025&amp;adult=1&amp;_locale=fr&amp;departureCountryCode=FR&amp;arrivalCountryCode=DE&amp;features%5Bfeature.enable_distribusion%5D=1&amp;features%5Bfeature.train_cities_only%5D=0&amp;features%5Bfeature.auto_update_disabled%5D=0&amp;features%5Bfeature.webc_search_us_veterans_promoted%5D=0&amp;features%5Bfeature.webc_search_no_stations_limit%5D=0&amp;features%5Bfeature.webc_station_search%5D=0&amp;features%5Bfeature.webc_search_grouping_trips%5D=0&amp;features%5Bfeature.darken_page%5D=1&amp;atb_pdid=e678cd05-806a-42cc-8984-2eb1a8766724&amp;_sp=7930f423-fadd-4ef5-84b4-a469d82de24b&amp;_spnuid=de4228db-2320-4533-9b27-989d06433638_1751984472634\" target=\"_blank\" rel=\"noopener\">rendez-vous ici<\/a><\/p>\n<p>                <a href=\"https:\/\/pokaa.fr\/2024\/10\/19\/de-strasbourg-a-berlin-en-train-notre-guide-pour-4-jours-entre-tourisme-et-grosses-soirees\/\" target=\"_blank\" rel=\"noopener\"><br \/>\n                    <img width=\"450\" height=\"270\" src=\"https:\/\/www.europesays.com\/fr\/wp-content\/uploads\/2025\/07\/berlin-couv-1-450x270.png\" class=\"attachment-card-horizontal--same-subject size-card-horizontal--same-subject wp-post-image\" alt=\"\" decoding=\"async\" loading=\"lazy\"\/>                <\/a><\/p>\n<p>                <img width=\"375\" height=\"500\" src=\"https:\/\/www.europesays.com\/fr\/wp-content\/uploads\/2025\/07\/chateau-de-berlin-agathe-beekenkamp-375x500.jpg\" class=\"attachment-gallery size-gallery\" alt=\"Ch\u00e2teau de Berlin \u2013 Agathe Beekenkamp\" data-full-url=\"https:\/\/pokaa.fr\/wp-content\/uploads\/2025\/07\/08\/chateau-de-berlin-agathe-beekenkamp.jpg\" decoding=\"async\" loading=\"lazy\"  \/>            <\/p>\n<p>                <img width=\"667\" height=\"500\" src=\"https:\/\/www.europesays.com\/fr\/wp-content\/uploads\/2025\/07\/berliner-spreepark-agathe-beekenkamp-667x500.jpg\" class=\"attachment-gallery size-gallery\" alt=\"Berliner Spreepark \u2013 Agathe Beekenkamp\" data-full-url=\"https:\/\/pokaa.fr\/wp-content\/uploads\/2025\/07\/08\/berliner-spreepark-agathe-beekenkamp.jpg\" decoding=\"async\" loading=\"lazy\"  \/>            <\/p>\n<p>                    \u00a9 Agathe Beekenkamp \/ Pokaa<\/p>\n<p>                <img width=\"700\" height=\"459\" src=\"https:\/\/www.europesays.com\/fr\/wp-content\/uploads\/2025\/07\/gretchen-box1.jpg\" class=\"attachment-gallery size-gallery\" alt=\"Gretchen Berlin\" data-full-url=\"https:\/\/www.europesays.com\/fr\/wp-content\/uploads\/2025\/07\/gretchen-box1.jpg\" decoding=\"async\" loading=\"lazy\"  \/>            <\/p>\n<p>                <img width=\"667\" height=\"500\" src=\"https:\/\/www.europesays.com\/fr\/wp-content\/uploads\/2025\/07\/kater-holzig-nightclub-berlin-courtyard-667x500.jpg\" class=\"attachment-gallery size-gallery\" alt=\"Kater Berlin\" data-full-url=\"https:\/\/pokaa.fr\/wp-content\/uploads\/2024\/08\/14\/kater-holzig-nightclub-berlin-courtyard.jpg\" decoding=\"async\" loading=\"lazy\"  \/>            <\/p>\n<p>                    1. \u00a9 Site du Gretchen Club \/ Photo d&rsquo;illustration ; 2. \u00a9 Wikimedia commons \/ Photo d&rsquo;illustration<\/p>\n<p style=\"text-align: left;\"><strong>Alors, vous partez o\u00f9 cet \u00e9t\u00e9 ? Si vous n\u2019avez pas encore fait votre choix, <\/strong><strong>vous pouvez aussi jeter un \u0153il \u00e0 <a href=\"https:\/\/www.flixbus.fr\/voyages-car?departureCity=40d90f52-8646-11e6-9066-549f350fcb0c\" target=\"_blank\" rel=\"noopener\">cette carte<\/a> qui recense les villes desservies par FlixBus depuis Strasbourg !<\/strong><\/p>\n<p style=\"text-align: right;\">R\u00e9dactrice : Agathe Beekenkamp<\/p>\n<p>    <img width=\"800\" height=\"562\" src=\"https:\/\/www.europesays.com\/fr\/wp-content\/uploads\/2025\/07\/carte-destinations-depuis-strasbourg-site-flixbus-800x562.png\" class=\"attachment-image-size-L size-image-size-L\" alt=\"Carte destinations depuis Strasbourg \u2013 Site FlixBus\" decoding=\"async\" loading=\"lazy\"  \/>         \u00a9 Site web de Flixbus \/ Capture d&rsquo;\u00e9cran <\/p>\n","protected":false},"excerpt":{"rendered":"Alors que les vacances d\u2019\u00e9t\u00e9 battent leur plein, vous cherchez peut-\u00eatre encore votre destination pour quitter Strasbourg quelques&hellip;\n","protected":false},"author":2,"featured_media":239028,"comment_status":"","ping_status":"","sticky":false,"template":"","format":"standard","meta":{"footnotes":""},"categories":[2820],"tags":[1111,11,1898,2360,1777,674,37884,1011,27,775,12,11789,25,640],"class_list":{"0":"post-239027","1":"post","2":"type-post","3":"status-publish","4":"format-standard","5":"has-post-thumbnail","7":"category-strasbourg","8":"tag-actu","9":"tag-actualites","10":"tag-berlin","11":"tag-bruxelles","12":"tag-eu","13":"tag-europe","14":"tag-flixbus","15":"tag-fr","16":"tag-france","17":"tag-grand-est","18":"tag-news","19":"tag-prague","20":"tag-republique-francaise","21":"tag-strasbourg"},"share_on_mastodon":{"url":"https:\/\/pubeurope.com\/@fr\/114826611488160349","error":""},"_links":{"self":[{"href":"https:\/\/www.europesays.com\/fr\/wp-json\/wp\/v2\/posts\/239027","targetHints":{"allow":["GET"]}}],"collection":[{"href":"https:\/\/www.europesays.com\/fr\/wp-json\/wp\/v2\/posts"}],"about":[{"href":"https:\/\/www.europesays.com\/fr\/wp-json\/wp\/v2\/types\/post"}],"author":[{"embeddable":true,"href":"https:\/\/www.europesays.com\/fr\/wp-json\/wp\/v2\/users\/2"}],"replies":[{"embeddable":true,"href":"https:\/\/www.europesays.com\/fr\/wp-json\/wp\/v2\/comments?post=239027"}],"version-history":[{"count":0,"href":"https:\/\/www.europesays.com\/fr\/wp-json\/wp\/v2\/posts\/239027\/revisions"}],"wp:featuredmedia":[{"embeddable":true,"href":"https:\/\/www.europesays.com\/fr\/wp-json\/wp\/v2\/media\/239028"}],"wp:attachment":[{"href":"https:\/\/www.europesays.com\/fr\/wp-json\/wp\/v2\/media?parent=239027"}],"wp:term":[{"taxonomy":"category","embeddable":true,"href":"https:\/\/www.europesays.com\/fr\/wp-json\/wp\/v2\/categories?post=239027"},{"taxonomy":"post_tag","embeddable":true,"href":"https:\/\/www.europesays.com\/fr\/wp-json\/wp\/v2\/tags?post=239027"}],"curies":[{"name":"wp","href":"https:\/\/api.w.org\/{rel}","templated":true}]}}