{"id":239050,"date":"2025-07-10T02:47:21","date_gmt":"2025-07-10T02:47:21","guid":{"rendered":"https:\/\/www.europesays.com\/fr\/239050\/"},"modified":"2025-07-10T02:47:21","modified_gmt":"2025-07-10T02:47:21","slug":"le-rappeur-jul-apporte-son-soutien-aux-pompiers-et-aux-marseillais","status":"publish","type":"post","link":"https:\/\/www.europesays.com\/fr\/239050\/","title":{"rendered":"le rappeur Jul apporte son soutien aux pompiers et aux Marseillais"},"content":{"rendered":"<p>        <img decoding=\"async\" loading=\"lazy\" src=\"https:\/\/www.europesays.com\/fr\/wp-content\/uploads\/2025\/07\/b352a58_1715352357813-000-34r93xe.jpg\"  width=\"728\" height=\"409\" alt=\"Apr\u00e8s l\u2019incendie \u00e0 Marseille, le rappeur Jul apporte son soutien aux pompiers et aux Marseillais. (Photo d\u2019illustration)\"\/>  <\/p>\n<p>LUDOVIC MARIN \/ AFP<\/p>\n<p>Apr\u00e8s l\u2019incendie \u00e0 Marseille, le rappeur Jul apporte son soutien aux pompiers et aux Marseillais. (Photo d\u2019illustration)<\/p>\n<p class=\"asset asset-text\">INCENDIE &#8211; Quelques mots pour aider \u00e0 faire face \u00e0 l\u2019adversit\u00e9. Apr\u00e8s avoir parcouru 750 hectares et touch\u00e9 le nord de\u00a0Marseille, d\u00e9truisant ou endommageant de nombreuses maisons, le <a href=\"https:\/\/www.huffingtonpost.fr\/france\/article\/bruno-retailleau-previent-que-l-incendie-a-marseille-deja-devastateur-est-le-prelude-d-un-ete-a-haut-risque_252393.html\" target=\"_blank\" rel=\"noopener\">violent incendie<\/a> est d\u00e9sormais \u00ab\u00a0fix\u00e9\u00a0\u00bb, permettant le retour progressif d\u2019habitants \u00e9vacu\u00e9s. Ils sont sous le choc en d\u00e9couvrant l\u2019\u00e9tendue des d\u00e9g\u00e2ts. Dans cette \u00e9preuve, les Marseillais peuvent compter sur le soutien du <a href=\"https:\/\/www.huffingtonpost.fr\/culture\/video\/jul-au-stade-de-france-en-claquettes-chaussettes-l-entree-aerienne-du-rappeur_249299.html\" target=\"_blank\" rel=\"noopener\">rappeur Jul<\/a>, originaire de la Cit\u00e9 phoc\u00e9enne.<\/p>\n<p class=\"asset asset-text\">\u00ab\u00a0Force \u00e0 tous les pompiers de <a href=\"https:\/\/www.huffingtonpost.fr\/environnement\/article\/l-incendie-a-marseille-a-ete-fixe-apres-avoir-parcouru-750-hectares-son-origine-confirmee_252424.html\" target=\"_blank\" rel=\"noopener\">Marseille<\/a> et \u00e0 toutes les personnes qui vivent cette horreur\u00a0\u00bb, \u00e9crit le chanteur de Bande Organis\u00e9e, dans un message publi\u00e9 ce mercredi 9\u00a0juillet, sur son compte Instagram, qui totalise 4,6\u00a0millions de followers.<\/p>\n<p class=\"asset asset-text\">Et le rappeur ajoute\u00a0: \u00ab\u00a0Faites attention \u00e0 vous\u00a0\u00bb, dans sa publication. En commentaires, le compte SDIS13, des pompiers de Marseille, a r\u00e9agi avec un \u00e9moji le remerciant. D\u2019autres utilisateurs d\u2019Instagram ont apport\u00e9 leur soutien aux marins-pompiers de la ville.<\/p>\n<p> La lecture de ce contenu est susceptible d\u2019entra\u00eener un d\u00e9p\u00f4t de cookies de la part de l\u2019op\u00e9rateur tiers qui l\u2019h\u00e9berge. Compte-tenu des choix que vous avez exprim\u00e9s en mati\u00e8re de d\u00e9p\u00f4t de cookies, nous avons bloqu\u00e9 l\u2019affichage de ce contenu. Si vous souhaitez y acc\u00e9der, vous devez accepter la cat\u00e9gorie de cookies \u201cContenus tiers\u201d en cliquant sur le bouton ci-dessous. <\/p>\n<p> Lire la Vid\u00e9o        <\/p>\n<p class=\"asset asset-text\">Il aura fallu plus de 24\u00a0heures aux plus de 800 pompiers mobilis\u00e9s au plus fort de l\u2019op\u00e9ration pour stopper la progression des flammes, attis\u00e9e par la longue canicule des derniers jours et un mistral violent.<\/p>\n<p>                     70 maisons ont \u00e9t\u00e9 \u00ab\u00a0atteintes\u00a0\u00bb    <\/p>\n<p class=\"asset asset-text\">L\u2019incendie s\u2019est d\u00e9clench\u00e9 mardi en fin de matin\u00e9e, caus\u00e9 par \u00ab\u00a0un v\u00e9hicule qui s\u2019est enflamm\u00e9 en roulant\u00a0\u00bb sur l\u2019autoroute A55, a indiqu\u00e9 \u00e0 l\u2019AFP le procureur de la R\u00e9publique d\u2019Aix-en-Provence, Jean-Luc Blachon.<\/p>\n<p class=\"asset asset-text\">Dans les hauteurs de l\u2019Estaque, quartier du nord de\u00a0Marseille\u00a0o\u00f9 le feu a caus\u00e9 les plus gros dommages, des voitures sont calcin\u00e9es et des maisons enti\u00e8rement br\u00fbl\u00e9es. Dans un jardin, trois v\u00e9los, dont une minuscule bicyclette d\u2019enfant, ont \u00e9t\u00e9 tordus par la chaleur.\u00a0Selon la pr\u00e9fecture, 70 maisons ont \u00e9t\u00e9 \u00ab\u00a0atteintes\u00a0\u00bb et 10 totalement d\u00e9truites \u00e0 Pennes-Mirabeau et Marseille.<\/p>\n<p class=\"asset asset-text\">Malgr\u00e9 la violence et la rapidit\u00e9 des flammes, aucune victime humaine n\u2019a \u00e9t\u00e9 signal\u00e9e jusqu\u2019\u00e0 pr\u00e9sent. Une quarantaine de personnes ont \u00e9t\u00e9 trait\u00e9es par les secours, la plupart incommod\u00e9es par les fum\u00e9es, ainsi que 28 pompiers et 26 policiers, selon la pr\u00e9fecture.<\/p>\n","protected":false},"excerpt":{"rendered":"LUDOVIC MARIN \/ AFP Apr\u00e8s l\u2019incendie \u00e0 Marseille, le rappeur Jul apporte son soutien aux pompiers et aux&hellip;\n","protected":false},"author":2,"featured_media":239051,"comment_status":"","ping_status":"","sticky":false,"template":"","format":"standard","meta":{"footnotes":""},"categories":[2814],"tags":[1111,11,1777,674,1011,27,1310,1279,884,12,882,6198,25],"class_list":{"0":"post-239050","1":"post","2":"type-post","3":"status-publish","4":"format-standard","5":"has-post-thumbnail","7":"category-marseille","8":"tag-actu","9":"tag-actualites","10":"tag-eu","11":"tag-europe","12":"tag-fr","13":"tag-france","14":"tag-incendie","15":"tag-jul","16":"tag-marseille","17":"tag-news","18":"tag-provence-alpes-cote-dazur","19":"tag-rappeur","20":"tag-republique-francaise"},"share_on_mastodon":{"url":"https:\/\/pubeurope.com\/@fr\/114826657477267044","error":""},"_links":{"self":[{"href":"https:\/\/www.europesays.com\/fr\/wp-json\/wp\/v2\/posts\/239050","targetHints":{"allow":["GET"]}}],"collection":[{"href":"https:\/\/www.europesays.com\/fr\/wp-json\/wp\/v2\/posts"}],"about":[{"href":"https:\/\/www.europesays.com\/fr\/wp-json\/wp\/v2\/types\/post"}],"author":[{"embeddable":true,"href":"https:\/\/www.europesays.com\/fr\/wp-json\/wp\/v2\/users\/2"}],"replies":[{"embeddable":true,"href":"https:\/\/www.europesays.com\/fr\/wp-json\/wp\/v2\/comments?post=239050"}],"version-history":[{"count":0,"href":"https:\/\/www.europesays.com\/fr\/wp-json\/wp\/v2\/posts\/239050\/revisions"}],"wp:featuredmedia":[{"embeddable":true,"href":"https:\/\/www.europesays.com\/fr\/wp-json\/wp\/v2\/media\/239051"}],"wp:attachment":[{"href":"https:\/\/www.europesays.com\/fr\/wp-json\/wp\/v2\/media?parent=239050"}],"wp:term":[{"taxonomy":"category","embeddable":true,"href":"https:\/\/www.europesays.com\/fr\/wp-json\/wp\/v2\/categories?post=239050"},{"taxonomy":"post_tag","embeddable":true,"href":"https:\/\/www.europesays.com\/fr\/wp-json\/wp\/v2\/tags?post=239050"}],"curies":[{"name":"wp","href":"https:\/\/api.w.org\/{rel}","templated":true}]}}