{"id":239075,"date":"2025-07-10T03:01:10","date_gmt":"2025-07-10T03:01:10","guid":{"rendered":"https:\/\/www.europesays.com\/fr\/239075\/"},"modified":"2025-07-10T03:01:10","modified_gmt":"2025-07-10T03:01:10","slug":"toute-menace-extreme-sur-leurope-suscitera-une-reponse-conjointe-la-france-et-le-royaume-uni-prets-a-coordonner-leur-dissuasion-nucleaire","status":"publish","type":"post","link":"https:\/\/www.europesays.com\/fr\/239075\/","title":{"rendered":"Toute \u00ab\u00a0menace extr\u00eame\u00a0\u00bb sur l&rsquo;Europe suscitera \u00ab\u00a0une r\u00e9ponse conjointe\u00a0\u00bb: la France et le Royaume-Uni pr\u00eats \u00e0 \u00ab\u00a0coordonner\u00a0\u00bb leur dissuasion nucl\u00e9aire"},"content":{"rendered":"<p class=\"ap-StoryElement ap-StoryElement--mb js-paywall-target ap-StoryText\">Ils ajoutent \u00ab\u00a0qu&rsquo;il n&rsquo;existe aucune menace extr\u00eame sur l&rsquo;Europe qui ne susciterait une r\u00e9ponse des deux pays\u00a0\u00bb, sans pr\u00e9ciser la nature de cette r\u00e9ponse.<\/p>\n<p class=\"ap-StoryElement ap-StoryElement--mb ap-StoryText\">La souverainet\u00e9 sur la d\u00e9cision d&rsquo;engager le feu <a href=\"https:\/\/www.lalibre.be\/belgique\/societe\/2025\/05\/16\/nucleaire-en-belgique-cest-clair-que-lhiver-prochain-risque-detre-plus-difficile-que-les-autres-PLM464E2HJCXLKPJQVQ4LIF3AQ\/\" target=\"_blank\" rel=\"noopener\">nucl\u00e9aire <\/a>reste enti\u00e8re, mais \u00ab\u00a0tout adversaire mena\u00e7ant les int\u00e9r\u00eats vitaux du Royaume-Uni ou de la France pourrait \u00eatre confront\u00e9 \u00e0 la puissance des forces nucl\u00e9aires des deux nations\u00a0\u00bb, affirment les deux pays.<\/p>\n<p><a href=\"https:\/\/www.lalibre.be\/international\/europe\/2025\/07\/01\/un-bouclier-nucleaire-europeen-une-perspective-a-tres-long-terme-pour-lallemagne-CYML7ONNYRFERLETSEIKI6TJZU\/\" target=\"_blank\" rel=\"noopener noreferrer\" class=\"ap-StoryInterstitialLink ap-StoryElement ap-StoryElement--mb\">Un bouclier nucl\u00e9aire europ\u00e9en ? \u00ab\u00a0Une perspective \u00e0 tr\u00e8s long terme\u00a0\u00bb pour l&rsquo;Allemagne<\/a><\/p>\n<p class=\"ap-StoryElement ap-StoryElement--mb ap-StoryText\">Selon la pr\u00e9sidence fran\u00e7aise, \u00ab\u00a0un groupe de supervision nucl\u00e9aire\u00a0\u00bb, copr\u00e9sid\u00e9 par l&rsquo;\u00c9lys\u00e9e et le Cabinet Office britannique, sera charg\u00e9 de \u00ab\u00a0coordonner la coop\u00e9ration croissante dans le domaine de la politique, des capacit\u00e9s et des op\u00e9rations\u00a0\u00bb.<\/p>\n<p class=\"ap-StoryElement ap-StoryElement--mb ap-StoryText\">Cela fait 30 ans, depuis la d\u00e9claration conjointe dite de \u00ab\u00a0Chequers\u00a0\u00bb en 1995, que le Royaume-Uni et la France \u2013 seules puissances nucl\u00e9aires en Europe occidentale \u2013 n&rsquo;avaient pas fait \u00e9voluer le principe encadrant leur coop\u00e9ration en mati\u00e8re de dissuasion.<\/p>\n<p class=\"ap-StoryElement ap-StoryElement--mb ap-StoryText\">Celle-ci stipulait que les deux pays \u00ab\u00a0n&rsquo;imaginent pas de situation dans laquelle les int\u00e9r\u00eats vitaux de l&rsquo;un des deux pays [\u2026] pourraient \u00eatre menac\u00e9s sans que les int\u00e9r\u00eats vitaux de l&rsquo;autre le soient aussi\u00a0\u00bb. Mais sans \u00e9voquer la r\u00e9ponse mobilis\u00e9e en cas de menace.<\/p>\n<p class=\"ap-StoryElement ap-StoryElement--mb ap-StoryText\">Depuis, le contexte s\u00e9curitaire et militaire a chang\u00e9 en Europe, en particulier depuis l&rsquo;invasion russe de l&rsquo;Ukraine d\u00e9clench\u00e9e en 2022.<\/p>\n<p class=\"ap-StoryElement ap-StoryElement--mb ap-StoryText\">L&rsquo;incertitude sur l&rsquo;engagement des \u00c9tats-Unis vis-\u00e0-vis de leurs alli\u00e9s europ\u00e9ens et de <a href=\"https:\/\/www.lalibre.be\/debats\/opinions\/2025\/04\/16\/lotan-est-morte-est-les-dirigeants-europeens-sont-dans-le-deni-YSEEDWOYU5CRXBLA5AP5UBXD5Q\/\" target=\"_blank\" rel=\"noopener\">l&rsquo;Otan <\/a>sous la pr\u00e9sidence de Donald Trump a \u00e9galement pouss\u00e9 plusieurs pays \u00e0 s&rsquo;interroger sur la solidit\u00e9 de la garantie de s\u00e9curit\u00e9 am\u00e9ricaine.<\/p>\n<p class=\"ap-StoryElement ap-StoryElement--mb ap-StoryText\">Ce renforcement de la coop\u00e9ration en mati\u00e8re de d\u00e9fense promet d&rsquo;\u00eatre l&rsquo;annonce majeure du sommet bilat\u00e9ral franco-britannique que doivent pr\u00e9sider <a href=\"https:\/\/www.lalibre.be\/international\/europe\/2025\/06\/24\/le-royaume-uni-va-retablir-sa-dissuasion-nucleaire-aeroportee-dans-le-cadre-de-lotan-LZKN6PAUOFBMZA7HQTVJQYIJPE\/\" target=\"_blank\" rel=\"noopener\">Keir Starmer<\/a> et Emmanuel Macron jeudi \u00e0 Downing Street.<\/p>\n<p class=\"ap-StoryElement ap-StoryElement--mb ap-StoryText\">Ils doivent aussi annoncer une acc\u00e9l\u00e9ration du programme conjoint de missiles de croisi\u00e8re Scalp\/Storm Shadow et lancer la \u00ab\u00a0nouvelle phase\u00a0\u00bb de leur projet conjoint de futurs missiles de croisi\u00e8re et de missiles antinavires (FMC\/FMAN), selon Londres.<\/p>\n<p class=\"ap-StoryElement ap-StoryElement--mb ap-StoryText\">Les accords de coop\u00e9ration bilat\u00e9raux de Lancaster House en 2010 avaient ent\u00e9rin\u00e9 la cr\u00e9ation d&rsquo;une force exp\u00e9ditionnaire conjointe (CJEF) franco-britannique. Elle aura d\u00e9sormais vocation \u00e0 constituer le \u00ab\u00a0socle\u00a0\u00bb de la \u00ab\u00a0coalition des volontaires\u00a0\u00bb que Paris et Londres ont lanc\u00e9e d\u00e9but 2025, qui r\u00e9unit une trentaine de pays engag\u00e9s dans le renforcement des <a href=\"https:\/\/www.lalibre.be\/international\/europe\/guerre-ukraine-russie\/2025\/07\/03\/les-ukrainiens-sont-sous-le-choc-sans-cette-arme-essentielle-les-missiles-russes-detruiront-les-villes-ukrainiennes-FJ54WBF6IVFOBDP4WATFHIHBLI\/\" target=\"_blank\" rel=\"noopener\">capacit\u00e9s de d\u00e9fense de l&rsquo;Ukraine<\/a> et dans la garantie d&rsquo;un futur cessez-le-feu entre Kiev et Moscou.<\/p>\n<p class=\"ap-StoryElement ap-StoryElement--mb ap-StoryText\">Keir Starmer et Emmanuel Macron doivent d&rsquo;ailleurs pr\u00e9sider jeudi une r\u00e9union en visioconf\u00e9rence de la coalition, \u00e0 laquelle devraient participer des repr\u00e9sentants am\u00e9ricains, selon l&rsquo;\u00c9lys\u00e9e.<\/p>\n<p><a href=\"https:\/\/www.lalibre.be\/international\/europe\/2025\/06\/24\/le-parapluie-nucleaire-franco-britannique-peut-il-proteger-leurope-vous-ne-pouvez-pas-avoir-de-garantie-ultime-35XNAUL7TVHBPCTLCLNX5AXXSU\/\" target=\"_blank\" rel=\"noopener noreferrer\" class=\"ap-StoryInterstitialLink ap-StoryElement ap-StoryElement--mb\">Le parapluie nucl\u00e9aire franco-britannique peut-il prot\u00e9ger l&rsquo;Europe? \u00ab\u00a0Vous ne pouvez pas avoir de garantie ultime\u00a0\u00bb<\/a><\/p>\n","protected":false},"excerpt":{"rendered":"Ils ajoutent \u00ab\u00a0qu&rsquo;il n&rsquo;existe aucune menace extr\u00eame sur l&rsquo;Europe qui ne susciterait une r\u00e9ponse des deux pays\u00a0\u00bb, sans&hellip;\n","protected":false},"author":2,"featured_media":239076,"comment_status":"","ping_status":"","sticky":false,"template":"","format":"standard","meta":{"footnotes":""},"categories":[1586],"tags":[11,554,312,1073,1777,674,1011,27,6228,2581,12,5654,25],"class_list":{"0":"post-239075","1":"post","2":"type-post","3":"status-publish","4":"format-standard","5":"has-post-thumbnail","7":"category-europe","8":"tag-actualites","9":"tag-defense","10":"tag-diplomatie","11":"tag-emmanuel-macron","12":"tag-eu","13":"tag-europe","14":"tag-fr","15":"tag-france","16":"tag-gb","17":"tag-keir-starmer","18":"tag-news","19":"tag-nucleaire","20":"tag-republique-francaise"},"share_on_mastodon":{"url":"https:\/\/pubeurope.com\/@fr\/114826712366647991","error":""},"_links":{"self":[{"href":"https:\/\/www.europesays.com\/fr\/wp-json\/wp\/v2\/posts\/239075","targetHints":{"allow":["GET"]}}],"collection":[{"href":"https:\/\/www.europesays.com\/fr\/wp-json\/wp\/v2\/posts"}],"about":[{"href":"https:\/\/www.europesays.com\/fr\/wp-json\/wp\/v2\/types\/post"}],"author":[{"embeddable":true,"href":"https:\/\/www.europesays.com\/fr\/wp-json\/wp\/v2\/users\/2"}],"replies":[{"embeddable":true,"href":"https:\/\/www.europesays.com\/fr\/wp-json\/wp\/v2\/comments?post=239075"}],"version-history":[{"count":0,"href":"https:\/\/www.europesays.com\/fr\/wp-json\/wp\/v2\/posts\/239075\/revisions"}],"wp:featuredmedia":[{"embeddable":true,"href":"https:\/\/www.europesays.com\/fr\/wp-json\/wp\/v2\/media\/239076"}],"wp:attachment":[{"href":"https:\/\/www.europesays.com\/fr\/wp-json\/wp\/v2\/media?parent=239075"}],"wp:term":[{"taxonomy":"category","embeddable":true,"href":"https:\/\/www.europesays.com\/fr\/wp-json\/wp\/v2\/categories?post=239075"},{"taxonomy":"post_tag","embeddable":true,"href":"https:\/\/www.europesays.com\/fr\/wp-json\/wp\/v2\/tags?post=239075"}],"curies":[{"name":"wp","href":"https:\/\/api.w.org\/{rel}","templated":true}]}}