{"id":239099,"date":"2025-07-10T03:18:14","date_gmt":"2025-07-10T03:18:14","guid":{"rendered":"https:\/\/www.europesays.com\/fr\/239099\/"},"modified":"2025-07-10T03:18:14","modified_gmt":"2025-07-10T03:18:14","slug":"secret-2025-mission-bromance-pour-mayer-et-adrien-secret-story","status":"publish","type":"post","link":"https:\/\/www.europesays.com\/fr\/239099\/","title":{"rendered":"Secret 2025 &#8211; Mission Bromance pour Mayer et Adrien &#8211; Secret Story"},"content":{"rendered":"<p id=\"descriptionPanel\" aria-labelledby=\"descriptionArrow\" aria-expanded=\"false\" class=\"text-secondary mr-2 line-clamp-2 pr-2.5 overflow-visible\">Pendant la soir\u00e9e \u00ab\u00a0Secret Summer\u00a0\u00bb, La Voix confie une mission sp\u00e9ciale \u00e0 Mayer : il doit simuler une amiti\u00e9 de longue date avec Adrien, en jouant le r\u00f4le de confidents de toujours. Ils doivent \u00e9changer des anecdotes de vacances, raconter des histoires d&rsquo;amour pass\u00e9es, et inventer des d\u00e9tails plus insolites les uns que les autres pour r\u00e9ussir la mission. \u00c0 la cl\u00e9, 1000\u20ac chacun. Ce rapprochement n&rsquo;\u00e9chappe pas \u00e0 Pimprenelle, qui se sent trahie en voyant Adrien rejoindre le camp oppos\u00e9, surtout apr\u00e8s leur r\u00e9cente rupture. L&rsquo;atmosph\u00e8re promet d&rsquo;\u00eatre \u00e9lectrique, avec des alliances et des tensions qui se renouvellent sans cesse.  Extrait de Secret Story 2025 \u2013 Quotidienne du 09 juillet 2025<br \/>En savoir plus sur <a class=\"text-white hover:text-blue-500\" href=\"https:\/\/www.tf1.fr\/dossier\/adrien-secret-story-2025-32674291\" target=\"_blank\" rel=\"noopener\">Adrien<\/a>, <a class=\"text-white hover:text-blue-500\" href=\"https:\/\/www.tf1.fr\/dossier\/christophe-beaugrand\" target=\"_blank\" rel=\"noopener\">Christophe Beaugrand<\/a> ou <a class=\"text-white hover:text-blue-500\" href=\"https:\/\/www.tf1.fr\/dossier\/mayer-secret-story-2025-05398248\" target=\"_blank\" rel=\"noopener\">Mayer<\/a><\/p>\n<p><a class=\"shrink-0\" href=\"https:\/\/www.tf1.fr\/tf1\/secret-story\" target=\"_blank\" rel=\"noopener\"><img decoding=\"async\" src=\"https:\/\/www.europesays.com\/fr\/wp-content\/uploads\/2025\/07\/program-card-portrait-1-secret-nominations-04-7737c5-91b0e8-0@1x.jpg\" width=\"138\" height=\"184\" alt=\"\" loading=\"eager\" fetchpriority=\"auto\" class=\"rounded-3px aspect-[3\/4] h-24 w-auto\" aria-hidden=\"true\"\/><\/a><\/p>\n","protected":false},"excerpt":{"rendered":"Pendant la soir\u00e9e \u00ab\u00a0Secret Summer\u00a0\u00bb, La Voix confie une mission sp\u00e9ciale \u00e0 Mayer : il doit simuler une&hellip;\n","protected":false},"author":2,"featured_media":239100,"comment_status":"","ping_status":"","sticky":false,"template":"","format":"standard","meta":{"footnotes":""},"categories":[1356],"tags":[58,59,3483,32202,1011,27,29901,32203,32205,252,1364,32206,32204],"class_list":{"0":"post-239099","1":"post","2":"type-post","3":"status-publish","4":"format-standard","5":"has-post-thumbnail","7":"category-television","8":"tag-divertissement","9":"tag-entertainment","10":"tag-extrait","11":"tag-extrait-secret-story","12":"tag-fr","13":"tag-france","14":"tag-secret-story","15":"tag-secret-story-extrait","16":"tag-streaming-secret-story","17":"tag-television","18":"tag-tv","19":"tag-video-en-streaming-secret-story","20":"tag-video-secret-story"},"share_on_mastodon":{"url":"https:\/\/pubeurope.com\/@fr\/114826779427257162","error":""},"_links":{"self":[{"href":"https:\/\/www.europesays.com\/fr\/wp-json\/wp\/v2\/posts\/239099","targetHints":{"allow":["GET"]}}],"collection":[{"href":"https:\/\/www.europesays.com\/fr\/wp-json\/wp\/v2\/posts"}],"about":[{"href":"https:\/\/www.europesays.com\/fr\/wp-json\/wp\/v2\/types\/post"}],"author":[{"embeddable":true,"href":"https:\/\/www.europesays.com\/fr\/wp-json\/wp\/v2\/users\/2"}],"replies":[{"embeddable":true,"href":"https:\/\/www.europesays.com\/fr\/wp-json\/wp\/v2\/comments?post=239099"}],"version-history":[{"count":0,"href":"https:\/\/www.europesays.com\/fr\/wp-json\/wp\/v2\/posts\/239099\/revisions"}],"wp:featuredmedia":[{"embeddable":true,"href":"https:\/\/www.europesays.com\/fr\/wp-json\/wp\/v2\/media\/239100"}],"wp:attachment":[{"href":"https:\/\/www.europesays.com\/fr\/wp-json\/wp\/v2\/media?parent=239099"}],"wp:term":[{"taxonomy":"category","embeddable":true,"href":"https:\/\/www.europesays.com\/fr\/wp-json\/wp\/v2\/categories?post=239099"},{"taxonomy":"post_tag","embeddable":true,"href":"https:\/\/www.europesays.com\/fr\/wp-json\/wp\/v2\/tags?post=239099"}],"curies":[{"name":"wp","href":"https:\/\/api.w.org\/{rel}","templated":true}]}}