{"id":239107,"date":"2025-07-10T03:24:13","date_gmt":"2025-07-10T03:24:13","guid":{"rendered":"https:\/\/www.europesays.com\/fr\/239107\/"},"modified":"2025-07-10T03:24:13","modified_gmt":"2025-07-10T03:24:13","slug":"un-drone-performant-et-compact-au-meilleur-prix-2","status":"publish","type":"post","link":"https:\/\/www.europesays.com\/fr\/239107\/","title":{"rendered":"un drone performant et compact au meilleur prix\u00a0!"},"content":{"rendered":"<p>                    <b>Un drone compact \u00e0 glisser dans les sacs est un alli\u00e9 de choix pour ramener des images qui se d\u00e9marquent. Une promotion du Prime Day permet aujourd&rsquo;hui de s&rsquo;offrir l&rsquo;excellent DJI Mini 4 Pro \u00e0 un meilleur tarif.<\/b><\/p>\n<p>                                                                                                                                                        <img decoding=\"async\" src=\"https:\/\/www.europesays.com\/fr\/wp-content\/uploads\/2025\/07\/2273e8096f_dji-mini-4-pro-prix-le-plus-bas-pas-cher-promo-prime-day.webp.webp\" alt=\"DJI Mini 4 Pro prix le plus bas pas cher promo Prime Day\" width=\"1200\" height=\"717\" loading=\"lazy\"\/>        <\/p>\n<p>DJI Mini 4 Pro<\/p>\n<p>Le DJI Mini 4 Pro embarque un capteur CMOS 48 m\u00e9gapixels de 1\/1,3\u00a0pouce ouvrant \u00e0 f\/1,7 et offrant <b>des enregistrements en 4K HDR \u00e0 60 images par seconde, ainsi que des prises de vue au ralenti en 4K\/100\u00a0ips<\/b> et des clich\u00e9s en RAW 48MP. L&rsquo;appareil est compatible avec les vid\u00e9os verticales pour le partage sur les r\u00e9seaux sociaux et le constructeur indique que les pixels de 2,4\u00a0\u03bcm\u00b2 coupl\u00e9s aux algorithmes de r\u00e9duction du bruit offrent des s\u00e9quences de nuit plus nettes, y compris dans des conditions de tr\u00e8s faible luminosit\u00e9. Un zoom num\u00e9rique x2 pour les clich\u00e9s et x4 pour les vid\u00e9os est \u00e9galement de la partie, ainsi que l&rsquo;enregistrement en D-Log\u00a0M 10\u00a0bits.<\/p>\n<p>                                                                                                                                                        <img decoding=\"async\" src=\"https:\/\/www.europesays.com\/fr\/wp-content\/uploads\/2025\/07\/d5a82d5386_dji-presente-le-mini-4-pro-le-drone-compact-ultime.webp.webp\" alt=\"Le DJI Mini 4 Pro \u00e0 -26% pour le Prime Day\u00a0: un drone performant et compact au meilleur prix\u00a0!\" width=\"1200\" height=\"712\" loading=\"lazy\"\/>        <\/p>\n<p>D\u00e9tection d&rsquo;obstacles omnidirectionnelle<\/p>\n<p><b>Les plus maladroits ou les pilotes casse-cou seront ravis de disposer de la d\u00e9tection d&rsquo;obstacles omnidirectionnelle<\/b> gr\u00e2ce \u00e0 plusieurs capteurs grand-angle et \u00e0 une paire de capteurs orient\u00e9s vers le bas, le tout coupl\u00e9 au syst\u00e8me d\u2019assistance avanc\u00e9e au pilote (APAS) permettant de freiner et d&rsquo;\u00e9viter automatiquement les \u00e9cueils (et les \u00e9cureuils). En option, il sera envisageable d&rsquo;opter pour l&rsquo;objectif grand angle et un jeu de filtres ND (ND16\/64\/256).<\/p>\n<p><b>La technologie DJI\u00a0O4 permet un contr\u00f4le ultra-r\u00e9actif et une transmission vid\u00e9o en 1\u00a0080p\/60\u00a0ips fluide sur des distances maximales de 20\u00a0km<\/b> (selon la l\u00e9gislation). L&rsquo;autonomie n&rsquo;a pas \u00e9t\u00e9 oubli\u00e9e avec jusqu&rsquo;\u00e0 34 minutes de vol avec la batterie de base et jusqu&rsquo;\u00e0 45 minutes avec la batterie de Vol Intelligente Plus (attention, l&rsquo;appareil d\u00e9passe alors le 249 grammes). Les diff\u00e9rents modes qui ont fait le succ\u00e8s de DJI sont bien entendu reconduits, dont les Mastershots, Quickshots, Hyperlapse, ou Panorama, et le mode QuickTrasnfer permettra de transf\u00e9rer le contenu vers le smartphone sans connecter la t\u00e9l\u00e9commande.<\/p>\n","protected":false},"excerpt":{"rendered":"Un drone compact \u00e0 glisser dans les sacs est un alli\u00e9 de choix pour ramener des images qui&hellip;\n","protected":false},"author":2,"featured_media":235881,"comment_status":"","ping_status":"","sticky":false,"template":"","format":"standard","meta":{"footnotes":""},"categories":[7],"tags":[37475,37476,564,1011,27,43,40,41,39,42,44],"class_list":{"0":"post-239107","1":"post","2":"type-post","3":"status-publish","4":"format-standard","5":"has-post-thumbnail","7":"category-sciences-et-technologies","8":"tag-dji","9":"tag-djimini4pro","10":"tag-drone","11":"tag-fr","12":"tag-france","13":"tag-science","14":"tag-science-and-technology","15":"tag-sciences","16":"tag-sciences-et-technologies","17":"tag-technologies","18":"tag-technology"},"share_on_mastodon":{"url":"https:\/\/pubeurope.com\/@fr\/114826802966813402","error":""},"_links":{"self":[{"href":"https:\/\/www.europesays.com\/fr\/wp-json\/wp\/v2\/posts\/239107","targetHints":{"allow":["GET"]}}],"collection":[{"href":"https:\/\/www.europesays.com\/fr\/wp-json\/wp\/v2\/posts"}],"about":[{"href":"https:\/\/www.europesays.com\/fr\/wp-json\/wp\/v2\/types\/post"}],"author":[{"embeddable":true,"href":"https:\/\/www.europesays.com\/fr\/wp-json\/wp\/v2\/users\/2"}],"replies":[{"embeddable":true,"href":"https:\/\/www.europesays.com\/fr\/wp-json\/wp\/v2\/comments?post=239107"}],"version-history":[{"count":0,"href":"https:\/\/www.europesays.com\/fr\/wp-json\/wp\/v2\/posts\/239107\/revisions"}],"wp:featuredmedia":[{"embeddable":true,"href":"https:\/\/www.europesays.com\/fr\/wp-json\/wp\/v2\/media\/235881"}],"wp:attachment":[{"href":"https:\/\/www.europesays.com\/fr\/wp-json\/wp\/v2\/media?parent=239107"}],"wp:term":[{"taxonomy":"category","embeddable":true,"href":"https:\/\/www.europesays.com\/fr\/wp-json\/wp\/v2\/categories?post=239107"},{"taxonomy":"post_tag","embeddable":true,"href":"https:\/\/www.europesays.com\/fr\/wp-json\/wp\/v2\/tags?post=239107"}],"curies":[{"name":"wp","href":"https:\/\/api.w.org\/{rel}","templated":true}]}}