{"id":239112,"date":"2025-07-10T03:27:12","date_gmt":"2025-07-10T03:27:12","guid":{"rendered":"https:\/\/www.europesays.com\/fr\/239112\/"},"modified":"2025-07-10T03:27:12","modified_gmt":"2025-07-10T03:27:12","slug":"mort-du-depute-olivier-marleix-ce-que-revele-lautopsie-ses-obseques-vendredi-a-anet","status":"publish","type":"post","link":"https:\/\/www.europesays.com\/fr\/239112\/","title":{"rendered":"Mort du d\u00e9put\u00e9 Olivier Marleix, ce que r\u00e9v\u00e8le l&rsquo;autopsie, ses obs\u00e8ques vendredi \u00e0 Anet"},"content":{"rendered":"<p>            Par<br \/>\n        <strong><br \/>\n            <a href=\"https:\/\/actu.fr\/auteur\/laurent-rebours\" title=\"Consulter tous les articles de Laurent REBOURS\" rel=\"nofollow noopener\" target=\"_blank\">Laurent REBOURS<\/a><br \/>\n        <\/strong><\/p>\n<p>        Publi\u00e9 le<\/p>\n<p>            9 juil. 2025 \u00e0 19h55        <\/p>\n<p>Terrible d\u00e9couverte ce <strong>lundi 7 juillet 2025<\/strong> dans la petite commune d\u2019<strong>Anet<\/strong> (<a href=\"https:\/\/actu.fr\/centre-val-de-loire\/eure-et-loir_28\" rel=\"nofollow noopener\" target=\"_blank\">Eure-et-Loir<\/a>) avec le corps inanim\u00e9 du d\u00e9put\u00e9 de la deuxi\u00e8me circonscription <a href=\"https:\/\/actu.fr\/politique\/le-depute-olivier-marleix-est-mort-l-ancien-chef-des-republicains-a-l-assemblee-a-mis-fin-a-ses-jours_62879091.html\" rel=\"nofollow noopener\" target=\"_blank\">Olivier Marleix<\/a>. A l\u2019\u00e9tage de sa maison il est retrouv\u00e9 pendu.<\/p>\n<p class=\" wall-content\">Une d\u00e9couverte qui a plong\u00e9 l\u2019ensemble de la <a href=\"https:\/\/actu.fr\/faits-divers\/mort-d-olivier-marleix-la-classe-politique-d-eure-et-loir-en-complete-sideration-les-drapeaux-en-berne_62882735.html\" rel=\"nofollow noopener\" target=\"_blank\">classe politique dans l\u2019\u00e9motion<\/a>, tout sp\u00e9cialement ceux qui le c\u00f4toyaient de tr\u00e8s longue date en Eure-et-Loir. Une autopsie a \u00e9t\u00e9 pratiqu\u00e9e ce mercredi 9 juillet 2025 et le Parquet en d\u00e9voile les conclusions.<\/p>\n<p>Une autopsie pratiqu\u00e9e \u00e0 Rouen<\/p>\n<p class=\" wall-content\">Des <strong>techniciens en investigations criminelles<\/strong> ont proc\u00e9d\u00e9 aux premi\u00e8re constatations. \u00ab\u00a0Un m\u00e9decin l\u00e9giste de l\u2019Institut m\u00e9dico-l\u00e9gal de Rouen (Seine-Maritime) s\u2019est rendu sur les lieux afin de proc\u00e9der \u00e0 la lev\u00e9e de corps de Monsieur Marleix\u00a0\u00bb avait pu indiquer le procureur de la R\u00e9publique de Chartres, Fr\u00e9d\u00e9ric Chevallier.<\/p>\n<p class=\" wall-content\">Au terme de ces <a href=\"https:\/\/actu.fr\/centre-val-de-loire\/chartres_28085\/mort-d-olivier-marleix-le-parquet-de-chartres-revient-sur-le-deroulement-des-investigations_62880898.html\" rel=\"nofollow noopener\" target=\"_blank\">premi\u00e8res investigations<\/a> et constatations m\u00e9dico-l\u00e9gales, \u00ab\u00a0il peut \u00eatre exclu l\u2019intervention d\u2019un tiers dans la survenance de la mort du d\u00e9put\u00e9, la piste du suicide \u00e9tant par cons\u00e9quent privil\u00e9gi\u00e9e\u00a0\u00bb avait indiqu\u00e9 \u00e0 titre provisoire le repr\u00e9sentant du Parquet. Une conclusion qui devait \u00eatre confirm\u00e9e par <strong>l\u2019autopsie du corps<\/strong> ce mercredi matin \u00e0 l\u2019IML de <strong>Rouen<\/strong>.<\/p>\n<p>Un d\u00e9c\u00e8s par asphyxie, pas de signe de violence<\/p>\n<p class=\" wall-content\">Dans l\u2019apr\u00e8s-midi, Fr\u00e9d\u00e9ric Chevallier a d\u00e9voil\u00e9 les r\u00e9sultats de ces constatations m\u00e9dico-l\u00e9gales \u00e0 nos confr\u00e8res de l\u2019AFP comme le rapporte <a href=\"https:\/\/www.lefigaro.fr\/faits-divers\/mort-d-olivier-marleix-les-obseques-auront-lieu-vendredi-a-anet-eure-et-loir-20250709\" rel=\"nofollow noopener\" target=\"_blank\">Le Figaro<\/a>. L\u2019autopsie confirme \u00ab\u00a0la th\u00e8se du suicide. Les constatations des m\u00e9decins convergent vers un diagnostic fond\u00e9 sur les cons\u00e9quences d\u2019<strong>une asphyxie caus\u00e9e par la pendaison<\/strong>\u00bb.<\/p>\n<p>Vid\u00e9os : en ce moment sur Actu<\/p>\n<p class=\" wall-content\">Par ailleurs \u00ab\u00a0<strong>aucun signe de violence interne ou externe au corps n\u2019a \u00e9t\u00e9 constat\u00e9<\/strong>\u00ab\u00a0.<\/p>\n<p class=\" wall-content\">Le corps du d\u00e9put\u00e9 a \u00e9t\u00e9 rendu \u00e0 sa famille en vue des obs\u00e8ques pr\u00e9vues <strong>vendredi 11 juillet 2025<\/strong> \u00e0 15 h \u00e0 Anet.<\/p>\n<p class=\" wall-content\">Comme l\u2019avait pr\u00e9c\u00e9demment indiqu\u00e9 le procureur de la R\u00e9publique <strong>les investigations vont se poursuivre<\/strong> avec des analyses toxicologiques et par des auditions de \u00ab\u00a0t\u00e9moins qui vont encore \u00eatre entendus\u00a0\u00bb indiquent par ailleurs nos confr\u00e8res de <a href=\"https:\/\/www.lechorepublicain.fr\/anet-28260\/faits-divers\/mort-du-depute-eurelien-olivier-marleix-voici-ce-que-revele-l-autopsie_14718806\/\" rel=\"nofollow noopener\" target=\"_blank\">l\u2019Echo r\u00e9publicain<\/a>.<\/p>\n<p class=\" wall-content\">Investigations \u00e9galement avec \u00ab\u00a0l\u2019examen d\u2019un t\u00e9l\u00e9phone et des ordinateurs qui ont \u00e9t\u00e9 saisis, afin de pouvoir retracer les derni\u00e8res conversations ou \u00e9changes de Monsieur Marleix et de comprendre le ou les motifs de ce passage \u00e0 l\u2019acte dramatique \u00bb .<\/p>\n<p class=\" wall-content\">Suivez toute l\u2019actualit\u00e9 de vos villes et m\u00e9dias favoris en vous inscrivant \u00e0 <a href=\"https:\/\/moncompte.actu.fr\" title=\"D\u00e9couvez Mon Actu\" rel=\"nofollow noopener\" data-trk=\"{&quot;cta&quot;:{&quot;action&quot;:&quot;https:\\\/\\\/moncompte.actu.fr&quot;,&quot;category&quot;:&quot;mon compte&quot;,&quot;from&quot;:&quot;article footer&quot;,&quot;name&quot;:&quot;Mon actu&quot;,&quot;type&quot;:&quot;cta&quot;}}\" target=\"_blank\">Mon Actu<\/a>.<\/p>\n","protected":false},"excerpt":{"rendered":"Par Laurent REBOURS Publi\u00e9 le 9 juil. 2025 \u00e0 19h55 Terrible d\u00e9couverte ce lundi 7 juillet 2025 dans&hellip;\n","protected":false},"author":2,"featured_media":239113,"comment_status":"","ping_status":"","sticky":false,"template":"","format":"standard","meta":{"footnotes":""},"categories":[4],"tags":[11,416,118,1011,27,3381,303,12,25],"class_list":{"0":"post-239112","1":"post","2":"type-post","3":"status-publish","4":"format-standard","5":"has-post-thumbnail","7":"category-france","8":"tag-actualites","9":"tag-assemblee-nationale","10":"tag-faits-divers","11":"tag-fr","12":"tag-france","13":"tag-gendarmerie","14":"tag-justice","15":"tag-news","16":"tag-republique-francaise"},"share_on_mastodon":{"url":"https:\/\/pubeurope.com\/@fr\/114826814689655872","error":""},"_links":{"self":[{"href":"https:\/\/www.europesays.com\/fr\/wp-json\/wp\/v2\/posts\/239112","targetHints":{"allow":["GET"]}}],"collection":[{"href":"https:\/\/www.europesays.com\/fr\/wp-json\/wp\/v2\/posts"}],"about":[{"href":"https:\/\/www.europesays.com\/fr\/wp-json\/wp\/v2\/types\/post"}],"author":[{"embeddable":true,"href":"https:\/\/www.europesays.com\/fr\/wp-json\/wp\/v2\/users\/2"}],"replies":[{"embeddable":true,"href":"https:\/\/www.europesays.com\/fr\/wp-json\/wp\/v2\/comments?post=239112"}],"version-history":[{"count":0,"href":"https:\/\/www.europesays.com\/fr\/wp-json\/wp\/v2\/posts\/239112\/revisions"}],"wp:featuredmedia":[{"embeddable":true,"href":"https:\/\/www.europesays.com\/fr\/wp-json\/wp\/v2\/media\/239113"}],"wp:attachment":[{"href":"https:\/\/www.europesays.com\/fr\/wp-json\/wp\/v2\/media?parent=239112"}],"wp:term":[{"taxonomy":"category","embeddable":true,"href":"https:\/\/www.europesays.com\/fr\/wp-json\/wp\/v2\/categories?post=239112"},{"taxonomy":"post_tag","embeddable":true,"href":"https:\/\/www.europesays.com\/fr\/wp-json\/wp\/v2\/tags?post=239112"}],"curies":[{"name":"wp","href":"https:\/\/api.w.org\/{rel}","templated":true}]}}