{"id":239119,"date":"2025-07-10T03:32:12","date_gmt":"2025-07-10T03:32:12","guid":{"rendered":"https:\/\/www.europesays.com\/fr\/239119\/"},"modified":"2025-07-10T03:32:12","modified_gmt":"2025-07-10T03:32:12","slug":"victime-de-violences-conjugales-elle-participe-a-une-session-de-justice-restaurative","status":"publish","type":"post","link":"https:\/\/www.europesays.com\/fr\/239119\/","title":{"rendered":"victime de violences conjugales, elle participe \u00e0 une session de justice restaurative"},"content":{"rendered":"<p>Au d\u00e9but, ses deux enfants n\u2019ont pas compris sa d\u00e9marche, \u00e0 Suzanne*\u00a0: rencontrer des hommes violents, dans quel but\u00a0?<\/p>\n<p>Les questions ont fus\u00e9, comme des accusations\u00a0: est-ce qu\u2019elle voulait excuser des maris qui battent leur femme et des p\u00e8res qui cognent leurs gosses\u00a0? \u00c0 leurs yeux, leur m\u00e8re \u00e9tait une tra\u00eetre, voil\u00e0. \u00ab\u00a0Ils n\u2019entendaient pas que je puisse communiquer avec des gens qui avaient fait la m\u00eame chose\u00a0\u00bb, raconte-t-elle, assise dans son canap\u00e9, les volets ferm\u00e9s.<\/p>\n<p>Une premi\u00e8re dans le d\u00e9partement<\/p>\n<p>\u00ab\u00a0La m\u00eame chose\u00a0\u00bb, il faut l\u2019expliquer pour comprendre la suite de l\u2019histoire. Pendant plusieurs ann\u00e9es, Suzanne a \u00e9t\u00e9 victime de <a href=\"https:\/\/www.estrepublicain.fr\/faits-divers-justice\/2025\/06\/25\/violences-conjugales-coups-de-chaud-dans-la-metropole\" target=\"_blank\" rel=\"noopener\">violences conjugales<\/a> \u00a0: tentative de meurtre, s\u00e9questration, menaces de mort. Ses enfants aussi ont subi ces violences, de la part du m\u00eame bourreau\u00a0: leur p\u00e8re \u00e0 eux, son ex-mari \u00e0 elle. Voil\u00e0 pourquoi elle a h\u00e9sit\u00e9 \u00e0 se lancer dans ce projet. \u00ab\u00a0Je voulais qu\u2019ils adh\u00e8rent, qu\u2019ils me suivent.\u00a0\u00bb<\/p>\n<p>\u00ab\u00a0J\u2019\u00e9tais persuad\u00e9e qu\u2019on pouvait rencontrer de l\u2019humain derri\u00e8re&#8230;                        <\/p>\n","protected":false},"excerpt":{"rendered":"Au d\u00e9but, ses deux enfants n\u2019ont pas compris sa d\u00e9marche, \u00e0 Suzanne*\u00a0: rencontrer des hommes violents, dans quel&hellip;\n","protected":false},"author":2,"featured_media":239120,"comment_status":"","ping_status":"","sticky":false,"template":"","format":"standard","meta":{"footnotes":""},"categories":[9635],"tags":[1111,11,271,272,3602,1707,1704,1706,1705,10174,1777,674,274,1011,27,775,3457,1702,1703,12,25,801,104],"class_list":{"0":"post-239119","1":"post","2":"type-post","3":"status-publish","4":"format-standard","5":"has-post-thumbnail","7":"category-nancy","8":"tag-actu","9":"tag-actualites","10":"tag-crime","11":"tag-delit-et-contravention","12":"tag-edition-bar-le-duc","13":"tag-edition-luneville","14":"tag-edition-nancy-et-agglomeration","15":"tag-edition-pont-a-mousson","16":"tag-edition-toul","17":"tag-edition-verdun","18":"tag-eu","19":"tag-europe","20":"tag-faits-divers-justice","21":"tag-fr","22":"tag-france","23":"tag-grand-est","24":"tag-meurthe-et-moselle","25":"tag-nancy","26":"tag-nancy-ville-54b","27":"tag-news","28":"tag-republique-francaise","29":"tag-social","30":"tag-societe"},"share_on_mastodon":{"url":"https:\/\/pubeurope.com\/@fr\/114826834245658680","error":""},"_links":{"self":[{"href":"https:\/\/www.europesays.com\/fr\/wp-json\/wp\/v2\/posts\/239119","targetHints":{"allow":["GET"]}}],"collection":[{"href":"https:\/\/www.europesays.com\/fr\/wp-json\/wp\/v2\/posts"}],"about":[{"href":"https:\/\/www.europesays.com\/fr\/wp-json\/wp\/v2\/types\/post"}],"author":[{"embeddable":true,"href":"https:\/\/www.europesays.com\/fr\/wp-json\/wp\/v2\/users\/2"}],"replies":[{"embeddable":true,"href":"https:\/\/www.europesays.com\/fr\/wp-json\/wp\/v2\/comments?post=239119"}],"version-history":[{"count":0,"href":"https:\/\/www.europesays.com\/fr\/wp-json\/wp\/v2\/posts\/239119\/revisions"}],"wp:featuredmedia":[{"embeddable":true,"href":"https:\/\/www.europesays.com\/fr\/wp-json\/wp\/v2\/media\/239120"}],"wp:attachment":[{"href":"https:\/\/www.europesays.com\/fr\/wp-json\/wp\/v2\/media?parent=239119"}],"wp:term":[{"taxonomy":"category","embeddable":true,"href":"https:\/\/www.europesays.com\/fr\/wp-json\/wp\/v2\/categories?post=239119"},{"taxonomy":"post_tag","embeddable":true,"href":"https:\/\/www.europesays.com\/fr\/wp-json\/wp\/v2\/tags?post=239119"}],"curies":[{"name":"wp","href":"https:\/\/api.w.org\/{rel}","templated":true}]}}