{"id":239190,"date":"2025-07-10T04:18:09","date_gmt":"2025-07-10T04:18:09","guid":{"rendered":"https:\/\/www.europesays.com\/fr\/239190\/"},"modified":"2025-07-10T04:18:09","modified_gmt":"2025-07-10T04:18:09","slug":"rugby-scapulaire-maxime-lucu-on-sest-rapproche-de-certains-mecs-pour-quils-prennent-un-peu-plus-de-responsabilites-et-leur-dire-quon-avait-besoin-deux","status":"publish","type":"post","link":"https:\/\/www.europesays.com\/fr\/239190\/","title":{"rendered":"Rugby Scapulaire &#8211; Maxime Lucu : \u00ab\u00a0On s\u2019est rapproch\u00e9 de certains mecs pour qu\u2019ils prennent un peu plus de responsabilit\u00e9s et leur dire qu\u2019on avait besoin d\u2019eux\u00a0\u00bb"},"content":{"rendered":"<p>\u00a0<\/p>\n<p>Interrog\u00e9 par <a href=\"https:\/\/www.rugbyrama.fr\/2025\/07\/02\/je-me-preparais-en-silence-des-critiques-a-la-gloire-maxime-lucu-raconte-sa-renaissance-12801206.php\" rel=\"nofollow noopener\" target=\"_blank\"><br \/>\nMidi Olympique<\/a>, notre demi de m\u00eal\u00e9e, <strong>Maxime<br \/>\nLucu<\/strong>, est revenu sur son r\u00f4le de leader au sein de<br \/>\nl\u2019effectif de l\u2019Union Bordeaux-B\u00e8gles cette saison :<\/p>\n<blockquote>\n<p>\u201cC\u2019\u00e9tait d\u00e9j\u00e0 d\u2019apprendre de la saison d\u2019avant, parce qu\u2019elle<br \/>\n\u00e9tait riche d\u2019enseignements, parce qu\u2019on d\u00e9couvrait avec ce<br \/>\ngroupe-l\u00e0 et ce staff-l\u00e0 des matchs de phases finales, des matchs<br \/>\nde haut niveau, notre premi\u00e8re finale. Il fallait analyser tout ce<br \/>\nqui n\u2019avait pas march\u00e9 et pourquoi nous avions connu ce gros \u00e9chec.<br \/>\nDans ces cas-l\u00e0, on fait appel toujours \u00e0 nous, les leaders, pour<br \/>\navoir nos ressentis. On est all\u00e9 chercher beaucoup de choses en<br \/>\nprofondeur. La finale refl\u00e9tait nos passages n\u00e9gatifs de la saison,<br \/>\no\u00f9 on aurait pu r\u00e9cup\u00e9rer des points bien plus facilement, se<br \/>\nmettre un peu moins en danger. On est all\u00e9 chercher une<br \/>\nqualification pratiquement au dernier moment, avec un barrage \u00e0 la<br \/>\nmaison. Nous avons d\u00e9cid\u00e9 de nous focaliser sur le d\u00e9but de saison<br \/>\npour essayer d\u2019avoir le maximum de points car chaque journ\u00e9e<br \/>\ncompte, m\u00eame la premi\u00e8re. Donc on a beaucoup parl\u00e9 de \u00e7a. En tant<br \/>\nque leader, on a aussi demand\u00e9 qu\u2019on ait un peu plus de pr\u00e9sence<br \/>\naussi de la part des joueurs. On ne pouvait pas, que ce soit les<br \/>\ncapitaines ou les vice-capitaines, \u00eatre forc\u00e9ment tout le temps \u00e0<br \/>\n100\u2005% ou \u00eatre constamment d\u00e9positaires du jeu. Donc on avait besoin<br \/>\naussi d\u2019appuis \u00e0 certains postes, \u00e0 certains moments. Et c\u2019est vrai<br \/>\nqu\u2019on s\u2019est rapproch\u00e9 de certains mecs pour qu\u2019ils prennent un peu<br \/>\nplus de responsabilit\u00e9s et leur dire qu\u2019on avait besoin d\u2019eux.<br \/>\nC\u2019est ce fonctionnement de 8, 9, 10 leaders qui nous a permis de<br \/>\nbien revenir. C\u2019\u00e9tait le travail effectu\u00e9 pendant l\u2019\u00e9t\u00e9 pour<br \/>\ncommencer un d\u00e9but de championnat face aux \u00e9quipes qu\u2019on avait<br \/>\njou\u00e9es en phase finale, \u00e0 savoir le Stade fran\u00e7ais, le Racing et<br \/>\nToulouse sur les 4 premi\u00e8res journ\u00e9es. Donc il fallait qu\u2019on ait un<br \/>\nd\u00e9part canon\u201d.<\/p>\n<\/blockquote>\n","protected":false},"excerpt":{"rendered":"\u00a0 Interrog\u00e9 par Midi Olympique, notre demi de m\u00eal\u00e9e, Maxime Lucu, est revenu sur son r\u00f4le de leader&hellip;\n","protected":false},"author":2,"featured_media":239191,"comment_status":"","ping_status":"","sticky":false,"template":"","format":"standard","meta":{"footnotes":""},"categories":[1416],"tags":[1011,27,479,1468,60],"class_list":{"0":"post-239190","1":"post","2":"type-post","3":"status-publish","4":"format-standard","5":"has-post-thumbnail","7":"category-rugby","8":"tag-fr","9":"tag-france","10":"tag-rugby","11":"tag-rugby-football","12":"tag-sports"},"share_on_mastodon":{"url":"https:\/\/pubeurope.com\/@fr\/114827015382767935","error":""},"_links":{"self":[{"href":"https:\/\/www.europesays.com\/fr\/wp-json\/wp\/v2\/posts\/239190","targetHints":{"allow":["GET"]}}],"collection":[{"href":"https:\/\/www.europesays.com\/fr\/wp-json\/wp\/v2\/posts"}],"about":[{"href":"https:\/\/www.europesays.com\/fr\/wp-json\/wp\/v2\/types\/post"}],"author":[{"embeddable":true,"href":"https:\/\/www.europesays.com\/fr\/wp-json\/wp\/v2\/users\/2"}],"replies":[{"embeddable":true,"href":"https:\/\/www.europesays.com\/fr\/wp-json\/wp\/v2\/comments?post=239190"}],"version-history":[{"count":0,"href":"https:\/\/www.europesays.com\/fr\/wp-json\/wp\/v2\/posts\/239190\/revisions"}],"wp:featuredmedia":[{"embeddable":true,"href":"https:\/\/www.europesays.com\/fr\/wp-json\/wp\/v2\/media\/239191"}],"wp:attachment":[{"href":"https:\/\/www.europesays.com\/fr\/wp-json\/wp\/v2\/media?parent=239190"}],"wp:term":[{"taxonomy":"category","embeddable":true,"href":"https:\/\/www.europesays.com\/fr\/wp-json\/wp\/v2\/categories?post=239190"},{"taxonomy":"post_tag","embeddable":true,"href":"https:\/\/www.europesays.com\/fr\/wp-json\/wp\/v2\/tags?post=239190"}],"curies":[{"name":"wp","href":"https:\/\/api.w.org\/{rel}","templated":true}]}}