{"id":239198,"date":"2025-07-10T04:23:11","date_gmt":"2025-07-10T04:23:11","guid":{"rendered":"https:\/\/www.europesays.com\/fr\/239198\/"},"modified":"2025-07-10T04:23:11","modified_gmt":"2025-07-10T04:23:11","slug":"tdf-tour-de-france-romain-gregoire-jespere-que-demain-je-serais-dans-le-match","status":"publish","type":"post","link":"https:\/\/www.europesays.com\/fr\/239198\/","title":{"rendered":"TDF. Tour de France &#8211; Romain Gr\u00e9goire : \u00abJ&rsquo;esp\u00e8re que demain je serais dans le match\u00bb"},"content":{"rendered":"<p>A l&rsquo;approche de deux journ\u00e9es qui pourraient lui convenir, <strong>Romain Gr\u00e9goire<\/strong> a v\u00e9cu un contre-la-montre tranquille ce mercredi sur cette 5e \u00e9tape du <strong><a href=\"https:\/\/www.cyclismactu.net\/..\/news-tdf-route-tour-de-france-evenepoel-chrono-de-5e-etape-pogacar-ecrase-vingegaard-88825.html\" target=\"_blank\" rel=\"nofollow noopener\">Tour de France<\/a><\/strong>. 51e \u00e0 3&rsquo;34\u00a0\u00bb du vainqueur du jour <strong>Remco Evenepoel<\/strong> (Soudal Quick-Step), le Fran\u00e7ais de la <strong>Groupama-FDJ<\/strong> n&rsquo;a pas fait ce chrono \u00e0 fond, avec les yeux d\u00e9j\u00e0 riv\u00e9s sur les deux prochaines \u00e9tapes, qui se pr\u00eatent parfaitement \u00e0 ses capicit\u00e9s au vu de son \u00e9tat de forme actuel.<\/p>\n<p>Vid\u00e9o &#8211; Romain Gr\u00e9goire \u00e0 l&rsquo;arriv\u00e9e de cette 5e \u00e9tape Lire la suite de l&rsquo;article&#13;<\/p>\n<p>\u00a0<\/p>\n<p>&#13;<br \/>\n\u00ab\u00a0Ce public nous porte\u00a0\u00bb&#13;<\/p>\n<p>\u00ab\u00a0Je ne me suis pas donn\u00e9 \u00e0 fond, mais on est sur le Tour de France, avec un chrono de 30 bornes qui est exigeant, \u00e7a fait forc\u00e9ment un petit peu mal aux jambes\u00a0\u00bb, a d\u00e9clar\u00e9 <strong>Gr\u00e9goire <\/strong>\u00e0 l&rsquo;arriv\u00e9e. \u00ab\u00a0Et puis ce public nous porte. On essaye d&rsquo;en profiter, m\u00eame si on est dans la douleur, \u00e7a fait chaud au coeur.\u00a0\u00bb<\/p>\n<p>&#13;<\/p>\n<p>\u00ab\u00a0Je pense et j&rsquo;esp\u00e8re que demain (jeudi) je serais \u00e0 nouveau dans le match. Maintenant que le chrono est pass\u00e9, on va se concentrer sur cette \u00e9tape\u00a0\u00bb, conclut-il.<\/p>\n<p>Tour de France &#8211; Classement de la 5\u00e8 \u00e9tape Tour de France &#8211; Classement g\u00e9n\u00e9ral provisoire apr\u00e8s la 5\u00e8 \u00e9tape<\/p>\n","protected":false},"excerpt":{"rendered":"A l&rsquo;approche de deux journ\u00e9es qui pourraient lui convenir, Romain Gr\u00e9goire a v\u00e9cu un contre-la-montre tranquille ce mercredi&hellip;\n","protected":false},"author":2,"featured_media":239199,"comment_status":"","ping_status":"","sticky":false,"template":"","format":"standard","meta":{"footnotes":""},"categories":[1411],"tags":[1154,207,211,1011,27,209,60,210,212,208,213],"class_list":{"0":"post-239198","1":"post","2":"type-post","3":"status-publish","4":"format-standard","5":"has-post-thumbnail","7":"category-cyclisme","8":"tag-cycling","9":"tag-cyclisme","10":"tag-ffc","11":"tag-fr","12":"tag-france","13":"tag-route","14":"tag-sports","15":"tag-tour-de-france","16":"tag-uci","17":"tag-velo","18":"tag-world-tour"},"share_on_mastodon":{"url":"https:\/\/pubeurope.com\/@fr\/114827034895873186","error":""},"_links":{"self":[{"href":"https:\/\/www.europesays.com\/fr\/wp-json\/wp\/v2\/posts\/239198","targetHints":{"allow":["GET"]}}],"collection":[{"href":"https:\/\/www.europesays.com\/fr\/wp-json\/wp\/v2\/posts"}],"about":[{"href":"https:\/\/www.europesays.com\/fr\/wp-json\/wp\/v2\/types\/post"}],"author":[{"embeddable":true,"href":"https:\/\/www.europesays.com\/fr\/wp-json\/wp\/v2\/users\/2"}],"replies":[{"embeddable":true,"href":"https:\/\/www.europesays.com\/fr\/wp-json\/wp\/v2\/comments?post=239198"}],"version-history":[{"count":0,"href":"https:\/\/www.europesays.com\/fr\/wp-json\/wp\/v2\/posts\/239198\/revisions"}],"wp:featuredmedia":[{"embeddable":true,"href":"https:\/\/www.europesays.com\/fr\/wp-json\/wp\/v2\/media\/239199"}],"wp:attachment":[{"href":"https:\/\/www.europesays.com\/fr\/wp-json\/wp\/v2\/media?parent=239198"}],"wp:term":[{"taxonomy":"category","embeddable":true,"href":"https:\/\/www.europesays.com\/fr\/wp-json\/wp\/v2\/categories?post=239198"},{"taxonomy":"post_tag","embeddable":true,"href":"https:\/\/www.europesays.com\/fr\/wp-json\/wp\/v2\/tags?post=239198"}],"curies":[{"name":"wp","href":"https:\/\/api.w.org\/{rel}","templated":true}]}}