{"id":239218,"date":"2025-07-10T04:35:10","date_gmt":"2025-07-10T04:35:10","guid":{"rendered":"https:\/\/www.europesays.com\/fr\/239218\/"},"modified":"2025-07-10T04:35:10","modified_gmt":"2025-07-10T04:35:10","slug":"trump-annonce-des-droits-de-douane-de-50-sur-le-cuivre-et-menace-de-punir-le-bresil-actualites","status":"publish","type":"post","link":"https:\/\/www.europesays.com\/fr\/239218\/","title":{"rendered":"Trump annonce des droits de douane de 50% sur le cuivre et menace de punir le Br\u00e9sil : Actualit\u00e9s"},"content":{"rendered":"<p class=\"lead \">Le Br\u00e9sil et le cuivre sont les deux nouvelles cibles de l&rsquo;offensive douani\u00e8re de Donald Trump, le premier au nom de la d\u00e9fense de l&rsquo;ex-pr\u00e9sident Jair Bolsonaro, jug\u00e9 pour tentative de coup d&rsquo;Etat, et le deuxi\u00e8me en vue de prot\u00e9ger la \u00ab\u00a0s\u00e9curit\u00e9 nationale\u00a0\u00bb.<\/p>\n<p class=\"lead \">\u00ab\u00a0J\u2019annonce une surtaxe de 50% sur le cuivre, qui entrera en vigueur le 1er ao\u00fbt 2025, apr\u00e8s avoir re\u00e7u une \u00e9valuation approfondie en mati\u00e8re de s\u00e9curit\u00e9 nationale\u00a0\u00bb, a d\u00e9clar\u00e9 mercredi le pr\u00e9sident am\u00e9ricain sur son r\u00e9seau social, sans doute en r\u00e9f\u00e9rence \u00e0 une enqu\u00eate du d\u00e9partement du Commerce.<\/p>\n<p class=\"lead \">\u00ab\u00a0Le cuivre est le deuxi\u00e8me mat\u00e9riau le plus utilis\u00e9 par le minist\u00e8re de la D\u00e9fense!\u00a0\u00bb, a-t-il temp\u00eat\u00e9, \u00e9voquant les besoins du pays pour construire des semi-conducteurs, avions, navires, munitions, centres de donn\u00e9es et syst\u00e8mes de d\u00e9fense anti-missiles, entre autres.<\/p>\n<p class=\"lead \">Au nom du r\u00e9\u00e9quilibrage des relations commerciales au profit des Etats-Unis, Donald Trump a impos\u00e9 en avril une surtaxe plancher de 10% sur les importations, y compris si elles ne peuvent \u00eatre produites sur place, mais avec des exemptions, notamment pour l&rsquo;or, le cuivre, le p\u00e9trole et les m\u00e9dicaments.<\/p>\n<p class=\"lead \">Il est revenu mardi sur ces exceptions, envisageant par exemple une surtaxe de 200% sur les produits pharmaceutiques et de 50% sur le cuivre &#8211; une menace qui a fait s&rsquo;envoler le cours du m\u00e9tal de pr\u00e8s de 10% \u00e0 New York mardi, d\u00e9passant son sommet historique.<\/p>\n<p class=\"lead \">Si les droits de douane sur le cuivre entrent en vigueur, les prix des biens fabriqu\u00e9s avec ce m\u00e9tal (r\u00e9frig\u00e9rateurs, voitures, etc) pourraient grimper, comme pour les autres produits surtax\u00e9s \u00e0 l&rsquo;importation.<\/p>\n<p class=\"lead \">&#8211; Br\u00e9sil &#8211;<\/p>\n<p class=\"lead \">Mercredi le pr\u00e9sident am\u00e9ricain a aussi annonc\u00e9 une surtaxe de 50% sur les produits br\u00e9siliens, jusqu&rsquo;ici \u00e9pargn\u00e9s, car les Etats-Unis d\u00e9gagent un exc\u00e9dent commercial dans leurs \u00e9changes avec le g\u00e9ant sud-am\u00e9ricain.<\/p>\n<p class=\"lead \">Dans un courrier adress\u00e9 \u00e0 son homologue Lula, M. Trump affirme que ces droits de douane seront impos\u00e9s en r\u00e9ponse aux poursuites lanc\u00e9es contre Jair Bolsonaro, jug\u00e9 dans son pays pour tentative de coup d&rsquo;Etat.<\/p>\n<p class=\"lead \">\u00ab\u00a0La mani\u00e8re dont le Br\u00e9sil a trait\u00e9 l&rsquo;ancien pr\u00e9sident Bolsonaro (&#8230;) est une honte internationale\u00a0\u00bb, \u00e9crit M. Trump dans son courrier, estimant que les poursuites contre l&rsquo;ex-dirigeant br\u00e9silien d&rsquo;extr\u00eame droite sont \u00ab\u00a0une chasse aux sorci\u00e8res (qui) doit cesser imm\u00e9diatement\u00a0\u00bb.<\/p>\n<p class=\"lead \">\u00ab\u00a0Toute mesure de hausse des droits de douane de mani\u00e8re unilat\u00e9rale aura une r\u00e9ponse \u00e0 la lumi\u00e8re de la Loi br\u00e9silienne de r\u00e9ciprocit\u00e9 \u00e9conomique\u00a0\u00bb, a r\u00e9pondu le pr\u00e9sident br\u00e9silien Luiz Inacio Lula da Silva dans un communiqu\u00e9. <\/p>\n<p class=\"lead \">Depuis lundi, une vingtaine de pays ont re\u00e7u un courrier annon\u00e7ant la surtaxe qui s&rsquo;appliquera \u00e0 compter du 1er ao\u00fbt sur leurs produits entrant aux Etats-Unis.<\/p>\n<p class=\"lead \">Dans le d\u00e9tail, les produits alg\u00e9riens devraient \u00eatre tax\u00e9s \u00e0 30% (inchang\u00e9 par rapport \u00e0 l&rsquo;annonce initiale de d\u00e9but avril), tout comme ceux provenant de Libye (-1 point de pourcentage), d&rsquo;Irak (-9pp) et du Sri Lanka (-14pp), ceux provenant de Moldavie et du Brunei le seront \u00e0 25% (respectivement -6pp et +1pp). Quant aux produits philippins, la surtaxe sera de 20% (+3pp).<\/p>\n<p class=\"lead \">Lundi, quatorze capitales, principalement d&rsquo;Asie, avaient re\u00e7u une lettre, avec une surtaxe allant de 25% (Japon, Cor\u00e9e du Sud, Tunisie notamment) \u00e0 40% (Laos et Birmanie) en passant par 36% (Cambodge et Tha\u00eflande).<\/p>\n<p class=\"lead \">&#8211; Pause prolong\u00e9e &#8211;<\/p>\n<p class=\"lead \">Donald Trump avait affirm\u00e9 mardi qu&rsquo;il comptait envoyer d&rsquo;autres lettres cette semaine, notamment vers l&rsquo;Union europ\u00e9enne (UE).<\/p>\n<p class=\"lead \">Mercredi, un porte-parole de la Commission europ\u00e9enne a assur\u00e9 que l&rsquo;UE comptait parvenir \u00e0 un accord avec les \u00c9tats-Unis \u00ab\u00a0dans les prochains jours\u00a0\u00bb.<\/p>\n<p class=\"lead \">L&rsquo;objectif de l&rsquo;UE est d&rsquo;\u00e9viter toute surtaxe (au-del\u00e0 du plancher de 10%), avec des exemptions pour des secteurs cl\u00e9s tels que l&rsquo;a\u00e9ronautique, les cosm\u00e9tiques et les boissons alcoolis\u00e9es.<\/p>\n<p class=\"lead \">Initialement, les nouvelles surtaxes devaient commencer \u00e0 \u00eatre collect\u00e9es le 9 juillet, apr\u00e8s un pr\u00e9c\u00e9dent report, mais M. Trump a sign\u00e9 en d\u00e9but de semaine un d\u00e9cret pour repousser la date au 1er ao\u00fbt.<\/p>\n<p class=\"lead \">Dans ses lettres, M. Trump assure que toute riposte sera sanctionn\u00e9e par une surtaxe additionnelle de m\u00eame ampleur.<\/p>\n<p class=\"lead \">Le pr\u00e9sident am\u00e9ricain avait annonc\u00e9 d\u00e9but avril des droits de douane punitifs allant jusque 50% sur les produits des pays ayant un exc\u00e9dent commercial avec les Etats-Unis, avant d&rsquo;instaurer, face \u00e0 la panique des march\u00e9s, une pause de 90 jours afin de n\u00e9gocier des accords bilat\u00e9raux.<\/p>\n<p class=\"lead \">Pour l&rsquo;heure, seuls deux ont \u00e9t\u00e9 annonc\u00e9s, avec le Royaume-Uni et le Vietnam, alors qu&rsquo;un compromis a \u00e9t\u00e9 paraph\u00e9 avec la Chine.<\/p>\n<p class=\"small font-weight-bold text-gray3 \"> publi\u00e9 le 10 juillet \u00e0 03h35, AFP<\/p>\n<p>                             Partager<\/p>\n","protected":false},"excerpt":{"rendered":"Le Br\u00e9sil et le cuivre sont les deux nouvelles cibles de l&rsquo;offensive douani\u00e8re de Donald Trump, le premier&hellip;\n","protected":false},"author":2,"featured_media":239219,"comment_status":"","ping_status":"","sticky":false,"template":"","format":"standard","meta":{"footnotes":""},"categories":[6],"tags":[13790,17787,35,215,312,2822,33,34,1011,27,418,308],"class_list":{"0":"post-239218","1":"post","2":"type-post","3":"status-publish","4":"format-standard","5":"has-post-thumbnail","7":"category-economie","8":"tag-conomie","9":"tag-brsil","10":"tag-business","11":"tag-commerce","12":"tag-diplomatie","13":"tag-douanes","14":"tag-economie","15":"tag-economy","16":"tag-fr","17":"tag-france","18":"tag-gouvernement","19":"tag-usa"},"share_on_mastodon":{"url":"https:\/\/pubeurope.com\/@fr\/114827082043027590","error":""},"_links":{"self":[{"href":"https:\/\/www.europesays.com\/fr\/wp-json\/wp\/v2\/posts\/239218","targetHints":{"allow":["GET"]}}],"collection":[{"href":"https:\/\/www.europesays.com\/fr\/wp-json\/wp\/v2\/posts"}],"about":[{"href":"https:\/\/www.europesays.com\/fr\/wp-json\/wp\/v2\/types\/post"}],"author":[{"embeddable":true,"href":"https:\/\/www.europesays.com\/fr\/wp-json\/wp\/v2\/users\/2"}],"replies":[{"embeddable":true,"href":"https:\/\/www.europesays.com\/fr\/wp-json\/wp\/v2\/comments?post=239218"}],"version-history":[{"count":0,"href":"https:\/\/www.europesays.com\/fr\/wp-json\/wp\/v2\/posts\/239218\/revisions"}],"wp:featuredmedia":[{"embeddable":true,"href":"https:\/\/www.europesays.com\/fr\/wp-json\/wp\/v2\/media\/239219"}],"wp:attachment":[{"href":"https:\/\/www.europesays.com\/fr\/wp-json\/wp\/v2\/media?parent=239218"}],"wp:term":[{"taxonomy":"category","embeddable":true,"href":"https:\/\/www.europesays.com\/fr\/wp-json\/wp\/v2\/categories?post=239218"},{"taxonomy":"post_tag","embeddable":true,"href":"https:\/\/www.europesays.com\/fr\/wp-json\/wp\/v2\/tags?post=239218"}],"curies":[{"name":"wp","href":"https:\/\/api.w.org\/{rel}","templated":true}]}}