{"id":239251,"date":"2025-07-10T04:59:11","date_gmt":"2025-07-10T04:59:11","guid":{"rendered":"https:\/\/www.europesays.com\/fr\/239251\/"},"modified":"2025-07-10T04:59:11","modified_gmt":"2025-07-10T04:59:11","slug":"un-projet-de-parc-daventure-dans-ce-poumon-vert-pres-de-bordeaux-provoque-la-colere-des-riverains","status":"publish","type":"post","link":"https:\/\/www.europesays.com\/fr\/239251\/","title":{"rendered":"Un projet de parc d\u2019aventure dans ce \u201cpoumon vert\u201d pr\u00e8s de Bordeaux provoque la col\u00e8re des riverains"},"content":{"rendered":"<p>            Par<br \/>\n        <strong><br \/>\n            <a href=\"https:\/\/actu.fr\/auteur\/julian-doubax\" title=\"Consulter tous les articles de Julian Doubax\" target=\"_blank\" rel=\"noopener\">Julian Doubax<\/a><br \/>\n        <\/strong><\/p>\n<p>        Publi\u00e9 le<\/p>\n<p>            10 juil. 2025 \u00e0 6h44        <\/p>\n<p>\u00ab\u00a0C\u2019est le temps de <strong>d\u00e9fendre le parc Palmer\u00a0\u00bb<\/strong>. Ce sont avec ces paroles d\u2019une chanson improvis\u00e9e pour l\u2019occasion que les opposants au <strong>projet d\u2019accrobranche<\/strong> se sont exprim\u00e9s devant la mairie de <a href=\"https:\/\/actu.fr\/nouvelle-aquitaine\/cenon_33119\" target=\"_blank\" rel=\"noopener\">Cenon<\/a>\u00a0(Gironde), le mardi 8 juillet 2025.\u00a0<\/p>\n<p class=\" wall-content\">La raison de leur col\u00e8re : la cr\u00e9ation de 12 parcours d\u2019accrobranche sur plus <strong>d\u20191,6 hectare<\/strong> en plein milieu du parc. Tr\u00e8s vite, des voix se sont <strong>lev\u00e9es<\/strong> contre cet am\u00e9nagement.<\/p>\n<p>Une p\u00e9tition contre le projet<\/p>\n<p class=\" wall-content\">Les opposants sont inquiets pour la <a href=\"https:\/\/actu.fr\/biodiversite\" target=\"_blank\" rel=\"noopener\">biodiversit\u00e9<\/a> du parc. \u00ab\u00a0Ce projet va venir d\u00e9ranger <strong>l\u2019\u00e9cosyst\u00e8me<\/strong> de ce lieu. La v\u00e9g\u00e9tation va \u00eatre d\u00e9gomm\u00e9e et plus de 160 arbres seront perc\u00e9s. Ce parc, qui est un lieu de <strong>tranquillit\u00e9<\/strong>, est menac\u00e9\u00a0\u00bb, r\u00e9sume Agn\u00e8s Doherty, co-pr\u00e9sidente de l\u2019association \u00ab\u00a0Aux arbres, citoyens\u00a0\u00bb.\u00a0<\/p>\n<p class=\" wall-content\">Tr\u00e8s vite, une <a href=\"https:\/\/www.change.org\/p\/accrobranche-non-%C3%A0-la-privatisation-du-parc-palmer-%C3%A0-cenon\" target=\"_blank\" rel=\"noopener\">p\u00e9tition<\/a> en ligne a \u00e9t\u00e9 lanc\u00e9e. Elle a recueilli plus de<strong> 950 signatures<\/strong>. En quelques lignes, les cr\u00e9ateurs d\u00e9noncent une possible \u00ab\u00a0surfr\u00e9quentation du site\u00a0\u00bb et une \u00ab\u00a0<strong>privatisation<\/strong>\u00a0\u00bb du lieu.\u00a0<\/p>\n<blockquote class=\"tiktok-embed\" cite=\"https:\/\/www.tiktok.com\/@actubordeaux\/video\/7525120409973361942\" data-video-id=\"7525120409973361942\" data-embed-from=\"oembed\" style=\"max-width:605px; min-width:325px;\"><p>\n<a target=\"_blank\" title=\"@actubordeaux\" href=\"https:\/\/www.tiktok.com\/@actubordeaux?refer=embed\" rel=\"noopener\">@actubordeaux<\/a> <\/p>\n<p>Dans le parc Palmer de Cenon, pr\u00e8s de Bordeaux, un projet d\u2019accrobranche fait jaser les riverains. <a title=\"cenon\" target=\"_blank\" href=\"https:\/\/www.tiktok.com\/tag\/cenon?refer=embed\" rel=\"noopener\">#cenon<\/a> <a title=\"bordeaux\" target=\"_blank\" href=\"https:\/\/www.tiktok.com\/tag\/bordeaux?refer=embed\" rel=\"noopener\">#bordeaux<\/a> <a title=\"accrobranche\" target=\"_blank\" href=\"https:\/\/www.tiktok.com\/tag\/accrobranche?refer=embed\" rel=\"noopener\">#accrobranche<\/a> <\/p>\n<p> <a target=\"_blank\" title=\"\u266c son original - Actu Bordeaux\" href=\"https:\/\/www.tiktok.com\/music\/son-original-7525120408326966038?refer=embed\" rel=\"noopener\">\u266c son original \u2013 Actu Bordeaux<\/a> <\/p>\n<\/blockquote>\n<p class=\" wall-content\">Du c\u00f4t\u00e9 de la mairie, on d\u00e9fend ce point : \u00ab\u00a0Il n\u2019y a<strong> aucune privatisation<\/strong> de cet espace. Aucune <strong>cl\u00f4ture<\/strong> ne sera mise en place donc les gens pourront toujours se balader sur le site o\u00f9 seront am\u00e9nag\u00e9s les parcours d\u2019accrobranche\u00a0\u00bb, informe <strong>Jean-Fran\u00e7ois Egron<\/strong>, maire de Cenon. L\u2019\u00e9dile assure \u00e9galement \u00ab\u00a0<strong>qu\u2019aucun arbre ne sera abattu<\/strong>\u00a0\u00bb dans le cadre de ce projet port\u00e9 par la soci\u00e9t\u00e9 Ecopark Adventures.\u00a0<\/p>\n<p>Vid\u00e9os : en ce moment sur Actu\u00ab\u00a0Ce parc, c\u2019est mon oxyg\u00e8ne\u00a0\u00bb<\/p>\n<p class=\" wall-content\">Pour r\u00e9ussir \u00e0 faire porter leur voix, les opposants au projet avaient un rendez-vous avec le maire de Cenon, le 8 juillet. Sur le parvis de l\u2019h\u00f4tel de Ville, plusieurs <strong>riverains<\/strong> s\u2019\u00e9taient rassembl\u00e9s avec plusieurs pancartes exprimant leur m\u00e9contentement.\u00a0<\/p>\n<p class=\" wall-content\">\u00ab\u00a0<strong>Quand les arbres souffrent, je souffre<\/strong> !\u00a0\u00bb ou encore \u00ab\u00a0<strong>Non \u00e0 cette aberration \u00e9cologique et sociale <\/strong>!\u00a0\u00bb. Des slogans lisibles sur les diverses affiches brandies.\u00a0<\/p>\n<p>    <img   decoding=\"async\" loading=\"lazy\" src=\"https:\/\/www.europesays.com\/fr\/wp-content\/uploads\/2025\/07\/photo-1-2-960x640.jpeg\" alt=\"Entre ces arbres, les diff\u00e9rents parcours d'accrobranche seront install\u00e9s.\" width=\"960\" height=\"640\"\/><br \/>\n    Entre ces arbres, les diff\u00e9rents parcours d\u2019accrobranche seront install\u00e9s. (\u00a9Julian Doubax)<\/p>\n<p class=\" wall-content\">En tout, une quarantaine de personnes \u00e9taient pr\u00e9sentes. \u00ab\u00a0Ce parc, <strong>c\u2019est mon oxyg\u00e8ne<\/strong>. Ici, je me sens \u00e0 la campagne et on a besoin de ces espaces verts\u00a0\u00bb, clame Dulcina, Cenonnaise qui r\u00e9side pr\u00e8s du parc Palmer depuis plus de vingt ans.\u00a0<\/p>\n<p class=\" wall-content\">Pour Agn\u00e8s Doherty, le but de ce rendez-vous \u00e9tait de \u00ab\u00a0<strong>reporter le d\u00e9but des travaux\u00a0\u00bb<\/strong>, pr\u00e9vu pour la mi-ao\u00fbt et de discuter \u00ab\u00a0d\u2019autres projets\u00a0\u00bb pour pr\u00e9server ce <strong>\u00ab\u00a0poumon vert\u00a0\u00bb<\/strong>.\u00a0<\/p>\n<p>Pas de report pr\u00e9vu<\/p>\n<p class=\" wall-content\">\u00c0 la suite de cet \u00e9change entre l\u2019\u00e9lu et les opposants, quelques am\u00e9liorations ont \u00e9t\u00e9 enregistr\u00e9es.<\/p>\n<p class=\" wall-content\">\u00ab\u00a0Forc\u00e9ment, il y a des points de divergence mais nous avons corrig\u00e9 des choses. D\u2019abord, j\u2019ai garanti que<strong> l\u2019\u00e9lagage des arbres<\/strong> ne d\u00e9butera qu\u2019apr\u00e8s la p\u00e9riode de nidification\u00a0\u00bb, indique Jean-Fran\u00e7ois Egron avant de poursuivre : \u00ab\u00a0Je souhaite \u00e9galement mettre en place un <strong>comit\u00e9 de suivi du projet<\/strong> pour d\u00e9tecter de possibles anomalies.\u00a0\u00bb\u00a0<\/p>\n<p class=\" wall-content\">Malgr\u00e9 les propositions, les opposants ne d\u00e9col\u00e8rent pas \u00e0 la sortie du rendez-vous. \u00ab\u00a0Nous n\u2019avons pas obtenu le report des travaux donc nous continuerons \u00e0 lutter\u00a0\u00bb, d\u00e9clare Agn\u00e8s Doherty.\u00a0<\/p>\n<p class=\" wall-content\">Les travaux devraient durer pr\u00e8s d\u2019un mois avec une <strong>ouverture<\/strong> des parcours d\u2019accrobranche dans la foul\u00e9e, vers la mi-septembre 2025.<\/p>\n<p class=\" wall-content\">Suivez toute l\u2019actualit\u00e9 de vos villes et m\u00e9dias favoris en vous inscrivant \u00e0 <a href=\"https:\/\/moncompte.actu.fr\" title=\"D\u00e9couvez Mon Actu\" rel=\"nofollow noopener\" data-trk=\"{&quot;cta&quot;:{&quot;action&quot;:&quot;https:\\\/\\\/moncompte.actu.fr&quot;,&quot;category&quot;:&quot;mon compte&quot;,&quot;from&quot;:&quot;article footer&quot;,&quot;name&quot;:&quot;Mon actu&quot;,&quot;type&quot;:&quot;cta&quot;}}\" target=\"_blank\">Mon Actu<\/a>.<\/p>\n<p>                    <script async src=\"\/\/www.tiktok.com\/embed.js\"><\/script><\/p>\n","protected":false},"excerpt":{"rendered":"Par Julian Doubax Publi\u00e9 le 10 juil. 2025 \u00e0 6h44 \u00ab\u00a0C\u2019est le temps de d\u00e9fendre le parc Palmer\u00a0\u00bb.&hellip;\n","protected":false},"author":2,"featured_media":239252,"comment_status":"","ping_status":"","sticky":false,"template":"","format":"standard","meta":{"footnotes":""},"categories":[2817],"tags":[1111,11,1130,1997,51,436,1777,674,1011,27,12,2219,52,25],"class_list":{"0":"post-239251","1":"post","2":"type-post","3":"status-publish","4":"format-standard","5":"has-post-thumbnail","7":"category-bordeaux","8":"tag-actu","9":"tag-actualites","10":"tag-biodiversite","11":"tag-bordeaux","12":"tag-ecologie","13":"tag-environnement","14":"tag-eu","15":"tag-europe","16":"tag-fr","17":"tag-france","18":"tag-news","19":"tag-nouvelle-aquitaine","20":"tag-planete","21":"tag-republique-francaise"},"share_on_mastodon":{"url":"https:\/\/pubeurope.com\/@fr\/114827176488411889","error":""},"_links":{"self":[{"href":"https:\/\/www.europesays.com\/fr\/wp-json\/wp\/v2\/posts\/239251","targetHints":{"allow":["GET"]}}],"collection":[{"href":"https:\/\/www.europesays.com\/fr\/wp-json\/wp\/v2\/posts"}],"about":[{"href":"https:\/\/www.europesays.com\/fr\/wp-json\/wp\/v2\/types\/post"}],"author":[{"embeddable":true,"href":"https:\/\/www.europesays.com\/fr\/wp-json\/wp\/v2\/users\/2"}],"replies":[{"embeddable":true,"href":"https:\/\/www.europesays.com\/fr\/wp-json\/wp\/v2\/comments?post=239251"}],"version-history":[{"count":0,"href":"https:\/\/www.europesays.com\/fr\/wp-json\/wp\/v2\/posts\/239251\/revisions"}],"wp:featuredmedia":[{"embeddable":true,"href":"https:\/\/www.europesays.com\/fr\/wp-json\/wp\/v2\/media\/239252"}],"wp:attachment":[{"href":"https:\/\/www.europesays.com\/fr\/wp-json\/wp\/v2\/media?parent=239251"}],"wp:term":[{"taxonomy":"category","embeddable":true,"href":"https:\/\/www.europesays.com\/fr\/wp-json\/wp\/v2\/categories?post=239251"},{"taxonomy":"post_tag","embeddable":true,"href":"https:\/\/www.europesays.com\/fr\/wp-json\/wp\/v2\/tags?post=239251"}],"curies":[{"name":"wp","href":"https:\/\/api.w.org\/{rel}","templated":true}]}}