{"id":239269,"date":"2025-07-10T05:09:09","date_gmt":"2025-07-10T05:09:09","guid":{"rendered":"https:\/\/www.europesays.com\/fr\/239269\/"},"modified":"2025-07-10T05:09:09","modified_gmt":"2025-07-10T05:09:09","slug":"bison-fute-agite-le-drapeau-rouge-circulation-difficile-a-paris-et-en-ile-de-france","status":"publish","type":"post","link":"https:\/\/www.europesays.com\/fr\/239269\/","title":{"rendered":"Bison Fut\u00e9 agite le drapeau rouge, circulation difficile \u00e0 Paris et en \u00cele-de-France"},"content":{"rendered":"<p>            Par<br \/>\n        <strong><br \/>\n            <a href=\"https:\/\/actu.fr\/auteur\/redaction-paris\" title=\"Consulter tous les articles de R\u00e9daction Paris\" target=\"_blank\" rel=\"noopener\">R\u00e9daction Paris<\/a><br \/>\n        <\/strong><\/p>\n<p>        Publi\u00e9 le<\/p>\n<p>            10 juil. 2025 \u00e0 6h16        <\/p>\n<p><a href=\"https:\/\/actu.fr\/tag\/bison-fute\" target=\"_blank\" rel=\"noopener\">Bison Fut\u00e9<\/a> agite son drapeau rouge. Vendredi\u00a011 et samedi 12\u00a0juillet 2025, la <a href=\"https:\/\/actu.fr\/tag\/circulation\" target=\"_blank\" rel=\"noopener\">circulation<\/a> sur les routes de Paris et d\u2019\u00cele-de-France va demander aux Franciliens qui ont d\u00e9cid\u00e9 de quitter la r\u00e9gion pour le 14\u00a0juillet de faire preuve de (beaucoup) de patience. Les journ\u00e9es seront toutes les deux <strong>class\u00e9es rouges<\/strong>.<\/p>\n<p>Vendredi 11\u00a0juillet 2025<\/p>\n<p class=\" wall-content\">Le Centre national d\u2019information routi\u00e8re mise donc sur une journ\u00e9e <strong>rouge<\/strong> dans tout le pays, dans le sens des d\u00e9parts, et <strong>orange<\/strong> dans celui des retours. \u00ab\u2009D\u00e8s la fin de la matin\u00e9e, la circulation deviendra tr\u00e8s dense en direction des barri\u00e8res de p\u00e9age des autoroutes A10 et A6, o\u00f9 les premiers ralentissements seront \u00e0 pr\u00e9voir. Cela concernera \u00e9galement les autoroutes qui y convergent, notamment l\u2019A86 et l\u2019A6b.\u2009\u00bb La situation sera similaire dans l\u2019apr\u00e8s-midi. \u00ab\u2009Par ailleurs, l\u2019autoroute A13 pourrait conna\u00eetre des ralentissements d\u00e8s le milieu de l\u2019apr\u00e8s-midi\u2009\u00bb.<\/p>\n<p class=\" wall-content\"><strong>Les conseils de Bison Fut\u00e9<\/strong><\/p>\n<p class=\" wall-content\">Dans le sens des d\u00e9parts\u2009:<\/p>\n<p class=\" wall-content\">\u2013 quittez ou traversez l\u2019\u00cele-de-France avant 9h ou apr\u00e8s minuit,<br \/>\u2013 \u00e9vitez l\u2019autoroute A35, entre Strasbourg et l\u2019Allemagne, de 16h \u00e0 20h,<br \/>\u2013 \u00e9vitez l\u2019autoroute A11, entre Le\u00a0Mans et Angers, de 17h \u00e0 21h,<br \/>\u2013 \u00e9vitez l\u2019autoroute A10, entre Paris et Orl\u00e9ans, de 11h \u00e0 23h, et entre Orl\u00e9ans et Tours, de 19h \u00e0 21h, et entre Saintes et Bordeaux, de 16h \u00e0 19h,<br \/>\u2013 \u00e9vitez l\u2019autoroute A6, entre Beaune et Lyon de 13h \u00e0 18h,<br \/>\u2013 \u00e9vitez l\u2019autoroute A7, entre Lyon et Orange, de 16h \u00e0 22h,<br \/>\u2013 \u00e9vitez l\u2019autoroute A9, entre Orange et Narbonne, de 17h \u00e0 23h,<br \/>\u2013 \u00e9vitez le tunnel du Mont-Blanc (N205), entre la France et l\u2019Italie, de 10h \u00e0 20h.<\/p>\n<p class=\" wall-content\">Dans le sens des retours\u2009:<\/p>\n<p>Vid\u00e9os : en ce moment sur Actu<\/p>\n<p class=\" wall-content\">\u2013 rejoignez ou traversez l\u2019\u00cele-de-France avant 16h ou apr\u00e8s 20h,<br \/>\u2013 \u00e9vitez l\u2019autoroute A1, entre Lille et Paris, de 16h \u00e0 20h,<br \/>\u2013 \u00e9vitez l\u2019autoroute A81 et la route nationale 157, entre Rennes et Le\u00a0Mans, de 17h \u00e0 20h,<br \/>\u2013 \u00e9vitez l\u2019autoroute A9, entre Narbonne et Orange, de 16h \u00e0 23h,<br \/>\u2013 \u00e9vitez l\u2019autoroute A8, entre l\u2019Italie et La Fare-les-Oliviers, de 18h \u00e0 22h,<br \/>\u2013 \u00e9vitez l\u2019autoroute A57, entre Le Luc et Toulon, de 17h \u00e0 21h,<br \/>\u2013 \u00e9vitez l\u2019autoroute A75, entre B\u00e9ziers et Clermont-Ferrand de 20h \u00e0 23h,<br \/>\u2013 \u00e9vitez l\u2019autoroute A43, entre Chamb\u00e9ry et Lyon, de 16h \u00e0 20h.<\/p>\n<p>Samedi 12\u00a0juillet 2025<\/p>\n<p class=\" wall-content\">Ce ne sera toujours pas le bon moment pour s\u2019aventurer sur les routes de l\u2019Hexagone\u2009: la r\u00e9gion Auvergne \u2013 Rh\u00f4ne-Alpes a \u00e9t\u00e9 class\u00e9e <strong>noire<\/strong> et le reste du pays <strong>rouge<\/strong> dans le sens des d\u00e9parts. Dans celui des retours, le trafic en r\u00e9gion francilienne sera habituel.<\/p>\n<p class=\" wall-content\">\u00ab\u2009En \u00cele-de-France, d\u00e8s le tout d\u00e9but de la matin\u00e9e, le trafic sera d\u00e9j\u00e0 tr\u00e8s dense en direction des barri\u00e8res de p\u00e9age des autoroutes A10 et A6, o\u00f9 les premiers ralentissements seront \u00e0 pr\u00e9voir. En milieu de matin\u00e9e, l\u2019augmentation des trafics sur les autoroutes A10 et A6, renforcera ces difficult\u00e9s de circulation qui pourraient perdurer jusqu\u2019en milieu d\u2019apr\u00e8s-midi. Par ailleurs, l\u2019autoroute A13 pourrait conna\u00eetre des encombrements d\u00e8s le milieu de la matin\u00e9e.\u2009\u00bb<\/p>\n<p class=\" wall-content\"><strong>Les conseils de Bison Fut\u00e9<\/strong><\/p>\n<p class=\" wall-content\">\u2013 quittez ou traversez l\u2019\u00cele-de-France avant 5h ou apr\u00e8s 19h,<br \/>\u2013 \u00e9vitez l\u2019autoroute A13, entre Paris et Rouen, de 11h \u00e016h, et entre Rouen et Caen, de 13h \u00e0 17h,<br \/>\u2013 \u00e9vitez l\u2019autoroute A11, entre Angers et Nantes, de 12h \u00e0 16h,<br \/>\u2013 \u00e9vitez l\u2019autoroute A10, entre Paris et Orl\u00e9ans, de 6h \u00e0 16h, entre Orl\u00e9ans et Tours, de 10h et \u00e0 18h et entre Saintes et Bordeaux, de 10h \u00e0 13h,<br \/>\u2013 \u00e9vitez l\u2019autoroute A6, entre Beaune et Lyon, de 9h \u00e0 12h,<br \/>\u2013 \u00e9vitez l\u2019autoroute A7, entre Lyon et Orange de 10h \u00e0 15h,<br \/>\u2013 \u00e9vitez l\u2019autoroute A9, entre Orange et Montpellier, de 11h \u00e0 14h, entre Montpellier et Narbonne, de 9h \u00e0 19h, et entre Narbonne et l\u2019Espagne, de 12h \u00e0 18h,<br \/>\u2013 \u00e9vitez l\u2019autoroute A20, entre Ch\u00e2teauroux et Brive-La-Gaillarde, de 12h \u00e0 14h,<br \/>\u2013 \u00e9vitez l\u2019autoroute A61, entre Toulouse et Narbonne, de 12h \u00e0 14\u2009h,<br \/>\u2013 \u00e9vitez l\u2019autoroute A46 et la route nationale 346, pour le contournement Est de Lyon, entre 10h et 13h.<br \/>\u2013 \u00e9vitez l\u2019autoroute A43, entre Lyon et Chamb\u00e9ry, de 11h \u00e0 17\u2009h,<br \/>\u2013 \u00e9vitez le tunnel du Mont-Blanc (N205), entre la France et l\u2019Italie, de 8h \u00e0 18h.<\/p>\n<p class=\" wall-content\"><strong>Dans le sens des retours\u2009:<\/strong><\/p>\n<p class=\" wall-content\">\u2013 \u00e9vitez l\u2019autoroute A29, entre Beuzeville et Saint-Quentin, de 12h \u00e0 16h,<br \/>\u2013 \u00e9vitez l\u2019autoroute A87, entre La Roche-sur-Yon et Angers, de 9h \u00e0 18h,<br \/>\u2013 \u00e9vitez l\u2019autoroute A9, entre Narbonne et Orange, de 9h \u00e0 17h,<br \/>\u2013 \u00e9vitez l\u2019autoroute A7, entre Marseille et Orange, de 9h \u00e0 12h, et entre Orange et Lyon, de 10h \u00e0 16h,<br \/>\u2013 \u00e9vitez l\u2019autoroute A8, entre l\u2019Italie et Le Luc, de 9h \u00e0 20h,<br \/>\u2013 \u00e9vitez l\u2019autoroute A61, entre Narbonne et Toulouse, de 10h \u00e0 12h.<\/p>\n<p>Dimanche 13\u00a0juillet 2025<\/p>\n<p class=\" wall-content\">Journ\u00e9e id\u00e9ale pour circuler\u2009: dans les deux sens, toute la France est class\u00e9e <strong>verte<\/strong>.<\/p>\n<p>Lundi 14\u00a0juillet 2025<\/p>\n<p class=\" wall-content\">Sans surprise, les <strong>retours seront difficiles<\/strong>. La circulation en \u00cele-de-France sera difficile \u00ab\u00a0d\u00e8s le d\u00e9but de l\u2019apr\u00e8s-midi, sur les autoroutes A10 et A6\u00a0\u00bb, pr\u00e9vient Bison Fut\u00e9. Et d\u2019ajouter\u2009: \u00ab\u00a0Des difficult\u00e9s de circulation ou des ralentissements pourraient y \u00eatre enregistr\u00e9es tout au long de l\u2019apr\u00e8s-midi et pourraient \u00eatre encore pr\u00e9sentes jusque tard dans la soir\u00e9e (essentiellement sur l\u2019A10). L\u2019autoroute A13 pourrait \u00e9galement enregistrer des difficult\u00e9s de circulation, d\u00e8s le milieu d\u2019apr\u00e8s-midi et celles-ci pourraient \u00eatre encore pr\u00e9sentes jusque tard dans la soir\u00e9e.\u00a0\u00bb<\/p>\n<p class=\" wall-content\"><strong>Les conseils de Bison Fut\u00e9<\/strong><\/p>\n<p class=\" wall-content\">Dans le sens des retours\u2009:<\/p>\n<p class=\" wall-content\">\u2013 rejoignez ou traversez l\u2019\u00cele-de-France avant 13h ou apr\u00e8s minuit,<br \/>\u2013 \u00e9vitez l\u2019autoroute A8, \u00e0 hauteur d\u2019Aix-en-Provence, de 15h \u00e0 18h, entre l\u2019Italie et Le Luc, de 14h \u00e0 18h,<br \/>\u2013 \u00e9vitez l\u2019autoroute A9, entre Narbonne et N\u00eemes, de 14h \u00e0 18h,<br \/>\u2013 \u00e9vitez l\u2019autoroute A61, entre Narbonne et Toulouse, de 15h \u00e0 22h.<\/p>\n<p class=\" wall-content\">Suivez toute l\u2019actualit\u00e9 de vos villes et m\u00e9dias favoris en vous inscrivant \u00e0 <a href=\"https:\/\/moncompte.actu.fr\" title=\"D\u00e9couvez Mon Actu\" rel=\"nofollow noopener\" data-trk=\"{&quot;cta&quot;:{&quot;action&quot;:&quot;https:\\\/\\\/moncompte.actu.fr&quot;,&quot;category&quot;:&quot;mon compte&quot;,&quot;from&quot;:&quot;article footer&quot;,&quot;name&quot;:&quot;Mon actu&quot;,&quot;type&quot;:&quot;cta&quot;}}\" target=\"_blank\">Mon Actu<\/a>.<\/p>\n","protected":false},"excerpt":{"rendered":"Par R\u00e9daction Paris Publi\u00e9 le 10 juil. 2025 \u00e0 6h16 Bison Fut\u00e9 agite son drapeau rouge. Vendredi\u00a011 et&hellip;\n","protected":false},"author":2,"featured_media":206107,"comment_status":"","ping_status":"","sticky":false,"template":"","format":"standard","meta":{"footnotes":""},"categories":[1592],"tags":[1111,11,6427,3542,1777,674,1011,27,662,12,626,25,104],"class_list":{"0":"post-239269","1":"post","2":"type-post","3":"status-publish","4":"format-standard","5":"has-post-thumbnail","7":"category-ile-de-france","8":"tag-actu","9":"tag-actualites","10":"tag-bison-fute","11":"tag-circulation","12":"tag-eu","13":"tag-europe","14":"tag-fr","15":"tag-france","16":"tag-ile-de-france","17":"tag-news","18":"tag-paris","19":"tag-republique-francaise","20":"tag-societe"},"share_on_mastodon":{"url":"https:\/\/pubeurope.com\/@fr\/114827215703671938","error":""},"_links":{"self":[{"href":"https:\/\/www.europesays.com\/fr\/wp-json\/wp\/v2\/posts\/239269","targetHints":{"allow":["GET"]}}],"collection":[{"href":"https:\/\/www.europesays.com\/fr\/wp-json\/wp\/v2\/posts"}],"about":[{"href":"https:\/\/www.europesays.com\/fr\/wp-json\/wp\/v2\/types\/post"}],"author":[{"embeddable":true,"href":"https:\/\/www.europesays.com\/fr\/wp-json\/wp\/v2\/users\/2"}],"replies":[{"embeddable":true,"href":"https:\/\/www.europesays.com\/fr\/wp-json\/wp\/v2\/comments?post=239269"}],"version-history":[{"count":0,"href":"https:\/\/www.europesays.com\/fr\/wp-json\/wp\/v2\/posts\/239269\/revisions"}],"wp:featuredmedia":[{"embeddable":true,"href":"https:\/\/www.europesays.com\/fr\/wp-json\/wp\/v2\/media\/206107"}],"wp:attachment":[{"href":"https:\/\/www.europesays.com\/fr\/wp-json\/wp\/v2\/media?parent=239269"}],"wp:term":[{"taxonomy":"category","embeddable":true,"href":"https:\/\/www.europesays.com\/fr\/wp-json\/wp\/v2\/categories?post=239269"},{"taxonomy":"post_tag","embeddable":true,"href":"https:\/\/www.europesays.com\/fr\/wp-json\/wp\/v2\/tags?post=239269"}],"curies":[{"name":"wp","href":"https:\/\/api.w.org\/{rel}","templated":true}]}}