{"id":239292,"date":"2025-07-10T05:22:12","date_gmt":"2025-07-10T05:22:12","guid":{"rendered":"https:\/\/www.europesays.com\/fr\/239292\/"},"modified":"2025-07-10T05:22:12","modified_gmt":"2025-07-10T05:22:12","slug":"maxime-tessier-lavocat-du-pedocriminel-joel-le-scouarnec-est-mort-a-34-ans","status":"publish","type":"post","link":"https:\/\/www.europesays.com\/fr\/239292\/","title":{"rendered":"Maxime Tessier, l&rsquo;avocat du p\u00e9docriminel Jo\u00ebl Le Scouarnec, est mort \u00e0 34 ans"},"content":{"rendered":"<p class=\"article-p mdl\">L&rsquo;avocat p\u00e9naliste Maxime Tessier, qui avait r\u00e9cemment d\u00e9fendu\u00a0<a class=\"link\" href=\"https:\/\/www.rtl.fr\/actu\/justice-faits-divers\/affaire-le-scouarnec-un-chirurgien-pedophile-en-liberte-pendant-des-annees-7900477354\" target=\"_blank\" rel=\"noopener\">le p\u00e9docriminel Jo\u00ebl Le Scouarnec<\/a>\u00a0au cours de son dernier proc\u00e8s, est mort dans la nuit du mardi 8 au mercredi 9 juillet, a indiqu\u00e9 \u00e0 l&rsquo;Agence France Presse le parquet de Rennes.\u00a0\u00ab\u00a0Une enqu\u00eate a \u00e9t\u00e9 ouverte sur les circonstances de sa survenue, <strong>tout laissant penser \u00e0 un suicide pour le moment<\/strong>\u00ab\u00a0, a affirm\u00e9 le procureur de la R\u00e9publique de Rennes, Fr\u00e9d\u00e9ric Teillet, confirmant une information de\u00a0<a class=\"link\" href=\"https:\/\/france3-regions.franceinfo.fr\/bretagne\/ille-et-vilaine\/rennes\/info-france-3-maxime-tessier-avocat-de-joel-le-scouarnec-s-est-donne-la-mort-3185508.html\" target=\"_blank\" rel=\"noopener\">France 3 Bretagne<\/a>.<\/p>\n<p class=\"article-p mdl\">Contact\u00e9e par l&rsquo;AFP, l&rsquo;associ\u00e9e de Me Tessier, Me Catherine Glon, a confirm\u00e9<strong> la \u00ab\u00a0disparition\u00a0\u00bb de cet avocat \u00ab\u00a0exceptionnel\u00a0\u00bb, \u00e2g\u00e9 de 34 ans<\/strong>.\u00a0\u00ab\u00a0Il avait une tr\u00e8s haute vision de la justice et il \u00e9tait donc tr\u00e8s exigeant \u00e0 l&rsquo;\u00e9gard de lui-m\u00eame\u00a0\u00bb, a-t-elle racont\u00e9. \u00ab\u00a0Il s&rsquo;oubliait souvent, se pr\u00e9occupait d&rsquo;abord de son client, du respect qu&rsquo;il avait \u00e0 l&rsquo;\u00e9gard de l&rsquo;institution judiciaire.\u00a0\u00bb<\/p>\n<p class=\"article-p mdl\">\u00ab\u00a0Nous sommes \u00e9videmment sous le choc et nous perdons un avocat tr\u00e8s jeune puisqu&rsquo;il avait <strong>34 ans, p\u00e8re de deux tr\u00e8s jeunes enfants<\/strong>\u00ab\u00a0, a ajout\u00e9 Me Glon, qui travaillait avec Me Tessier depuis pr\u00e8s de neuf ans.<\/p>\n<p>            Un avocat \u00ab\u00a0d&rsquo;une grande humanit\u00e9\u00a0\u00bb<\/p>\n<p class=\"article-p mdl\">Avocat au barreau de Rennes, Me Tessier \u00e9tait l&rsquo;un des deux d\u00e9fenseurs de\u00a0<a class=\"link\" href=\"https:\/\/www.rtl.fr\/actu\/justice-faits-divers\/proces-le-scouarnec-qui-est-ce-chirurgien-accuse-d-etre-un-pedocriminel-auteur-de-299-viols-et-agressions-sexuelles-7900482904\" target=\"_blank\" rel=\"noopener\">Jo\u00ebl Le Scouarnec<\/a>, un ex-chirurgien reconnu coupable le 28 mai de viols et agressions sexuelles sur 298 victimes, la plupart mineures au moment des faits.\u00a0Jo\u00ebl Le Scouarnec a \u00e9t\u00e9 condamn\u00e9 \u00e0 <strong>20 ans de r\u00e9clusion criminelle par la cour criminelle du Morbihan<\/strong>, \u00e0 l&rsquo;issue de presque trois mois d&rsquo;audience \u00e0 Vannes.<\/p>\n<p class=\"article-p mdl\">Avocat g\u00e9n\u00e9ral pendant ce proc\u00e8s, le procureur de Lorient, St\u00e9phane Kellenberger, s&rsquo;est dit \u00ab\u00a0litt\u00e9ralement <strong>atterr\u00e9 et profond\u00e9ment boulevers\u00e9 et pein\u00e9<\/strong>\u00ab\u00a0.\u00a0\u00ab\u00a0Ma\u00eetre Maxime Tessier \u00e9tait, tant professionnellement qu&rsquo;humainement, de ces personnes int\u00e8gres et investies, qui font <strong>grand honneur \u00e0 la Justice et \u00e0 l&rsquo;Humanit\u00e9<\/strong>\u00ab\u00a0, a-t-il ajout\u00e9 dans un communiqu\u00e9.<\/p>\n<p class=\"article-p mdl\">Dans un communiqu\u00e9, <strong>le Collectif de Victimes de Jo\u00ebl Le Scouarnec<\/strong> a rendu hommage \u00e0 <strong>un avocat \u00ab\u00a0d&rsquo;une grande humanit\u00e9\u00a0\u00bb<\/strong>, dont \u00ab\u00a0la bienveillance (avait) marqu\u00e9 le proc\u00e8s\u00a0\u00bb.\u00a0\u00ab\u00a0Il \u00e9tait, certes, l&rsquo;avocat de la D\u00e9fense, mais il \u00e9tait avant tout un regard doux sur nos mots et sur nos maux\u00a0\u00bb, a soulign\u00e9 le collectif, qui a appel\u00e9 \u00e0 \u00ab\u00a0un accompagnement de l&rsquo;ensemble des professionnels\u00a0\u00bb ayant particip\u00e9 au proc\u00e8s de\u00a0<a class=\"link\" href=\"https:\/\/www.rtl.fr\/actu\/justice-faits-divers\/proces-le-scouarnec-quand-le-fbi-alertait-sur-les-activites-du-chirurgien-sans-qu-il-n-y-ait-de-reels-effets-7900483146\" target=\"_blank\" rel=\"noopener\">Jo\u00ebl Le Scouarnec<\/a>.\u00a0\u00ab\u00a0Il est ind\u00e9niable que d&rsquo;\u00eatre au contact de la perversion aussi longtemps, en \u00e9tant plong\u00e9 dans ce qu&rsquo;il y a de plus sordide, dans l&rsquo;horreur, <strong>ne laisse pas indemne tout homme et femme<\/strong>\u00ab\u00a0, ajoute-t-il.<\/p>\n<p>    La r\u00e9daction vous recommande<\/p>\n<p class=\"s-newsletter__title\">\n                L\u2019actualit\u00e9 par la r\u00e9daction de RTL dans votre bo\u00eete mail.\n            <\/p>\n<p class=\"s-newsletter__subtitle\">\n                Gr\u00e2ce \u00e0 votre compte RTL abonnez-vous \u00e0 la newsletter RTL info pour suivre toute l&rsquo;actualit\u00e9 au quotidien\n            <\/p>\n<p>\n                                    Lire la suite\n                                <\/p>\n","protected":false},"excerpt":{"rendered":"L&rsquo;avocat p\u00e9naliste Maxime Tessier, qui avait r\u00e9cemment d\u00e9fendu\u00a0le p\u00e9docriminel Jo\u00ebl Le Scouarnec\u00a0au cours de son dernier proc\u00e8s, est&hellip;\n","protected":false},"author":2,"featured_media":239293,"comment_status":"","ping_status":"","sticky":false,"template":"","format":"standard","meta":{"footnotes":""},"categories":[2],"tags":[11,20933,3983,2715,107,1011,27,12,584,25],"class_list":{"0":"post-239292","1":"post","2":"type-post","3":"status-publish","4":"format-standard","5":"has-post-thumbnail","7":"category-actualites","8":"tag-actualites","9":"tag-avocat","10":"tag-deces","11":"tag-disparition","12":"tag-fil-info","13":"tag-fr","14":"tag-france","15":"tag-news","16":"tag-rennes","17":"tag-republique-francaise"},"share_on_mastodon":{"url":"https:\/\/pubeurope.com\/@fr\/114827266873018630","error":""},"_links":{"self":[{"href":"https:\/\/www.europesays.com\/fr\/wp-json\/wp\/v2\/posts\/239292","targetHints":{"allow":["GET"]}}],"collection":[{"href":"https:\/\/www.europesays.com\/fr\/wp-json\/wp\/v2\/posts"}],"about":[{"href":"https:\/\/www.europesays.com\/fr\/wp-json\/wp\/v2\/types\/post"}],"author":[{"embeddable":true,"href":"https:\/\/www.europesays.com\/fr\/wp-json\/wp\/v2\/users\/2"}],"replies":[{"embeddable":true,"href":"https:\/\/www.europesays.com\/fr\/wp-json\/wp\/v2\/comments?post=239292"}],"version-history":[{"count":0,"href":"https:\/\/www.europesays.com\/fr\/wp-json\/wp\/v2\/posts\/239292\/revisions"}],"wp:featuredmedia":[{"embeddable":true,"href":"https:\/\/www.europesays.com\/fr\/wp-json\/wp\/v2\/media\/239293"}],"wp:attachment":[{"href":"https:\/\/www.europesays.com\/fr\/wp-json\/wp\/v2\/media?parent=239292"}],"wp:term":[{"taxonomy":"category","embeddable":true,"href":"https:\/\/www.europesays.com\/fr\/wp-json\/wp\/v2\/categories?post=239292"},{"taxonomy":"post_tag","embeddable":true,"href":"https:\/\/www.europesays.com\/fr\/wp-json\/wp\/v2\/tags?post=239292"}],"curies":[{"name":"wp","href":"https:\/\/api.w.org\/{rel}","templated":true}]}}