{"id":239300,"date":"2025-07-10T05:28:09","date_gmt":"2025-07-10T05:28:09","guid":{"rendered":"https:\/\/www.europesays.com\/fr\/239300\/"},"modified":"2025-07-10T05:28:09","modified_gmt":"2025-07-10T05:28:09","slug":"wimbledon-atp-novak-djokovic-perd-un-set-mais-rejoint-jannik-sinner-en-demi-finales","status":"publish","type":"post","link":"https:\/\/www.europesays.com\/fr\/239300\/","title":{"rendered":"Wimbledon ATP : Novak Djokovic perd un set mais rejoint Jannik Sinner en demi-finales"},"content":{"rendered":"<p>Septuple vainqueur de Wimbledon, Novak Djokovic a rejoint mercredi le num\u00e9ro 1 mondial Jannik Sinner en demi-finale de Wimbledon en battant l&rsquo;Italien Flavio Cobolli (24e) en quatre sets (6-7 (6), 6-2, 7-5, 6-4).<\/p>\n<p>Comme au tour pr\u00e9c\u00e9dent contre <b><a href=\"https:\/\/www.flashscore.fr\/joueur\/de-minaur-alex\/EZgZ9Xfh\/\" target=\"_blank\" rel=\"nofollow noopener\">Alex De Minaur<\/a> <\/b>(11e mondial), <b><a href=\"https:\/\/www.flashscore.fr\/joueur\/djokovic-novak\/AZg49Et9\/\" target=\"_blank\" rel=\"nofollow noopener\">Novak Djokovic<\/a> <\/b>(38 ans) a laiss\u00e9 \u00e9chapper une manche mais s&rsquo;est finalement impos\u00e9 6-7 (8), 6-2, 7-5, 6-4 sur le Central contre <b><a href=\"https:\/\/www.flashscore.fr\/joueur\/cobolli-flavio\/zDtaCcPe\/\" target=\"_blank\" rel=\"nofollow noopener\">Flavio Cobolli<\/a><\/b>, de 15 ans son cadet.\u00a0<\/p>\n<p>Sur sa deuxi\u00e8me balle de match, Djokovic a n\u00e9anmoins fait une mauvaise chute et s&rsquo;est tordu de douleur quelques instants sur le court avant de se relever et de conclure le match quelques instants plus tard.<\/p>\n<p>En qu\u00eate d&rsquo;un 25e titre record en Grand Chelem, l&rsquo;ex-n\u00ba mondial jouera en demi-finale contre l&rsquo;actuel patron du circuit <b><a href=\"https:\/\/www.flashscore.fr\/joueur\/sinner-jannik\/6HdC3z4H\/\" target=\"_blank\" rel=\"nofollow noopener\">Jannik Sinner<\/a><\/b>, qualifi\u00e9 plus t\u00f4t dans l&rsquo;apr\u00e8s-midi contre <b><a href=\"https:\/\/www.flashscore.fr\/joueur\/shelton-ben\/QNuG0Gzb\/\" target=\"_blank\" rel=\"nofollow noopener\">Ben Shelton<\/a><\/b>.<\/p>\n<p>Les deux hommes se sont d\u00e9j\u00e0 rencontr\u00e9s en demi-finales de Roland-Garros d\u00e9but juin, et Sinner s&rsquo;\u00e9tait impos\u00e9 en trois sets.<\/p>\n<p>Sinner m\u00e8ne cinq victoires \u00e0 quatre dans ses duels avec Djokovic, mais a perdu ses deux seules confrontations sur gazon contre le Serbe, en quarts de finale de Wimbledon en 2022 et en demi-finales l&rsquo;ann\u00e9e suivante.<\/p>\n<p>Cobolli disputait lui le premier quart de finale de sa carri\u00e8re en Grand Chelem, apr\u00e8s avoir remport\u00e9 plus t\u00f4t dans l&rsquo;ann\u00e9e les deux premiers titres de sa carri\u00e8re sur la terre battue de Bucarest puis d&rsquo;Hambourg.<\/p>\n","protected":false},"excerpt":{"rendered":"Septuple vainqueur de Wimbledon, Novak Djokovic a rejoint mercredi le num\u00e9ro 1 mondial Jannik Sinner en demi-finale de&hellip;\n","protected":false},"author":2,"featured_media":239301,"comment_status":"","ping_status":"","sticky":false,"template":"","format":"standard","meta":{"footnotes":""},"categories":[1415],"tags":[1011,27,60,1467],"class_list":{"0":"post-239300","1":"post","2":"type-post","3":"status-publish","4":"format-standard","5":"has-post-thumbnail","7":"category-tennis","8":"tag-fr","9":"tag-france","10":"tag-sports","11":"tag-tennis"},"share_on_mastodon":{"url":"https:\/\/pubeurope.com\/@fr\/114827290419186799","error":""},"_links":{"self":[{"href":"https:\/\/www.europesays.com\/fr\/wp-json\/wp\/v2\/posts\/239300","targetHints":{"allow":["GET"]}}],"collection":[{"href":"https:\/\/www.europesays.com\/fr\/wp-json\/wp\/v2\/posts"}],"about":[{"href":"https:\/\/www.europesays.com\/fr\/wp-json\/wp\/v2\/types\/post"}],"author":[{"embeddable":true,"href":"https:\/\/www.europesays.com\/fr\/wp-json\/wp\/v2\/users\/2"}],"replies":[{"embeddable":true,"href":"https:\/\/www.europesays.com\/fr\/wp-json\/wp\/v2\/comments?post=239300"}],"version-history":[{"count":0,"href":"https:\/\/www.europesays.com\/fr\/wp-json\/wp\/v2\/posts\/239300\/revisions"}],"wp:featuredmedia":[{"embeddable":true,"href":"https:\/\/www.europesays.com\/fr\/wp-json\/wp\/v2\/media\/239301"}],"wp:attachment":[{"href":"https:\/\/www.europesays.com\/fr\/wp-json\/wp\/v2\/media?parent=239300"}],"wp:term":[{"taxonomy":"category","embeddable":true,"href":"https:\/\/www.europesays.com\/fr\/wp-json\/wp\/v2\/categories?post=239300"},{"taxonomy":"post_tag","embeddable":true,"href":"https:\/\/www.europesays.com\/fr\/wp-json\/wp\/v2\/tags?post=239300"}],"curies":[{"name":"wp","href":"https:\/\/api.w.org\/{rel}","templated":true}]}}