{"id":239360,"date":"2025-07-10T06:06:14","date_gmt":"2025-07-10T06:06:14","guid":{"rendered":"https:\/\/www.europesays.com\/fr\/239360\/"},"modified":"2025-07-10T06:06:14","modified_gmt":"2025-07-10T06:06:14","slug":"classement-airhelp-2025-laeroport-nice-cote-dazur-progresse-au-niveau-mondial-mais-reste-a-la-traine-en-france-2","status":"publish","type":"post","link":"https:\/\/www.europesays.com\/fr\/239360\/","title":{"rendered":"Classement AirHelp 2025: L\u2019a\u00e9roport Nice C\u00f4te d\u2019Azur progresse au niveau mondial, mais reste \u00e0 la tra\u00eene en France"},"content":{"rendered":"<p>Nice C\u00f4te d\u2019Azur se classe <strong data-start=\"521\" data-end=\"538\">211e au monde<\/strong> cette ann\u00e9e, contre <strong data-start=\"559\" data-end=\"567\">229e<\/strong> en 2024. Une remont\u00e9e significative, avec une <strong data-start=\"614\" data-end=\"641\">note globale de 7,10\/10<\/strong>, en hausse par rapport \u00e0 l\u2019an dernier (6,91). Cette progression s\u2019appuie notamment sur de <strong data-start=\"732\" data-end=\"781\">meilleurs r\u00e9sultats en mati\u00e8re de ponctualit\u00e9<\/strong> et une am\u00e9lioration de la qualit\u00e9 per\u00e7ue par les voyageurs.<\/p>\n<p>\u00ab\u00a0La progression de l\u2019a\u00e9roport Nice C\u00f4te d\u2019Azur dans ce classement atteste de notre politique soutenue d\u2019am\u00e9lioration de la qualit\u00e9 de service\u00a0\u00bb, souligne <strong data-start=\"1000\" data-end=\"1017\">Aymeric Staub<\/strong>, porte-parole des A\u00e9roports de la C\u00f4te d\u2019Azur.<\/p>\n<p>Toujours lanterne rouge des a\u00e9roports fran\u00e7ais<\/p>\n<p>Malgr\u00e9 cette dynamique, Nice reste <strong data-start=\"1158\" data-end=\"1172\">10e sur 10<\/strong> dans le classement national. Tous les autres grands a\u00e9roports fran\u00e7ais \u2013 de <strong data-start=\"1249\" data-end=\"1276\">Toulouse (101e mondial)<\/strong> \u00e0 <strong data-start=\"1279\" data-end=\"1298\">Beauvais (200e)<\/strong> \u2013 font mieux.\u00a0<\/p>\n<p>\u00ab\u00a0Sans doute t\u00e9moigne-t-elle aussi de notre lourde p\u00e9nalisation par les r\u00e9gulations et les gr\u00e8ves du Service de la Navigation A\u00e9rienne qui d\u00e9gradent fortement notre ponctualit\u00e9, <strong data-start=\"1650\" data-end=\"1737\">au d\u00e9triment des passagers, des compagnies et de l\u2019attractivit\u00e9 de notre territoire\u00a0\u00bb<\/strong>, poursuit Aymeric Staub.<\/p>\n<p>Une ponctualit\u00e9 structurellement p\u00e9nalis\u00e9e<\/p>\n<p>La m\u00e9thodologie d\u2019AirHelp repose pour 60 % sur la <strong data-start=\"1869\" data-end=\"1884\">ponctualit\u00e9<\/strong>, et c\u2019est bien l\u00e0 que le b\u00e2t blesse. Les perturbations li\u00e9es aux gr\u00e8ves et r\u00e9gulations impactent fortement <strong data-start=\"1992\" data-end=\"2020\">les performances de Nice<\/strong>, r\u00e9guli\u00e8rement point\u00e9es du doigt ces derni\u00e8res ann\u00e9es.<\/p>\n<p>En d\u00e9pit de ses efforts visibles, l\u2019a\u00e9roport azur\u00e9en reste donc <strong data-start=\"2141\" data-end=\"2164\">en queue de peloton au niveau national<\/strong>. \u00ab\u00a0Le fait que la quasi-totalit\u00e9 des a\u00e9roports fran\u00e7ais ait grimp\u00e9 de mani\u00e8re significative dans le classement international de l\u2019AirHelp Score t\u00e9moigne de l\u2019excellence avec laquelle la France d\u00e9fend ses standards. C\u2019est un v\u00e9ritable tour de force dans un contexte mondial d\u2019une comp\u00e9titivit\u00e9 sans pr\u00e9c\u00e9dent\u00a0\u00bb, nuance Francis Marasco, responsable de l\u2019analyse des donn\u00e9es chez AirHelp France.<\/p>\n","protected":false},"excerpt":{"rendered":"Nice C\u00f4te d\u2019Azur se classe 211e au monde cette ann\u00e9e, contre 229e en 2024. Une remont\u00e9e significative, avec&hellip;\n","protected":false},"author":2,"featured_media":238922,"comment_status":"","ping_status":"","sticky":false,"template":"","format":"standard","meta":{"footnotes":""},"categories":[2819],"tags":[1111,11,1777,674,1011,27,12,2401,882,25,800],"class_list":{"0":"post-239360","1":"post","2":"type-post","3":"status-publish","4":"format-standard","5":"has-post-thumbnail","7":"category-nice","8":"tag-actu","9":"tag-actualites","10":"tag-eu","11":"tag-europe","12":"tag-fr","13":"tag-france","14":"tag-news","15":"tag-nice","16":"tag-provence-alpes-cote-dazur","17":"tag-republique-francaise","18":"tag-transports"},"share_on_mastodon":{"url":"https:\/\/pubeurope.com\/@fr\/114827439860750931","error":""},"_links":{"self":[{"href":"https:\/\/www.europesays.com\/fr\/wp-json\/wp\/v2\/posts\/239360","targetHints":{"allow":["GET"]}}],"collection":[{"href":"https:\/\/www.europesays.com\/fr\/wp-json\/wp\/v2\/posts"}],"about":[{"href":"https:\/\/www.europesays.com\/fr\/wp-json\/wp\/v2\/types\/post"}],"author":[{"embeddable":true,"href":"https:\/\/www.europesays.com\/fr\/wp-json\/wp\/v2\/users\/2"}],"replies":[{"embeddable":true,"href":"https:\/\/www.europesays.com\/fr\/wp-json\/wp\/v2\/comments?post=239360"}],"version-history":[{"count":0,"href":"https:\/\/www.europesays.com\/fr\/wp-json\/wp\/v2\/posts\/239360\/revisions"}],"wp:featuredmedia":[{"embeddable":true,"href":"https:\/\/www.europesays.com\/fr\/wp-json\/wp\/v2\/media\/238922"}],"wp:attachment":[{"href":"https:\/\/www.europesays.com\/fr\/wp-json\/wp\/v2\/media?parent=239360"}],"wp:term":[{"taxonomy":"category","embeddable":true,"href":"https:\/\/www.europesays.com\/fr\/wp-json\/wp\/v2\/categories?post=239360"},{"taxonomy":"post_tag","embeddable":true,"href":"https:\/\/www.europesays.com\/fr\/wp-json\/wp\/v2\/tags?post=239360"}],"curies":[{"name":"wp","href":"https:\/\/api.w.org\/{rel}","templated":true}]}}