{"id":239380,"date":"2025-07-10T06:20:09","date_gmt":"2025-07-10T06:20:09","guid":{"rendered":"https:\/\/www.europesays.com\/fr\/239380\/"},"modified":"2025-07-10T06:20:09","modified_gmt":"2025-07-10T06:20:09","slug":"pres-de-lyon-six-hectares-de-vegetation-partent-en-fumee","status":"publish","type":"post","link":"https:\/\/www.europesays.com\/fr\/239380\/","title":{"rendered":"Pr\u00e8s de Lyon : six hectares de v\u00e9g\u00e9tation partent en fum\u00e9e"},"content":{"rendered":"<p>Un incendie s&rsquo;est d\u00e9clar\u00e9, ce mercredi 9 juillet, aux alentours de 18h, sur la commune de Genas. Au total, pr\u00e8s de 70 pompiers ont \u00e9t\u00e9 mobilis\u00e9s.<\/p>\n<p>Un nouveau sinistre dans l&rsquo;est lyonnais.<\/p>\n<p>Apr\u00e8s <a class=\"url\" href=\"https:\/\/radioscoop.com\/infos\/incendie-a-chassieu-un-blesse-grave-et-une-soixantaine-de-pompiers-sur-place_332783\" target=\"_blank\" rel=\"nofollow noopener\">l&rsquo;incendie qui a touch\u00e9 une entreprise de Chassieu<\/a>, lundi 7 juillet, un <b>feu de v\u00e9g\u00e9tation<\/b> s&rsquo;est d\u00e9clar\u00e9, cette fois, sur la commune de <b>Genas<\/b>, ce mercredi 9 juillet.<\/p>\n<p>Les flammes se propagent gr\u00e2ce au vent<\/p>\n<p>L&rsquo;intervention des pompiers a d\u00e9but\u00e9 aux alentours de 18h. Au total, <b>pr\u00e8s de 70 soldats du feu<\/b> ont \u00e9t\u00e9 engag\u00e9s, alors que le feu se propageait \u00e0 l&rsquo;aide du vent.<\/p>\n<p>Apr\u00e8s avoir ma\u00eetris\u00e9 les flammes, les secours sont rest\u00e9s sur place en surveillance avant de lever leur dispositif au cours de la nuit.\u00a0<\/p>\n<p>Au total, <b>six hectares de v\u00e9g\u00e9tation sont partis en fum\u00e9e<\/b>. Aucun bless\u00e9 n&rsquo;est \u00e0 d\u00e9plorer.<\/p>\n<p><img loading=\"lazy\" decoding=\"async\" src=\"https:\/\/www.europesays.com\/fr\/wp-content\/uploads\/2025\/07\/1752128409_418_img\" width=\"350\" height=\"200\" border=\"0\" title=\"Une inondation dans le 3e arrondissement de Lyon\"\/><\/p>\n<p>\u25baFaits divers<\/p>\n<p style=\"font-size: 22px;\"><b>[VID\u00c9O] Inondation impressionnante \u00e0 Lyon, des rues submerg\u00e9es en centre-ville<\/b><\/p>\n<p>Une \u00e9norme inondation s&rsquo;est produite ce mercredi&#8230;<\/p>\n<p><\/p>\n","protected":false},"excerpt":{"rendered":"Un incendie s&rsquo;est d\u00e9clar\u00e9, ce mercredi 9 juillet, aux alentours de 18h, sur la commune de Genas. Au&hellip;\n","protected":false},"author":2,"featured_media":239381,"comment_status":"","ping_status":"","sticky":false,"template":"","format":"standard","meta":{"footnotes":""},"categories":[1889],"tags":[1111,11,2430,27494,1777,674,1312,7482,1011,27,24502,1310,2428,12,1311,25,9844,37896],"class_list":{"0":"post-239380","1":"post","2":"type-post","3":"status-publish","4":"format-standard","5":"has-post-thumbnail","7":"category-lyon","8":"tag-actu","9":"tag-actualites","10":"tag-auvergne-rhone-alpes","11":"tag-chaume","12":"tag-eu","13":"tag-europe","14":"tag-feu","15":"tag-fort","16":"tag-fr","17":"tag-france","18":"tag-genas","19":"tag-incendie","20":"tag-lyon","21":"tag-news","22":"tag-pompiers","23":"tag-republique-francaise","24":"tag-rhne","25":"tag-vgtation"},"share_on_mastodon":{"url":"https:\/\/pubeurope.com\/@fr\/114827494929054902","error":""},"_links":{"self":[{"href":"https:\/\/www.europesays.com\/fr\/wp-json\/wp\/v2\/posts\/239380","targetHints":{"allow":["GET"]}}],"collection":[{"href":"https:\/\/www.europesays.com\/fr\/wp-json\/wp\/v2\/posts"}],"about":[{"href":"https:\/\/www.europesays.com\/fr\/wp-json\/wp\/v2\/types\/post"}],"author":[{"embeddable":true,"href":"https:\/\/www.europesays.com\/fr\/wp-json\/wp\/v2\/users\/2"}],"replies":[{"embeddable":true,"href":"https:\/\/www.europesays.com\/fr\/wp-json\/wp\/v2\/comments?post=239380"}],"version-history":[{"count":0,"href":"https:\/\/www.europesays.com\/fr\/wp-json\/wp\/v2\/posts\/239380\/revisions"}],"wp:featuredmedia":[{"embeddable":true,"href":"https:\/\/www.europesays.com\/fr\/wp-json\/wp\/v2\/media\/239381"}],"wp:attachment":[{"href":"https:\/\/www.europesays.com\/fr\/wp-json\/wp\/v2\/media?parent=239380"}],"wp:term":[{"taxonomy":"category","embeddable":true,"href":"https:\/\/www.europesays.com\/fr\/wp-json\/wp\/v2\/categories?post=239380"},{"taxonomy":"post_tag","embeddable":true,"href":"https:\/\/www.europesays.com\/fr\/wp-json\/wp\/v2\/tags?post=239380"}],"curies":[{"name":"wp","href":"https:\/\/api.w.org\/{rel}","templated":true}]}}