{"id":239400,"date":"2025-07-10T06:31:11","date_gmt":"2025-07-10T06:31:11","guid":{"rendered":"https:\/\/www.europesays.com\/fr\/239400\/"},"modified":"2025-07-10T06:31:11","modified_gmt":"2025-07-10T06:31:11","slug":"le-royaume-uni-maintient-un-prix-national-unique-pour-lenergie-en-gros","status":"publish","type":"post","link":"https:\/\/www.europesays.com\/fr\/239400\/","title":{"rendered":"Le Royaume-Uni maintient un prix national unique pour l\u2019\u00e9nergie en gros"},"content":{"rendered":"<p>Le Royaume-Uni continuera d\u2019appliquer un prix national unique pour l\u2019\u00e9nergie en gros, a annonc\u00e9 jeudi le gouvernement, estimant qu\u2019il s\u2019agit de la meilleure fa\u00e7on d\u2019offrir un syst\u00e8me \u00e9lectrique \u00ab\u00a0juste, abordable, s\u00fbr et efficace\u00a0\u00bb.<\/p>\n<p>\nLe gouvernement a pr\u00e9cis\u00e9 qu\u2019il pr\u00e9voyait de r\u00e9former le syst\u00e8me de tarification national existant, plut\u00f4t que de diviser le pays en diff\u00e9rentes zones tarifaires.<\/p>\n","protected":false},"excerpt":{"rendered":"Le Royaume-Uni continuera d\u2019appliquer un prix national unique pour l\u2019\u00e9nergie en gros, a annonc\u00e9 jeudi le gouvernement, estimant&hellip;\n","protected":false},"author":2,"featured_media":239401,"comment_status":"","ping_status":"","sticky":false,"template":"","format":"standard","meta":{"footnotes":""},"categories":[1588],"tags":[11,340,1777,674,12,473,1853,1851,1850,1852],"class_list":{"0":"post-239400","1":"post","2":"type-post","3":"status-publish","4":"format-standard","5":"has-post-thumbnail","7":"category-royaume-uni","8":"tag-actualites","9":"tag-bourse","10":"tag-eu","11":"tag-europe","12":"tag-news","13":"tag-royaume-uni","14":"tag-royaume-uni-de-grande-bretagne-et-dirlande-du-nord","15":"tag-uk","16":"tag-united-kingdom","17":"tag-united-kingdom-of-great-britain-and-northern-ireland"},"share_on_mastodon":{"url":"https:\/\/pubeurope.com\/@fr\/114827538181076323","error":""},"_links":{"self":[{"href":"https:\/\/www.europesays.com\/fr\/wp-json\/wp\/v2\/posts\/239400","targetHints":{"allow":["GET"]}}],"collection":[{"href":"https:\/\/www.europesays.com\/fr\/wp-json\/wp\/v2\/posts"}],"about":[{"href":"https:\/\/www.europesays.com\/fr\/wp-json\/wp\/v2\/types\/post"}],"author":[{"embeddable":true,"href":"https:\/\/www.europesays.com\/fr\/wp-json\/wp\/v2\/users\/2"}],"replies":[{"embeddable":true,"href":"https:\/\/www.europesays.com\/fr\/wp-json\/wp\/v2\/comments?post=239400"}],"version-history":[{"count":0,"href":"https:\/\/www.europesays.com\/fr\/wp-json\/wp\/v2\/posts\/239400\/revisions"}],"wp:featuredmedia":[{"embeddable":true,"href":"https:\/\/www.europesays.com\/fr\/wp-json\/wp\/v2\/media\/239401"}],"wp:attachment":[{"href":"https:\/\/www.europesays.com\/fr\/wp-json\/wp\/v2\/media?parent=239400"}],"wp:term":[{"taxonomy":"category","embeddable":true,"href":"https:\/\/www.europesays.com\/fr\/wp-json\/wp\/v2\/categories?post=239400"},{"taxonomy":"post_tag","embeddable":true,"href":"https:\/\/www.europesays.com\/fr\/wp-json\/wp\/v2\/tags?post=239400"}],"curies":[{"name":"wp","href":"https:\/\/api.w.org\/{rel}","templated":true}]}}