{"id":239412,"date":"2025-07-10T06:39:10","date_gmt":"2025-07-10T06:39:10","guid":{"rendered":"https:\/\/www.europesays.com\/fr\/239412\/"},"modified":"2025-07-10T06:39:10","modified_gmt":"2025-07-10T06:39:10","slug":"nous-ne-jouerons-pas-nues-alexia-richard-et-lezana-placette-font-tomber-leurs-vetements-pour-decrocher-un-equipementier","status":"publish","type":"post","link":"https:\/\/www.europesays.com\/fr\/239412\/","title":{"rendered":"\u00ab\u00a0Nous ne jouerons pas nues !\u00a0\u00bb&#8230; Alexia Richard et L\u00e9zana Placette font tomber leurs v\u00eatements pour d\u00e9crocher un \u00e9quipementier"},"content":{"rendered":"\n<p class=\"c-chapo \">\n  La paire de volleyeuse fran\u00e7aise, qui a particip\u00e9 aux Jeux olympiques de Paris 2024, a fait un coup de communication le 7 juin dernier, sur un rond-point \u00e0 Toulouse, pour alerter sur leur recherche infructueuse de sponsors.\n<\/p>\n<p>    <img loading=\"lazy\" decoding=\"async\" class=\"signature__image lazyload\" width=\"100\" height=\"100\" data- alt=\"\" src=\"https:\/\/www.europesays.com\/fr\/wp-content\/uploads\/2025\/05\/6488414b9dac6_appo-rond.png\"\/><\/p>\n<p>          France T\u00e9l\u00e9visions &#8211; R\u00e9daction Sport<\/p>\n<p>    Publi\u00e9 le 10\/07\/2025 07:30<\/p>\n<p>        Temps de lecture : 4min<\/p>\n<p>    <img decoding=\"async\"  alt=\"La paire fran\u00e7aise de beach-volley Lezana Placette (\u00e0 gauche) et Alexia Richard (\u00e0 droite) ont particip\u00e9 aux Jeux olympiques de Paris, au stade de la Tour Eiffel, le 29 juillet 2024. (BALLET PAULINE \/ AFP)\" width=\"432\" height=\"243\" src=\"https:\/\/www.europesays.com\/fr\/wp-content\/uploads\/2025\/07\/043-kmsp-001440-0017-686e122478d1a348204481.jpg\" fetchpriority=\"high\"\/><\/p>\n<p>      La paire fran\u00e7aise de beach-volley Lezana Placette (\u00e0 gauche) et Alexia Richard (\u00e0 droite) ont particip\u00e9 aux Jeux olympiques de Paris, au stade de la Tour Eiffel, le 29 juillet 2024. (BALLET PAULINE \/ AFP)<\/p>\n<p>\u00ab\u00a0Non, Non ! Nous ne jouerons pas nues !\u00a0\u00bb \u00ab\u00a0S.O.S Equimentier\u00a0\u00bb. Ces slogans sont ceux d&rsquo;<a href=\"https:\/\/www.franceinfo.fr\/replay-magazine\/franceinfo\/les-yeux-dans-les-jeux\/les-yeux-dans-les-jeux-louis-laforge-a-teste-le-volley-de-plage-avec-lezana-placette-et-alexia-richard_6590862.html\" rel=\"nofollow noopener\" target=\"_blank\">Alexia Richard, 29 ans, et <\/a><a href=\"https:\/\/www.franceinfo.fr\/replay-magazine\/franceinfo\/les-yeux-dans-les-jeux\/les-yeux-dans-les-jeux-louis-laforge-a-teste-le-volley-de-plage-avec-lezana-placette-et-alexia-richard_6590862.html\" rel=\"nofollow noopener\" target=\"_blank\">L\u00e9zana Placette<\/a>, 27 ans, partenaires de beach-volley au sein de l&rsquo;\u00e9quipe de France. Le 7 juin dernier, les deux joueuses se sont d\u00e9v\u00eatues sur un rond-point, pr\u00e8s du Creps (Centre de ressources d&rsquo;expertise et de performance sportive) de Toulouse (Occitanie), avec en guise d&rsquo;accessoires deux pancartes pour y afficher leurs revendications. <\/p>\n<p>Derri\u00e8re cette action, les deux athl\u00e8tes cherchent d\u00e9sesp\u00e9r\u00e9ment un \u00e9quipementier personnel [en compl\u00e9ment de celui de l&rsquo;\u00e9quipe de France pour les comp\u00e9titions sous le maillot bleu]. La vid\u00e9o, <a href=\"https:\/\/fr.linkedin.com\/posts\/alexia-richard-b93198142_l%C3%A9lan-des-jeux-olympiques-de-paris-2024-activity-7330548150291623936-RMN2\" target=\"_blank\" rel=\"noopener nofollow\">publi\u00e9e sur Linkedin dans un premier temps<\/a>, s&rsquo;est ensuite retrouv\u00e9e sur tous les r\u00e9seaux sociaux.<\/p>\n<p>\u00ab\u00a0On est rest\u00e9 10-15 minutes post\u00e9es, raconte Alexia Richard. C&rsquo;\u00e9tait assez dr\u00f4le de voir les gens faire plusieurs fois le tour du rond-point parce qu&rsquo;ils voulaient lire les panneaux.\u00a0\u00bb Une id\u00e9e qui rappelle celle du perchiste Romain Mesnil qui avait couru en 2009, perche \u00e0 la main, dans les rues de Paris pour, lui aussi, trouver un \u00e9quipementier.<\/p>\n<p>Apr\u00e8s des mois et des mois de recherches, elles ont donc tent\u00e9 ce \u00ab\u00a0coup de comm\u00a0\u00bb. \u00ab\u00a0Nous sommes dans l&rsquo;\u00e9lite de notre sport, et nous avons \u00e9t\u00e9 la premi\u00e8re paire f\u00e9minine depuis 24 ans \u00e0 se qualifier aux JO \u00e0 Paris. On a jou\u00e9 dans <a href=\"https:\/\/www.franceinfo.fr\/les-jeux-olympiques\/paris-2024\/focus\/jo-2024-versailles-grand-palais-tour-eiffel-les-cinq-sites-olympiques-qui-nous-ont-bluffes_6716691.html\" rel=\"nofollow noopener\" target=\"_blank\">l&rsquo;un des plus beaux sites olympiques<\/a> [au pied de la Tour Eiffel] et la billetterie pour notre discipline a \u00e9t\u00e9 prise d&rsquo;assaut. On a pens\u00e9 que cela suffirait \u00e0 attirer les sponsors\u00a0\u00bb, explique \u00e0 franceinfo: sport Alexia Richard, associ\u00e9e \u00e0 L\u00e9zana Placette, depuis plus de dix ans sur le sable.<\/p>\n<p>\u00ab\u00a0Avant les Jeux, la France \u00e9tait port\u00e9e par le sport gr\u00e2ce \u00e0 l&rsquo;accueil des Jeux de Paris, rappelle L\u00e9zana Placette. Et on pensait, qu&rsquo;avec la visibilit\u00e9 des Jeux, on serait un peu plus dans la lumi\u00e8re avant et apr\u00e8s Paris 2024. Mais, on a senti un essoufflement apr\u00e8s l&rsquo;euphorie des Jeux au niveau des sponsors. Trouver des partenaires s&rsquo;est complexifi\u00e9\u00a0\u00bb, observe L\u00e9zana Placette qui a toutefois \u00ab\u00a0conscience du contexte \u00e9conomique actuel\u00a0\u00bb.<\/p>\n<p>M\u00eame si Alexia Richard et L\u00e9zana Placette peuvent s&rsquo;appuyer sur leurs deux principaux supports tout au long de la saison, que sont la F\u00e9d\u00e9ration fran\u00e7aise de beach-volley et l&rsquo;Arm\u00e9e (avec qui elles ont un contrat militaire), ne pas avoir un contrat avec un \u00e9quipementier personnel reste un gros d\u00e9savantage. \u00ab\u00a0Nous ne sommes pas les plus \u00e0 plaindre, mais nous sommes loin du professionnalisme que notre mode de vie engendre. Et cela fait dix ans que l&rsquo;on n&rsquo;a pas d&rsquo;\u00e9quipementier priv\u00e9 pour nous\u00a0\u00bb, remarque Alexia. Dans le quotidien, cela signifie qu&rsquo;elles doivent s&rsquo;acheter leurs tenues d&rsquo;entra\u00eenements et de comp\u00e9tition, mais pas seulement.<\/p>\n<blockquote class=\"ftvi_content_quote\">\n<p class=\"ftvi_citation_quote\">\u00ab\u00a0En comp\u00e9tition [hors prises en charge f\u00e9d\u00e9rale], on doit payer l&rsquo;h\u00e9bergement, la nourriture et les vols, pour des destinations \u00e0 l&rsquo;autre bout du monde comme Duba\u00ef ou les Philippines. On atteint vite des milliers d&rsquo;euros.\u00a0\u00bb<\/p>\n<p>Alexia Richard, joueuse de beach-volley de l&rsquo;\u00e9quipe de France<\/p>\n<p class=\"ftvi_citation_source\">\u00e0 franceinfo: sport<\/p>\n<\/blockquote>\n<p>Derri\u00e8re cette absence d&rsquo;\u00e9quipementier, Alexia Richard d\u00e9plore l&rsquo;effet des r\u00e9seaux sociaux sur le march\u00e9 des sponsors : \u00ab\u00a0Aujourd&rsquo;hui, on voit des sportifs qui ont un bon niveau national au mieux, et qui sont sponsoris\u00e9s par des marques parce qu&rsquo;ils ont 30, 40, 50, voire 100\u00a0000 followers. Nous, nous ne sommes pas des influenceuses et cela r\u00e9duit de fait nos chances. C&rsquo;est cela qui nous attriste et qui nous a pouss\u00e9es \u00e0 lancer cet appel \u00e0 l&rsquo;aide\u00a0\u00bb.<\/p>\n<p>Un peu plus d&rsquo;un mois apr\u00e8s avoir lanc\u00e9 l&rsquo;initiative, la vid\u00e9o a permis d&rsquo;ouvrir quelques pistes. \u00ab\u00a0Nous avons \u00e9t\u00e9 contact\u00e9es par des \u00e9quipementiers et des entreprises. On attend des r\u00e9ponses dans les prochaines semaines\u00a0\u00bb, affirme Alexia Richard, confiante. Surtout, la volleyeuse a \u00e9t\u00e9 touch\u00e9e par la large mobilisation. \u00ab\u00a0Certaines personnes nous ont dit qu&rsquo;elles ne pouvaient pas nous soutenir financi\u00e8rement, mais qu&rsquo;elles nous soutenaient et qu&rsquo;elles allaient partager le post et en parler autour d&rsquo;elles. Ce soutien nous a fait chaud au c\u0153ur\u00a0\u00bb, confie-t-elle. En attendant un futur partenaire, Alexia Richard et L\u00e9zana Placette se sont fix\u00e9 un nouvel objectif : celui de jouer un podium olympique \u00e0 Los Angeles en 2028.<\/p>\n","protected":false},"excerpt":{"rendered":"La paire de volleyeuse fran\u00e7aise, qui a particip\u00e9 aux Jeux olympiques de Paris 2024, a fait un coup&hellip;\n","protected":false},"author":2,"featured_media":239413,"comment_status":"","ping_status":"","sticky":false,"template":"","format":"standard","meta":{"footnotes":""},"categories":[1417],"tags":[1011,27,60,1470,1469],"class_list":{"0":"post-239412","1":"post","2":"type-post","3":"status-publish","4":"format-standard","5":"has-post-thumbnail","7":"category-volley","8":"tag-fr","9":"tag-france","10":"tag-sports","11":"tag-volley","12":"tag-volleyball"},"share_on_mastodon":{"url":"https:\/\/pubeurope.com\/@fr\/114827569690405335","error":""},"_links":{"self":[{"href":"https:\/\/www.europesays.com\/fr\/wp-json\/wp\/v2\/posts\/239412","targetHints":{"allow":["GET"]}}],"collection":[{"href":"https:\/\/www.europesays.com\/fr\/wp-json\/wp\/v2\/posts"}],"about":[{"href":"https:\/\/www.europesays.com\/fr\/wp-json\/wp\/v2\/types\/post"}],"author":[{"embeddable":true,"href":"https:\/\/www.europesays.com\/fr\/wp-json\/wp\/v2\/users\/2"}],"replies":[{"embeddable":true,"href":"https:\/\/www.europesays.com\/fr\/wp-json\/wp\/v2\/comments?post=239412"}],"version-history":[{"count":0,"href":"https:\/\/www.europesays.com\/fr\/wp-json\/wp\/v2\/posts\/239412\/revisions"}],"wp:featuredmedia":[{"embeddable":true,"href":"https:\/\/www.europesays.com\/fr\/wp-json\/wp\/v2\/media\/239413"}],"wp:attachment":[{"href":"https:\/\/www.europesays.com\/fr\/wp-json\/wp\/v2\/media?parent=239412"}],"wp:term":[{"taxonomy":"category","embeddable":true,"href":"https:\/\/www.europesays.com\/fr\/wp-json\/wp\/v2\/categories?post=239412"},{"taxonomy":"post_tag","embeddable":true,"href":"https:\/\/www.europesays.com\/fr\/wp-json\/wp\/v2\/tags?post=239412"}],"curies":[{"name":"wp","href":"https:\/\/api.w.org\/{rel}","templated":true}]}}