{"id":239414,"date":"2025-07-10T06:40:12","date_gmt":"2025-07-10T06:40:12","guid":{"rendered":"https:\/\/www.europesays.com\/fr\/239414\/"},"modified":"2025-07-10T06:40:12","modified_gmt":"2025-07-10T06:40:12","slug":"bru-affirme-ses-ambitions-pour-la-saison-prochaine-et-cible-des-secteurs-a-ameliorer-en-recrutant","status":"publish","type":"post","link":"https:\/\/www.europesays.com\/fr\/239414\/","title":{"rendered":"Bru affirme ses ambitions pour la saison prochaine et cible des secteurs \u00e0 am\u00e9liorer en recrutant"},"content":{"rendered":"<p>L\u2019Union Bordeaux-B\u00e8gles ne veut plus s\u2019arr\u00eater en si bon chemin. Cette saison, le club girondin est parvenu \u00e0 d\u00e9crocher le premier troph\u00e9e de sa jeune histoire en soulevant la Champions Cup. Quelques semaines plus tard, les co\u00e9quipiers de Maxime Lucu sont pass\u00e9s proches d\u2019un doubl\u00e9, tombant en prolongation face au Stade Toulousain en finale du Top 14.<\/p>\n<p>Apr\u00e8s la rencontre, Laurent Marti s\u2019\u00e9tait montr\u00e9 prudent, \u00e9voquant comme objectif une place dans le top 6 la saison suivante. Appel\u00e9 \u00e0 revenir sur cette d\u00e9claration pour <a href=\"https:\/\/www.rugbyrama.fr\/2025\/07\/08\/entretien-exclusif-top-14-certains-mettent-un-nez-rouge-moi-je-suis-plus-mesure-les-confidences-de-yannick-bru-apres-la-folle-saison-de-lubb-12806166.php\" rel=\"nofollow noopener\" target=\"_blank\">Midi Olympique<\/a>, Yannick Bru a bien conscience que les supporters comme la direction ne s\u2019en contenteront plus apr\u00e8s le changement de statut du club.<\/p>\n<blockquote>\n<p>\u00ab\u00a0On se conna\u00eet un peu, avec Laurent, depuis le temps et je crains que le top 6 ne lui suffise pas. Mais il a \u00e9t\u00e9 prudent. Nous serons une cible \u00e0 abattre, avec un nouveau statut puisqu\u2019on est champions d\u2019Europe. Petit \u00e0 petit, l\u2019UBB arrive \u00e0 une phase de maturit\u00e9 en termes de comp\u00e9tences sportives. Il faudra porter et assumer cette \u00e9tiquette. Ce sera aussi un d\u00e9fi d\u2019entrer dans le camp des vainqueurs, malgr\u00e9 le fait qu\u2019on soit encore plus attendu. L\u2019ambition sera de se qualifier dans les deux premiers. Nous avons mesur\u00e9, cette ann\u00e9e, l\u2019importance de la fra\u00eecheur. L\u2019ambition sera exactement la m\u00eame que cette ann\u00e9e. Mais faire aussi bien en ayant d\u00e9j\u00e0 v\u00e9cu une saison tr\u00e8s positive sera un vrai challenge. J\u2019esp\u00e8re que nous allons continuer. Mon souhait, c\u2019est que dans les interactions entre nos joueurs, le staff et notre direction, nous continuions \u00e0 \u00e9voluer avec la m\u00eame harmonie, sans nous prendre pour d\u2019autres. Comme je l\u2019ai souvent dit, on n\u2019a march\u00e9 sur personne cette ann\u00e9e mais on a \u00e9t\u00e9 constants, m\u00e9ticuleux et opini\u00e2tres dans les progr\u00e8s que nous voulions r\u00e9aliser.\u00a0\u00bb<\/p>\n<\/blockquote>\n<p>Bru entend \u00ab\u00a0densifier son cinq de devant\u00a0\u00bb<\/p>\n<p>Pour poursuivre sa progression et aller contrarier le Stade Toulousain notamment, l\u2019Union Bordeaux-B\u00e8gles devra s\u2019appuyer sur une conqu\u00eate plus performante. Un axe de progression que la direction entend combler sur le march\u00e9 des transferts.<\/p>\n<blockquote>\n<p>\u00ab\u00a0Il n\u2019est pas besoin d\u2019\u00eatre un grand expert pour l\u2019analyser. M\u00eame si nous avons \u00e9t\u00e9 pr\u00e9sents dans beaucoup de grands rendez-vous, notre conqu\u00eate directe est peut-\u00eatre le secteur o\u00f9 nous n\u2019avons pas eu la constance que nous devrions avoir. Malgr\u00e9 des progr\u00e8s immenses, notamment en Champions Cup et en phases finales, on a vu que notre touche \u00e9tait dans le bas du classement. Je suis bien plac\u00e9 pour savoir que les stats peuvent\u00a0dire ce qu\u2019on veut, il faut donc faire attention \u00e0 la mani\u00e8re dont on manie les chiffres. Mais, pour notre alignement en touche, ce n\u2019\u00e9tait pas suffisant en termes de constance. Notre m\u00eal\u00e9e peut aussi faire beaucoup mieux. Il est \u00e9vident que la densification de notre cinq de devant est un chantier pour le futur. C\u2019est d\u2019ailleurs l\u00e0 qu\u2019avec Laurent, nous avons concentr\u00e9 nos efforts de recrutement.\u00a0\u00bb<\/p>\n<\/blockquote>\n<p>\u00a0<\/p>\n<p>Partagez cette info avec vos amis et vos proches en cliquant ici<br \/>Pour r\u00e9sumer<\/p>\n<p>Yannick Bru est revenu sur la belle saison de l\u2019Union Bordeaux-B\u00e8gles dans les colonnes de Midi Olympique. Le manager du club girondin a cibl\u00e9 les secteurs d\u00e9faillants pour les am\u00e9liorer, notamment en ce qui concerne la conqu\u00eate.<\/p>\n<p> <img decoding=\"async\" width=\"76\" height=\"76\" loading=\"lazy\" src=\"https:\/\/www.europesays.com\/fr\/wp-content\/uploads\/2025\/04\/avatar-quinze.png\" alt=\"Arnaud D\u00e9chelotte\"\/><\/p>\n","protected":false},"excerpt":{"rendered":"L\u2019Union Bordeaux-B\u00e8gles ne veut plus s\u2019arr\u00eater en si bon chemin. Cette saison, le club girondin est parvenu \u00e0&hellip;\n","protected":false},"author":2,"featured_media":239415,"comment_status":"","ping_status":"","sticky":false,"template":"","format":"standard","meta":{"footnotes":""},"categories":[1416],"tags":[1011,27,479,1468,60],"class_list":{"0":"post-239414","1":"post","2":"type-post","3":"status-publish","4":"format-standard","5":"has-post-thumbnail","7":"category-rugby","8":"tag-fr","9":"tag-france","10":"tag-rugby","11":"tag-rugby-football","12":"tag-sports"},"share_on_mastodon":{"url":"https:\/\/pubeurope.com\/@fr\/114827573647727212","error":""},"_links":{"self":[{"href":"https:\/\/www.europesays.com\/fr\/wp-json\/wp\/v2\/posts\/239414","targetHints":{"allow":["GET"]}}],"collection":[{"href":"https:\/\/www.europesays.com\/fr\/wp-json\/wp\/v2\/posts"}],"about":[{"href":"https:\/\/www.europesays.com\/fr\/wp-json\/wp\/v2\/types\/post"}],"author":[{"embeddable":true,"href":"https:\/\/www.europesays.com\/fr\/wp-json\/wp\/v2\/users\/2"}],"replies":[{"embeddable":true,"href":"https:\/\/www.europesays.com\/fr\/wp-json\/wp\/v2\/comments?post=239414"}],"version-history":[{"count":0,"href":"https:\/\/www.europesays.com\/fr\/wp-json\/wp\/v2\/posts\/239414\/revisions"}],"wp:featuredmedia":[{"embeddable":true,"href":"https:\/\/www.europesays.com\/fr\/wp-json\/wp\/v2\/media\/239415"}],"wp:attachment":[{"href":"https:\/\/www.europesays.com\/fr\/wp-json\/wp\/v2\/media?parent=239414"}],"wp:term":[{"taxonomy":"category","embeddable":true,"href":"https:\/\/www.europesays.com\/fr\/wp-json\/wp\/v2\/categories?post=239414"},{"taxonomy":"post_tag","embeddable":true,"href":"https:\/\/www.europesays.com\/fr\/wp-json\/wp\/v2\/tags?post=239414"}],"curies":[{"name":"wp","href":"https:\/\/api.w.org\/{rel}","templated":true}]}}