{"id":239418,"date":"2025-07-10T06:43:11","date_gmt":"2025-07-10T06:43:11","guid":{"rendered":"https:\/\/www.europesays.com\/fr\/239418\/"},"modified":"2025-07-10T06:43:11","modified_gmt":"2025-07-10T06:43:11","slug":"lecho-des-reseaux-qui-a-piege-johann-zarco-aux-echecs","status":"publish","type":"post","link":"https:\/\/www.europesays.com\/fr\/239418\/","title":{"rendered":"L&rsquo;\u00e9cho des r\u00e9seaux : Qui a pi\u00e9g\u00e9 Johann Zarco aux \u00e9checs\u202f?"},"content":{"rendered":"<p><img loading=\"lazy\" decoding=\"async\" src=\"https:\/\/www.europesays.com\/fr\/wp-content\/uploads\/2025\/07\/Reseaux-sociaux-Recupere-Recupere.png\" alt=\"MotoGP, Johann Zarco\" class=\"\" width=\"1080\" height=\"675\"\/><\/p>\n<p><strong>Vous n\u2019\u00eates pas assez int\u00e9ress\u00e9 par les r\u00e9seaux sociaux<br \/>\npour suivre plusieurs centaines de pilotes<\/strong><strong>, mais<br \/>\nvous n\u2019aimez pas rater aucune des petites histoires qui animent le<br \/>\nMotoGP (Moto2 et Moto3), le <a href=\"https:\/\/www.worldsbk.com\/\" rel=\"nofollow noopener\" target=\"_blank\">WorldSBK<\/a> et les autres cat\u00e9gories ?<br \/>\nCette<a href=\"https:\/\/www.paddock-gp.com\/en\/?s=echo+reseaux\" target=\"_blank\" rel=\"noopener nofollow\">\u00a0rubrique quotidienne<\/a> est<br \/>\nfaite pour vous, pour bien commencer la journ\u00e9e en attendant des<br \/>\narticles plus cons\u00e9quents mais parfois moins insolites !<br \/>\nAujourd\u2019hui, d\u00e9couvrez les personnalit\u00e9s d\u00e9fi\u00e9es par Johann Zarco<br \/>\nsur l\u2019\u00e9chiquier.\u00a0<\/strong><\/p>\n<p class=\"my-0\">Dans une vid\u00e9o in\u00e9dite publi\u00e9e sur la cha\u00eene<br \/>\nYouTube de Canal+, Johann Zarco, pilote MotoGP et passionn\u00e9<br \/>\nd\u2019\u00e9checs, s\u2019est pr\u00eat\u00e9 \u00e0 un exercice original : affronter tour \u00e0<br \/>\ntour plusieurs personnalit\u00e9s issues de son entourage sportif et<br \/>\nm\u00e9diatique autour d\u2019un \u00e9chiquier. Une s\u00e9quence pleine d\u2019humour, de<br \/>\nrivalit\u00e9 amicale et de surprises, qui met en lumi\u00e8re une autre<br \/>\nfacette du champion fran\u00e7ais. Pour ce d\u00e9fi, la production a r\u00e9uni<br \/>\nun plateau vari\u00e9 :<\/p>\n<ul class=\"marker:text-textOff list-disc\">\n<li>\n<p class=\"my-0\"><strong>Antoine Harlot :<\/strong> journaliste et<br \/>\ncommentateur de Canal+ sur les Grands Prix de MotoGP.<\/p>\n<\/li>\n<li>\n<p class=\"my-0\"><strong>Louis Rossi<\/strong> : \u00a0ancien pilote<br \/>\net consultant.<\/p>\n<\/li>\n<li>\n<p class=\"my-0\"><strong>Gaspar Mopier<\/strong> : le monteur de la<br \/>\ns\u00e9rie documentaire Canal+ \u00ab\u202fTeam Zarco\u202f\u00bb.<\/p>\n<\/li>\n<li>\n<p class=\"my-0\"><strong>Th\u00e9o Gartin :<\/strong>\u00a0influenceur<br \/>\nsuivi par des centaines de milliers de fans pour ses contenus<br \/>\nd\u00e9cal\u00e9s et humoristiques.<\/p>\n<\/li>\n<\/ul>\n<p class=\"my-0\">Chacun a relev\u00e9 le d\u00e9fi, en affrontant Johann Zarco<br \/>\navec des niveaux vari\u00e9s, certains \u00e9tant plut\u00f4t d\u00e9butants, d\u2019autres,<br \/>\npas exp\u00e9riment\u00e9s.<\/p>\n<\/p>\n<p><a href=\"https:\/\/www.paddock-gp.com\/wp-content\/uploads\/2025\/07\/Capture-decran-2025-07-09-a-11.58.51.png\" rel=\"nofollow noopener\" target=\"_blank\"><br \/>\n<img loading=\"lazy\" decoding=\"async\" class=\"aligncenter wp-image-1307565 size-large\" src=\"https:\/\/www.europesays.com\/fr\/wp-content\/uploads\/2025\/07\/Capture-decran-2025-07-09-a-11.58.51-600x311.png\" alt=\"\" width=\"600\" height=\"311\"  \/><\/a><\/p>\n","protected":false},"excerpt":{"rendered":"Vous n\u2019\u00eates pas assez int\u00e9ress\u00e9 par les r\u00e9seaux sociaux pour suivre plusieurs centaines de pilotes, mais vous n\u2019aimez&hellip;\n","protected":false},"author":2,"featured_media":239419,"comment_status":"","ping_status":"","sticky":false,"template":"","format":"standard","meta":{"footnotes":""},"categories":[1413],"tags":[1011,27,1457,1456,60],"class_list":{"0":"post-239418","1":"post","2":"type-post","3":"status-publish","4":"format-standard","5":"has-post-thumbnail","7":"category-moto","8":"tag-fr","9":"tag-france","10":"tag-moto","11":"tag-motocycle","12":"tag-sports"},"share_on_mastodon":{"url":"https:\/\/pubeurope.com\/@fr\/114827585621303778","error":""},"_links":{"self":[{"href":"https:\/\/www.europesays.com\/fr\/wp-json\/wp\/v2\/posts\/239418","targetHints":{"allow":["GET"]}}],"collection":[{"href":"https:\/\/www.europesays.com\/fr\/wp-json\/wp\/v2\/posts"}],"about":[{"href":"https:\/\/www.europesays.com\/fr\/wp-json\/wp\/v2\/types\/post"}],"author":[{"embeddable":true,"href":"https:\/\/www.europesays.com\/fr\/wp-json\/wp\/v2\/users\/2"}],"replies":[{"embeddable":true,"href":"https:\/\/www.europesays.com\/fr\/wp-json\/wp\/v2\/comments?post=239418"}],"version-history":[{"count":0,"href":"https:\/\/www.europesays.com\/fr\/wp-json\/wp\/v2\/posts\/239418\/revisions"}],"wp:featuredmedia":[{"embeddable":true,"href":"https:\/\/www.europesays.com\/fr\/wp-json\/wp\/v2\/media\/239419"}],"wp:attachment":[{"href":"https:\/\/www.europesays.com\/fr\/wp-json\/wp\/v2\/media?parent=239418"}],"wp:term":[{"taxonomy":"category","embeddable":true,"href":"https:\/\/www.europesays.com\/fr\/wp-json\/wp\/v2\/categories?post=239418"},{"taxonomy":"post_tag","embeddable":true,"href":"https:\/\/www.europesays.com\/fr\/wp-json\/wp\/v2\/tags?post=239418"}],"curies":[{"name":"wp","href":"https:\/\/api.w.org\/{rel}","templated":true}]}}