{"id":239433,"date":"2025-07-10T06:52:28","date_gmt":"2025-07-10T06:52:28","guid":{"rendered":"https:\/\/www.europesays.com\/fr\/239433\/"},"modified":"2025-07-10T06:52:28","modified_gmt":"2025-07-10T06:52:28","slug":"faire-du-cinema-fatigue-quentin-dupieux-et-ca-commence-a-se-voir-dans-son-nouveau-film-laccident-de-piano","status":"publish","type":"post","link":"https:\/\/www.europesays.com\/fr\/239433\/","title":{"rendered":"Faire du cin\u00e9ma fatigue Quentin Dupieux et \u00e7a commence \u00e0 se voir dans son nouveau film \u00ab\u00a0L&rsquo;accident de piano\u00a0\u00bb"},"content":{"rendered":"<p>\u0152il surr\u00e9aliste<\/p>\n<p class=\"ap-StoryElement ap-StoryElement--mb ap-StoryText\">Si Quentin Dupieux a ind\u00e9niablement un \u0153il surr\u00e9aliste et manie les images chocs de ce huis clos absurde dans un chalet de luxe, on se demande \u00e0 quoi il sert, tant le cynisme semble \u00eatre son v\u00e9ritable moteur. Sous couvert d&rsquo;expier les p\u00e9ch\u00e9s du star-syst\u00e8me dans une com\u00e9die noire servie par des personnages secondaires bankables (J\u00e9r\u00f4me Commandeur en assistant opportuniste et maltrait\u00e9 et Sandrine Kiberlain en journaliste qui cherche \u00e0 profiter de la psych\u00e9 malade de Magaloche),<\/p>\n<p class=\"ap-StoryElement ap-StoryElement--mb ap-StoryText\">Quentin Dupieux pousse en m\u00eame temps ses personnages vers la sortie et c&rsquo;est sans appel. Peut-\u00eatre qu&rsquo;apr\u00e8s 14 longs-m\u00e9trages qui pactisent pourtant avec le star syst\u00e8me, faire du cin\u00e9ma la fatigue. Le probl\u00e8me, c&rsquo;est que \u00e7a commence \u00e0 se voir.<\/p>\n<p><img loading=\"lazy\" decoding=\"async\" class=\"w-full lazyload lazyload--opacity object-contain\" style=\"aspect-ratio:86 \/ 100;opacity:1\" alt=\"affiche L'accident de piano cr\u00e9dot O'Brother\" width=\"768\" height=\"895\" fetchpriority=\"auto\" src=\"https:\/\/www.europesays.com\/fr\/wp-content\/uploads\/2025\/06\/S5VKD3X55FFF3BW6V4SEHXNP7I.png\"  data- data-optimumx=\"1\"\/>affiche L&rsquo;accident de piano cr\u00e9dot O&rsquo;Brother \u00a9O&rsquo;Brother<\/p>\n<p class=\"ap-StoryElement ap-StoryElement--mb ap-StoryText\"><b>L&rsquo;accident de piano<\/b><\/p>\n<p class=\"ap-StoryElement ap-StoryElement--mb ap-StoryText\">R\u00e9alis\u00e9 par Quentin Dupieux. Avec Ad\u00e8le Exarchopoulos, J\u00e9r\u00f4me Commandeur, Sandrine Kiberlain \u2013 88&prime;<\/p>\n","protected":false},"excerpt":{"rendered":"\u0152il surr\u00e9aliste Si Quentin Dupieux a ind\u00e9niablement un \u0153il surr\u00e9aliste et manie les images chocs de ce huis&hellip;\n","protected":false},"author":2,"featured_media":239434,"comment_status":"","ping_status":"","sticky":false,"template":"","format":"standard","meta":{"footnotes":""},"categories":[1354],"tags":[650,58,59,849,5634,37899,1346,1011,27,1360,973],"class_list":{"0":"post-239433","1":"post","2":"type-post","3":"status-publish","4":"format-standard","5":"has-post-thumbnail","7":"category-films","8":"tag-cinema","9":"tag-divertissement","10":"tag-entertainment","11":"tag-festival","12":"tag-festival-de-cannes","13":"tag-fif78","14":"tag-films","15":"tag-fr","16":"tag-france","17":"tag-movies","18":"tag-people"},"share_on_mastodon":{"url":"https:\/\/pubeurope.com\/@fr\/114827621073652420","error":""},"_links":{"self":[{"href":"https:\/\/www.europesays.com\/fr\/wp-json\/wp\/v2\/posts\/239433","targetHints":{"allow":["GET"]}}],"collection":[{"href":"https:\/\/www.europesays.com\/fr\/wp-json\/wp\/v2\/posts"}],"about":[{"href":"https:\/\/www.europesays.com\/fr\/wp-json\/wp\/v2\/types\/post"}],"author":[{"embeddable":true,"href":"https:\/\/www.europesays.com\/fr\/wp-json\/wp\/v2\/users\/2"}],"replies":[{"embeddable":true,"href":"https:\/\/www.europesays.com\/fr\/wp-json\/wp\/v2\/comments?post=239433"}],"version-history":[{"count":0,"href":"https:\/\/www.europesays.com\/fr\/wp-json\/wp\/v2\/posts\/239433\/revisions"}],"wp:featuredmedia":[{"embeddable":true,"href":"https:\/\/www.europesays.com\/fr\/wp-json\/wp\/v2\/media\/239434"}],"wp:attachment":[{"href":"https:\/\/www.europesays.com\/fr\/wp-json\/wp\/v2\/media?parent=239433"}],"wp:term":[{"taxonomy":"category","embeddable":true,"href":"https:\/\/www.europesays.com\/fr\/wp-json\/wp\/v2\/categories?post=239433"},{"taxonomy":"post_tag","embeddable":true,"href":"https:\/\/www.europesays.com\/fr\/wp-json\/wp\/v2\/tags?post=239433"}],"curies":[{"name":"wp","href":"https:\/\/api.w.org\/{rel}","templated":true}]}}