{"id":239437,"date":"2025-07-10T06:54:10","date_gmt":"2025-07-10T06:54:10","guid":{"rendered":"https:\/\/www.europesays.com\/fr\/239437\/"},"modified":"2025-07-10T06:54:10","modified_gmt":"2025-07-10T06:54:10","slug":"son-discours-dadieu-bouleverse-les-employes-de-red-bull","status":"publish","type":"post","link":"https:\/\/www.europesays.com\/fr\/239437\/","title":{"rendered":"son discours d\u2019adieu bouleverse les employ\u00e9s de Red Bull"},"content":{"rendered":"<p itemprop=\"description\">Vir\u00e9 juste apr\u00e8s le Grand Prix de<br \/>\nGrande-Bretagne, Christian Horner a livr\u00e9 un discours d\u2019adieu<br \/>\nbouleversant devant toute l\u2019\u00e9quipe Red Bull, entre larmes,<br \/>\ngratitude et stupeur g\u00e9n\u00e9rale.<\/p>\n<p data-start=\"210\" data-end=\"693\">Dans un moment charg\u00e9 d\u2019\u00e9motion,<br \/>\nChristian Horner a pris la parole devant l\u2019ensemble des employ\u00e9s du<br \/>\ngroupe Red Bull lors de sa derni\u00e8re journ\u00e9e au sein de l\u2019\u00e9curie de<br \/>\nFormule 1.<\/p>\n<p data-start=\"210\" data-end=\"693\">Ce discours marquait la fin<br \/>\nd\u2019une \u00e8re pour l\u2019ancien chef d\u2019\u00e9quipe, dont le d\u00e9part survient<br \/>\nquelques jours \u00e0 peine apr\u00e8s le Grand Prix de Grande-Bretagne. Un<br \/>\nenregistrement vid\u00e9o, diffus\u00e9 par Sky Sports, permet de<br \/>\nd\u00e9couvrir en exclusivit\u00e9 les messages poignants qu\u2019il a adress\u00e9s<br \/>\naux membres de son \u00e9quipe.<\/p>\n<p>Une d\u00e9cision soudainement<br \/>\nimpos\u00e9e<\/p>\n<p data-start=\"739\" data-end=\"1247\">Alors que l\u2019aventure Red Bull<br \/>\navait longtemps connu le succ\u00e8s sur les circuits, les 18 derniers<br \/>\nmois ont \u00e9t\u00e9 particuli\u00e8rement difficiles pour l\u2019\u00e9curie, tant sur le<br \/>\nplan sportif qu\u2019en dehors. La tournure des \u00e9v\u00e9nements a ainsi<br \/>\nabouti \u00e0 la d\u00e9cision <a href=\"https:\/\/f1i.autojournal.fr\/infos\/breaking-news\/coup-de-tonnerre-chez-red-bull-christian-horner-vire-avec-effet-immediat\/\" target=\"_blank\" rel=\"noopener\"><br \/>\nde licencier Christian Horner de ses fonctions de directeur<br \/>\nd\u2019\u00e9quipe<\/a>. Ce choix, annonc\u00e9 de mani\u00e8re op\u00e9rationnelle quelques<br \/>\njours seulement apr\u00e8s la derni\u00e8re course britannique, a pris de<br \/>\ncourt le leader britannique, qui n\u2019a jamais eu l\u2019occasion de s\u2019y<br \/>\npr\u00e9parer.<\/p>\n<p data-start=\"1249\" data-end=\"1565\">Au d\u00e9but de la journ\u00e9e<br \/>\nfatidique, des informations relay\u00e9es par Sky Sports<br \/>\nindiquaient d\u00e9j\u00e0 que Horner avait \u00e9t\u00e9 submerg\u00e9 par l\u2019\u00e9motion durant<br \/>\nson dernier discours. Dans une ambiance teint\u00e9e de tristesse, il a<br \/>\nd\u00fb, \u00e0 plusieurs reprises, lutter contre l\u2019envahissement des larmes<br \/>\nen d\u00e9voilant l\u2019annonce \u00e0 ses coll\u00e8gues.<\/p>\n<p>Des mots de gratitude et de<br \/>\nsouvenirs<\/p>\n<p data-start=\"1615\" data-end=\"1979\">Sur une estrade modeste et<br \/>\ndevant une assembl\u00e9e nombreuse des effectifs de Red Bull, Horner a<br \/>\nd\u00e9clar\u00e9 : \u00ab\u00a0Hier, j\u2019ai appris que je ne serais plus impliqu\u00e9<br \/>\ndans les op\u00e9rations du groupe ni dans le fonctionnement de l\u2019\u00e9quipe<br \/>\napr\u00e8s ce rassemblement. Bien que je reste salari\u00e9 de l\u2019entreprise,<br \/>\nla gestion op\u00e9rationnelle va \u00eatre transf\u00e9r\u00e9e \u00e0 une nouvelle<br \/>\ndirection.\u00a0\u00bb<\/p>\n<p data-start=\"1981\" data-end=\"2546\">Ces mots, porteurs de v\u00e9rit\u00e9<br \/>\net d\u2019amertume, illustrent \u00e0 quel point la nouvelle a \u00e9t\u00e9 un choc<br \/>\npour lui. Il a poursuivi en exprimant sa profonde reconnaissance<br \/>\nenvers chaque membre de l\u2019\u00e9quipe, rappelant avec \u00e9motion les deux<br \/>\nd\u00e9cennies pass\u00e9es \u00e0 b\u00e2tir ensemble ce qui est d\u00e9sormais consid\u00e9r\u00e9<br \/>\ncomme une puissance en Formule 1.<\/p>\n<p data-start=\"1981\" data-end=\"2546\">En \u00e9voquant ses d\u00e9buts<br \/>\nmodestes marqu\u00e9s par l\u2019insouciance d\u2019un homme moins exp\u00e9riment\u00e9, il<br \/>\nse souvient d\u2019un accueil chaleureux et d\u2019un travail acharn\u00e9 qui a<br \/>\npermis de transformer de simples installations en un symbole<br \/>\nd\u2019excellence sportive.<\/p>\n<p>L\u2019h\u00e9ritage d\u2019une carri\u00e8re<br \/>\nremarquable<\/p>\n<p data-start=\"2596\" data-end=\"3013\">Au-del\u00e0 de la simple annonce<br \/>\nde son d\u00e9part, le discours de Horner se voulait aussi un hommage \u00e0<br \/>\nl\u2019esprit d\u2019\u00e9quipe et \u00e0 l\u2019engagement sans faille de tous ceux qui<br \/>\nont particip\u00e9 \u00e0 cette incroyable aventure. Ses paroles, ponctu\u00e9es<br \/>\nd\u2019une sinc\u00e9rit\u00e9 d\u00e9sarmante, t\u00e9moignent d\u2019une carri\u00e8re d\u00e9di\u00e9e \u00e0 la<br \/>\ntransformation de d\u00e9fis en succ\u00e8s, et d\u2019un attachement ind\u00e9fectible<br \/>\nenvers une \u00e9quipe qui a su surmonter bien des obstacles.<\/p>\n<p data-start=\"3015\" data-end=\"3303\">Le moment o\u00f9 sa voix a<br \/>\nl\u00e9g\u00e8rement vacill\u00e9 a r\u00e9uni l\u2019assembl\u00e9e dans une chaleureuse<br \/>\novation, symbole de l\u2019affection et du respect mutuel entre le<br \/>\nleader et ses collaborateurs. Ce fut, pour beaucoup, une fa\u00e7on de<br \/>\ndire au revoir \u00e0 un homme qui a profond\u00e9ment marqu\u00e9 le monde de la<br \/>\nFormule 1.<\/p>\n<p data-start=\"3326\" data-end=\"3737\" data-is-last-node=\"\" data-is-only-node=\"\">Ce dernier discours de Christian Horner<br \/>\nrestera grav\u00e9 dans la m\u00e9moire de l\u2019\u00e9quipe Red Bull, illustrant un<br \/>\nparcours ponctu\u00e9 de passion, de lutte et de r\u00e9ussites<br \/>\nexceptionnelles. Son d\u00e9part, bien que douloureux, ouvre la voie \u00e0<br \/>\nune nouvelle \u00e8re et illustre comment, parfois, m\u00eame les figures les<br \/>\nplus embl\u00e9matiques doivent laisser place \u00e0 l\u2019\u00e9volution pour faire<br \/>\nperdurer l\u2019esprit de comp\u00e9titivit\u00e9 et d\u2019innovation.<\/p>\n","protected":false},"excerpt":{"rendered":"Vir\u00e9 juste apr\u00e8s le Grand Prix de Grande-Bretagne, Christian Horner a livr\u00e9 un discours d\u2019adieu bouleversant devant toute&hellip;\n","protected":false},"author":2,"featured_media":239438,"comment_status":"","ping_status":"","sticky":false,"template":"","format":"standard","meta":{"footnotes":""},"categories":[9],"tags":[3380,1011,27,2255,60],"class_list":{"0":"post-239437","1":"post","2":"type-post","3":"status-publish","4":"format-standard","5":"has-post-thumbnail","7":"category-sports","8":"tag-christian-horner","9":"tag-fr","10":"tag-france","11":"tag-red-bull","12":"tag-sports"},"share_on_mastodon":{"url":"https:\/\/pubeurope.com\/@fr\/114827628692926227","error":""},"_links":{"self":[{"href":"https:\/\/www.europesays.com\/fr\/wp-json\/wp\/v2\/posts\/239437","targetHints":{"allow":["GET"]}}],"collection":[{"href":"https:\/\/www.europesays.com\/fr\/wp-json\/wp\/v2\/posts"}],"about":[{"href":"https:\/\/www.europesays.com\/fr\/wp-json\/wp\/v2\/types\/post"}],"author":[{"embeddable":true,"href":"https:\/\/www.europesays.com\/fr\/wp-json\/wp\/v2\/users\/2"}],"replies":[{"embeddable":true,"href":"https:\/\/www.europesays.com\/fr\/wp-json\/wp\/v2\/comments?post=239437"}],"version-history":[{"count":0,"href":"https:\/\/www.europesays.com\/fr\/wp-json\/wp\/v2\/posts\/239437\/revisions"}],"wp:featuredmedia":[{"embeddable":true,"href":"https:\/\/www.europesays.com\/fr\/wp-json\/wp\/v2\/media\/239438"}],"wp:attachment":[{"href":"https:\/\/www.europesays.com\/fr\/wp-json\/wp\/v2\/media?parent=239437"}],"wp:term":[{"taxonomy":"category","embeddable":true,"href":"https:\/\/www.europesays.com\/fr\/wp-json\/wp\/v2\/categories?post=239437"},{"taxonomy":"post_tag","embeddable":true,"href":"https:\/\/www.europesays.com\/fr\/wp-json\/wp\/v2\/tags?post=239437"}],"curies":[{"name":"wp","href":"https:\/\/api.w.org\/{rel}","templated":true}]}}