{"id":239439,"date":"2025-07-10T06:55:11","date_gmt":"2025-07-10T06:55:11","guid":{"rendered":"https:\/\/www.europesays.com\/fr\/239439\/"},"modified":"2025-07-10T06:55:11","modified_gmt":"2025-07-10T06:55:11","slug":"macron-et-starmer-prets-a-signer-un-engagement-historique-sur-la-dissuasion-nucleaire","status":"publish","type":"post","link":"https:\/\/www.europesays.com\/fr\/239439\/","title":{"rendered":"Macron et Starmer pr\u00eats\u00a0\u00e0 signer un engagement historique sur la dissuasion nucl\u00e9aire"},"content":{"rendered":"<p>        <img decoding=\"async\" loading=\"lazy\" src=\"https:\/\/www.europesays.com\/fr\/wp-content\/uploads\/2025\/07\/d4e2c8e_upload-1-jfdpzmmsswyt-000-66be8w2.jpg\"  width=\"728\" height=\"410\" alt=\"La France et le Royaume-Uni sont pr\u00eats \u00e0 \u00ab\u00a0coordonner\u00a0\u00bb leur dissuasion nucl\u00e9aire et \u00e0 prot\u00e9ger l\u2019Europe de toute \u00ab\u00a0menace extr\u00eame\u00a0\u00bb, annoncent ce mercredi 9\u00a0juillet les deux pays.\"\/>  <\/p>\n<p>LUDOVIC MARIN \/ AFP<\/p>\n<p>La France et le Royaume-Uni sont pr\u00eats \u00e0 \u00ab\u00a0coordonner\u00a0\u00bb leur dissuasion nucl\u00e9aire et \u00e0 prot\u00e9ger l\u2019Europe de toute \u00ab\u00a0menace extr\u00eame\u00a0\u00bb, annoncent ce mercredi 9\u00a0juillet les deux pays.<\/p>\n<p class=\"asset asset-text\">INTERNATIONAL &#8211; Un engagement historique. La <a href=\"https:\/\/www.huffingtonpost.fr\/politique\/article\/macron-a-londres-avec-un-planning-xxl-pour-rester-aussi-dans-le-jeu-francais_252318.html\" target=\"_blank\" rel=\"noopener\">France et le Royaume-Uni<\/a> sont pr\u00eats \u00e0 \u00ab\u00a0coordonner\u00a0\u00bb leur <a href=\"https:\/\/www.huffingtonpost.fr\/politique\/article\/que-signifie-vraiment-la-dissuasion-nucleaire-europeenne-evoquee-par-emmanuel-macron_246936.html\" target=\"_blank\" rel=\"noopener\">dissuasion nucl\u00e9aire<\/a> et \u00e0 prot\u00e9ger l\u2019Europe de toute \u00ab\u00a0menace extr\u00eame\u00a0\u00bb, ont annonc\u00e9 ce mercredi 9\u00a0juillet les deux pays. Il s\u2019agit d\u2019une \u00e9volution majeure de leur doctrine dans le contexte de la d\u00e9gradation de la s\u00e9curit\u00e9 europ\u00e9enne.<\/p>\n<p class=\"asset asset-text\">\u00c0 l\u2019occasion d\u2019une visite d\u2019\u00c9tat au Royaume-Uni, le pr\u00e9sident fran\u00e7ais Emmanuel Macron et le Premier ministre britannique Keir Starmer vont signer jeudi cette nouvelle d\u00e9claration, qui \u00ab\u00a0affirmera pour la premi\u00e8re fois que les moyens de\u00a0dissuasion\u00a0respectifs des deux pays sont ind\u00e9pendants mais peuvent \u00eatre coordonn\u00e9s\u00a0\u00bb, ont indiqu\u00e9 le minist\u00e8re britannique de la D\u00e9fense et la pr\u00e9sidence fran\u00e7aise. Ils ajoutent \u00ab\u00a0qu\u2019il n\u2019existe aucune menace extr\u00eame sur l\u2019Europe qui ne susciterait une r\u00e9ponse des deux pays\u00a0\u00bb, sans pr\u00e9ciser la nature de cette r\u00e9ponse.<\/p>\n<p class=\"asset asset-text\">Emmanuel Macron avait ouvert depuis plusieurs mois<a href=\"https:\/\/www.huffingtonpost.fr\/politique\/video\/partager-la-dissuasion-nucleaire-avec-les-europeens-macron-lance-le-debat-les-politiques-en-ebullition_246937.html\" target=\"_blank\" rel=\"noopener\"> le d\u00e9bat du partage de la dissuasion nucl\u00e9aire <\/a>avec les voisins du continent europ\u00e9en.<\/p>\n<p>    \u00ab\u00a0Un groupe de supervision\u00a0nucl\u00e9aire\u00a0\u00bb    <\/p>\n<p class=\"asset asset-text\">La souverainet\u00e9 sur la d\u00e9cision d\u2019engager le feu\u00a0nucl\u00e9aire\u00a0reste enti\u00e8re, mais \u00ab\u00a0tout adversaire mena\u00e7ant les int\u00e9r\u00eats vitaux du Royaume-Uni ou de la France pourrait \u00eatre confront\u00e9 \u00e0 la puissance des forces nucl\u00e9aires des deux nations\u00a0\u00bb, affirment les deux pays.<\/p>\n<p class=\"asset asset-text\">\u00ab\u00a0C\u2019est vraiment une \u00e9tape suppl\u00e9mentaire avec un degr\u00e9 de coordination in\u00e9dit au niveau militaire et politique\u00a0\u00bb, souligne aupr\u00e8s de l\u2019AFP Helo\u00efse Fayet,\u00a0chercheuse sur les questions nucl\u00e9aires \u00e0 l\u2019Institut fran\u00e7ais des relations internationales (Ifri).<\/p>\n<p class=\"asset asset-text\">Selon la pr\u00e9sidence fran\u00e7aise, \u00ab\u00a0un groupe de supervision\u00a0nucl\u00e9aire\u00a0\u00bb, copr\u00e9sid\u00e9 par l\u2019\u00c9lys\u00e9e et le Cabinet Office britannique, sera \u00e9galement charg\u00e9 de \u00ab\u00a0coordonner la coop\u00e9ration croissante dans le domaine de la politique, des capacit\u00e9s et des op\u00e9rations\u00a0\u00bb.<\/p>\n<p class=\"asset asset-text\">Cela fait 30\u00a0ans, depuis la d\u00e9claration conjointe dite de \u00ab\u00a0Chequers\u00a0\u00bb en 1995, que le Royaume-Uni et la France &#8211; seules puissances nucl\u00e9aires en Europe occidentale &#8211; n\u2019avaient pas fait \u00e9voluer le principe encadrant leur coop\u00e9ration en mati\u00e8re de\u00a0dissuasion.<\/p>\n<p class=\"asset asset-text\">Celle-ci stipulait que les deux pays \u00ab\u00a0n\u2019imaginent pas de situation dans laquelle les int\u00e9r\u00eats vitaux de l\u2019un des deux pays (&#8230;) pourraient \u00eatre menac\u00e9s sans que les int\u00e9r\u00eats vitaux de l\u2019autre le soient aussi\u00a0\u00bb. Mais sans \u00e9voquer la r\u00e9ponse mobilis\u00e9e en cas de menace.<\/p>\n<p>    Guerre en Ukraine et incertitudes sur l\u2019engagement am\u00e9ricain    <\/p>\n<p class=\"asset asset-text\">Depuis, le contexte s\u00e9curitaire et militaire a chang\u00e9 en Europe, en particulier depuis l\u2019invasion russe de l\u2019Ukraine d\u00e9clench\u00e9e par la Russie en 2022.<\/p>\n<p class=\"asset asset-text\">L\u2019incertitude sur l\u2019engagement des \u00c9tats-Unis vis-\u00e0-vis de leurs alli\u00e9s europ\u00e9ens et de l\u2019Otan sous la pr\u00e9sidence de Donald Trump a \u00e9galement pouss\u00e9 plusieurs pays \u00e0 s\u2019interroger sur la solidit\u00e9 de la garantie de s\u00e9curit\u00e9 am\u00e9ricaine.<\/p>\n<p class=\"asset asset-text\">Ce renforcement de la coop\u00e9ration en mati\u00e8re de d\u00e9fense promet d\u2019\u00eatre l\u2019annonce majeure du sommet bilat\u00e9ral franco-britannique que doivent pr\u00e9sider Keir Starmer et Emmanuel Macron jeudi \u00e0 Downing Street. Ils doivent aussi annoncer une acc\u00e9l\u00e9ration du programme conjoint de missiles de croisi\u00e8re Scalp\/Storm Shadow et lancer la \u00ab\u00a0nouvelle phase\u00a0\u00bb de leur projet conjoint de futurs missiles de croisi\u00e8re et de missiles antinavires, selon Londres.<\/p>\n<p class=\"asset asset-text\">Les accords de coop\u00e9ration bilat\u00e9raux de Lancaster House en 2010 avaient ent\u00e9rin\u00e9 la cr\u00e9ation d\u2019une force exp\u00e9ditionnaire conjointe (CJEF) franco-britannique. Elle aura d\u00e9sormais vocation \u00e0 constituer le \u00ab\u00a0socle\u00a0\u00bb de la \u00ab\u00a0coalition des volontaires\u00a0\u00bb que Paris et Londres ont lanc\u00e9e d\u00e9but 2025, qui r\u00e9unit une trentaine de pays engag\u00e9s dans le renforcement des capacit\u00e9s de d\u00e9fense de l\u2019Ukraine et dans la garantie d\u2019un futur cessez-le-feu entre Kiev et Moscou.<\/p>\n<p class=\"asset asset-text\">Keir Starmer et Emmanuel Macron doivent d\u2019ailleurs pr\u00e9sider jeudi une r\u00e9union en visioconf\u00e9rence de la coalition, \u00e0 laquelle devraient participer des repr\u00e9sentants am\u00e9ricains, selon l\u2019\u00c9lys\u00e9e.<\/p>\n","protected":false},"excerpt":{"rendered":"LUDOVIC MARIN \/ AFP La France et le Royaume-Uni sont pr\u00eats \u00e0 \u00ab\u00a0coordonner\u00a0\u00bb leur dissuasion nucl\u00e9aire et \u00e0&hellip;\n","protected":false},"author":2,"featured_media":239440,"comment_status":"","ping_status":"","sticky":false,"template":"","format":"standard","meta":{"footnotes":""},"categories":[8],"tags":[58,1073,59,1011,27,14,2581,5654,473],"class_list":{"0":"post-239439","1":"post","2":"type-post","3":"status-publish","4":"format-standard","5":"has-post-thumbnail","7":"category-divertissement","8":"tag-divertissement","9":"tag-emmanuel-macron","10":"tag-entertainment","11":"tag-fr","12":"tag-france","13":"tag-international","14":"tag-keir-starmer","15":"tag-nucleaire","16":"tag-royaume-uni"},"share_on_mastodon":{"url":"https:\/\/pubeurope.com\/@fr\/114827632753534988","error":""},"_links":{"self":[{"href":"https:\/\/www.europesays.com\/fr\/wp-json\/wp\/v2\/posts\/239439","targetHints":{"allow":["GET"]}}],"collection":[{"href":"https:\/\/www.europesays.com\/fr\/wp-json\/wp\/v2\/posts"}],"about":[{"href":"https:\/\/www.europesays.com\/fr\/wp-json\/wp\/v2\/types\/post"}],"author":[{"embeddable":true,"href":"https:\/\/www.europesays.com\/fr\/wp-json\/wp\/v2\/users\/2"}],"replies":[{"embeddable":true,"href":"https:\/\/www.europesays.com\/fr\/wp-json\/wp\/v2\/comments?post=239439"}],"version-history":[{"count":0,"href":"https:\/\/www.europesays.com\/fr\/wp-json\/wp\/v2\/posts\/239439\/revisions"}],"wp:featuredmedia":[{"embeddable":true,"href":"https:\/\/www.europesays.com\/fr\/wp-json\/wp\/v2\/media\/239440"}],"wp:attachment":[{"href":"https:\/\/www.europesays.com\/fr\/wp-json\/wp\/v2\/media?parent=239439"}],"wp:term":[{"taxonomy":"category","embeddable":true,"href":"https:\/\/www.europesays.com\/fr\/wp-json\/wp\/v2\/categories?post=239439"},{"taxonomy":"post_tag","embeddable":true,"href":"https:\/\/www.europesays.com\/fr\/wp-json\/wp\/v2\/tags?post=239439"}],"curies":[{"name":"wp","href":"https:\/\/api.w.org\/{rel}","templated":true}]}}