{"id":239450,"date":"2025-07-10T07:02:13","date_gmt":"2025-07-10T07:02:13","guid":{"rendered":"https:\/\/www.europesays.com\/fr\/239450\/"},"modified":"2025-07-10T07:02:13","modified_gmt":"2025-07-10T07:02:13","slug":"asse-plusieurs-joueurs-aux-abonnes-absents","status":"publish","type":"post","link":"https:\/\/www.europesays.com\/fr\/239450\/","title":{"rendered":"ASSE : PLUSIEURS JOUEURS AUX ABONN\u00c9S ABSENTS"},"content":{"rendered":"<p>                <a href=\"https:\/\/cadenceradio.fr\" target=\"_blank\" aria-label=\"Banni\u00e8re Cadence 2025\" rel=\"nofollow noopener\"><img loading=\"lazy\" decoding=\"async\" src=\"https:\/\/www.europesays.com\/fr\/wp-content\/uploads\/2025\/07\/Banniere-Cadence-2025-scaled.jpg\" alt=\"\"   width=\"2560\" height=\"738\"\/><\/a><\/p>\n<p>Malheureusement, le spectacle n\u2019\u00e9tait pas complet c\u00f4t\u00e9 Verts. L\u2019effectif ressemblait davantage \u00e0 un gruy\u00e8re qu\u2019\u00e0 un groupe au complet, avec plusieurs absences notables qui ont fait grincer des dents.<\/p>\n<p>La nouvelle recrue Chico Lamba brillait par son absence, n\u2019ayant pas encore foul\u00e9 la pelouse st\u00e9phanoise. Lucas Stassin manquait \u00e9galement \u00e0 l\u2019appel, tout comme A\u00efmen Moueffek qui poursuit sa remise en forme. Zuriko Davitashvili, clou\u00e9 au lit par la maladie, n\u2019a pas pu participer, tandis que Benjamin Bouchouari souffrait de douleurs dorsales. Dylan Batubinsika et Djylian N\u2019Guessan compl\u00e9taient cette liste d\u2019absents qui inqui\u00e8te \u00e0 quelques jours du prochain match amical.<\/p>\n<p>Petite consolation : Stassin et Lamba ont tout de m\u00eame fait acte de pr\u00e9sence en fin de s\u00e9ance depuis le banc de touche, histoire de ne pas totalement dispara\u00eetre des radars.<\/p>\n<p>Heureusement, toutes les nouvelles ne sont pas mauvaises ! Les jeunes pousses Ayman Aiki et Jibril Othman ont retrouv\u00e9 le chemin des terrains d\u2019entra\u00eenement apr\u00e8s leurs exp\u00e9riences en pr\u00eat. Cheikh Fall a \u00e9galement rejoint le groupe, apportant un peu de fra\u00eecheur \u00e0 l\u2019effectif.<\/p>\n<p>Horneland met le paquet sur l\u2019intensit\u00e9<\/p>\n<p>Sur le terrain, le technicien norv\u00e9gien Eirik Horneland n\u2019a pas ch\u00f4m\u00e9. Sa s\u00e9ance alternait habilement entre exercices techniques (travail de passes et situations de sup\u00e9riorit\u00e9 num\u00e9rique) et pr\u00e9paration physique intensive. Les fameux exercices 15-15 (quinze secondes d\u2019effort, quinze secondes de r\u00e9cup\u00e9ration) avec changements de direction ont fait suer les joueurs.<\/p>\n<p>L\u2019entra\u00eeneur s\u2019est montr\u00e9 particuli\u00e8rement vocal lors des phases de pressing, d\u00e9montrant son implication totale dans la pr\u00e9paration de son \u00e9quipe.<\/p>\n<p>Rendez-vous samedi contre Troyes<\/p>\n<p>Cette s\u00e9ance d\u2019entra\u00eenement servira de base pour le prochain test amical face \u00e0 Troyes, programm\u00e9 samedi \u00e0 17h. L\u2019occasion pour Horneland de voir si ses hommes ont bien assimil\u00e9 les consignes et si les absents d\u2019aujourd\u2019hui seront de retour pour \u00e9toffer l\u2019effectif.<\/p>\n","protected":false},"excerpt":{"rendered":"Malheureusement, le spectacle n\u2019\u00e9tait pas complet c\u00f4t\u00e9 Verts. L\u2019effectif ressemblait davantage \u00e0 un gruy\u00e8re qu\u2019\u00e0 un groupe au&hellip;\n","protected":false},"author":2,"featured_media":239451,"comment_status":"","ping_status":"","sticky":false,"template":"","format":"standard","meta":{"footnotes":""},"categories":[9653],"tags":[1111,11,461,2430,1777,674,2257,1011,27,3367,12,25,4001,517],"class_list":{"0":"post-239450","1":"post","2":"type-post","3":"status-publish","4":"format-standard","5":"has-post-thumbnail","7":"category-saint-etienne","8":"tag-actu","9":"tag-actualites","10":"tag-asse","11":"tag-auvergne-rhone-alpes","12":"tag-eu","13":"tag-europe","14":"tag-foot","15":"tag-fr","16":"tag-france","17":"tag-loire","18":"tag-news","19":"tag-republique-francaise","20":"tag-saint-etienne","21":"tag-sport"},"share_on_mastodon":{"url":"https:\/\/pubeurope.com\/@fr\/114827660072881674","error":""},"_links":{"self":[{"href":"https:\/\/www.europesays.com\/fr\/wp-json\/wp\/v2\/posts\/239450","targetHints":{"allow":["GET"]}}],"collection":[{"href":"https:\/\/www.europesays.com\/fr\/wp-json\/wp\/v2\/posts"}],"about":[{"href":"https:\/\/www.europesays.com\/fr\/wp-json\/wp\/v2\/types\/post"}],"author":[{"embeddable":true,"href":"https:\/\/www.europesays.com\/fr\/wp-json\/wp\/v2\/users\/2"}],"replies":[{"embeddable":true,"href":"https:\/\/www.europesays.com\/fr\/wp-json\/wp\/v2\/comments?post=239450"}],"version-history":[{"count":0,"href":"https:\/\/www.europesays.com\/fr\/wp-json\/wp\/v2\/posts\/239450\/revisions"}],"wp:featuredmedia":[{"embeddable":true,"href":"https:\/\/www.europesays.com\/fr\/wp-json\/wp\/v2\/media\/239451"}],"wp:attachment":[{"href":"https:\/\/www.europesays.com\/fr\/wp-json\/wp\/v2\/media?parent=239450"}],"wp:term":[{"taxonomy":"category","embeddable":true,"href":"https:\/\/www.europesays.com\/fr\/wp-json\/wp\/v2\/categories?post=239450"},{"taxonomy":"post_tag","embeddable":true,"href":"https:\/\/www.europesays.com\/fr\/wp-json\/wp\/v2\/tags?post=239450"}],"curies":[{"name":"wp","href":"https:\/\/api.w.org\/{rel}","templated":true}]}}