{"id":239467,"date":"2025-07-10T07:14:11","date_gmt":"2025-07-10T07:14:11","guid":{"rendered":"https:\/\/www.europesays.com\/fr\/239467\/"},"modified":"2025-07-10T07:14:11","modified_gmt":"2025-07-10T07:14:11","slug":"quel-avenir-pour-cette-maison-abandonnee-au-milieu-dun-grand-projet-immobilier","status":"publish","type":"post","link":"https:\/\/www.europesays.com\/fr\/239467\/","title":{"rendered":"Quel avenir pour cette maison abandonn\u00e9e au milieu d\u2019un grand projet immobilier\u00a0?"},"content":{"rendered":"<p>Elle a des allures de maison hant\u00e9e. Cette petite b\u00e2tisse faite de briques rouge a beau avoir un glorieux pass\u00e9, elle fait aujourd\u2019hui peine \u00e0 voir. A <a href=\"https:\/\/www.20minutes.fr\/rennes\/2346903-20181004-video-rennes-abandon-petite-maison-va-defier-tour-100-metres-haut\" class=\"color-ultramarine c-link\" target=\"_blank\" rel=\"noopener\">l\u2019abandon depuis au moins une dizaine d\u2019ann\u00e9es<\/a>, la maison situ\u00e9e sur le pont de l\u2019Alma, \u00e0 <a href=\"https:\/\/www.20minutes.fr\/rennes\/\" class=\"color-ultramarine c-link\" target=\"_blank\" rel=\"noopener\">Rennes<\/a>, est en piteux \u00e9tat. D\u00e9labr\u00e9e, elle a m\u00eame d\u00fb \u00eatre drap\u00e9e d\u2019un vilain filet vert pour \u00e9viter que sa fa\u00e7ade ne vienne se d\u00e9composer sur le trottoir qu\u2019elle domine. Les fen\u00eatres et la porte ont \u00e9t\u00e9 mur\u00e9es et seuls quelques pigeons et chauve-souris ont pu trouver une entr\u00e9e dans la b\u00e2tisse offrant une vue imprenable sur la gare. Mais elle est toujours l\u00e0, debout, comme dans si <a href=\"https:\/\/www.20minutes.fr\/rennes\/4084820-20240404-rennes-future-tour-samsic-perd-30-metres-cause-inflation\" class=\"color-ultramarine c-link\" target=\"_blank\" rel=\"noopener\">elle attendait un train vers une deuxi\u00e8me vie<\/a>.<\/p>\n<p>Et une deuxi\u00e8me vie, elle aura. Prot\u00e9g\u00e9e au classement patrimonial de Rennes, cette maison de l\u2019Octroi va \u00eatre enti\u00e8rement r\u00e9nov\u00e9e dans le cadre du vaste projet d\u2019urbanisme port\u00e9 par Samsic <a href=\"https:\/\/www.20minutes.fr\/societe\/4162585-20250708-rennes-jamais-tour-samsic-geant-proprete-raboter-projet\" class=\"color-ultramarine c-link\" target=\"_blank\" rel=\"noopener\">pour y \u00e9tablir son nouveau si\u00e8ge<\/a>. Le g\u00e9ant des services aux entreprises a d\u00fb la conserver et promet de la retaper. Sans v\u00e9ritablement savoir quelle sera son utilit\u00e9. \u00ab\u00a0On va tout refaire \u00e0 l\u2019int\u00e9rieur, \u00e7a va \u00eatre super beau\u00a0\u00bb, assure Thierry Geffroy, patron de Samsic.<\/p>\n<p><img decoding=\"async\" alt=\"Le nouveau si\u00e8ge de la soci\u00e9t\u00e9 Samsic se construit sur le bord de la rue de l'Alma, \u00e0 Rennes. Il devrait \u00eatre livr\u00e9 en 2027 et int\u00e9grera la vieille maison de l'Octroi.\" class=\"c-img\" loading=\"lazy\" fetchpriority=\"auto\" width=\"718\"  src=\"https:\/\/img.20mn.fr\/sV32WmiMRJOxIcemj-H2tyk\/718x0\" \/>Le nouveau si\u00e8ge de la soci\u00e9t\u00e9 Samsic se construit sur le bord de la rue de l&rsquo;Alma, \u00e0 Rennes. Il devrait \u00eatre livr\u00e9 en 2027 et int\u00e9grera la vieille maison de l&rsquo;Octroi.\u2002-\u00a0Hive &amp; Co<\/p>\n<p>Imagin\u00e9e en\u00a01862 par l\u2019architecte de la ville Jean-Baptiste Martenot, cette maison servait d\u2019octroi, c\u2019est-\u00e0-dire qu\u2019elle \u00e9tait utilis\u00e9e pour collecter les droits de douane qui s\u2019imposaient aux voyageurs qui entraient ou sortaient de Rennes. C\u2019est difficile \u00e0 imaginer aujourd\u2019hui, mais cette maison marquait bien l\u2019entr\u00e9e dans la ville il y a cent cinquante ans. \u00ab\u00a0Elle sera conserv\u00e9e et r\u00e9nov\u00e9e pour accueillir un espace annexe au si\u00e8ge\u00a0\u00bb, explique Olivier Robin.<\/p>\n<p>Peut-\u00eatre un caf\u00e9\u00a0?<\/p>\n<p>Le directeur de For Immo, la soci\u00e9t\u00e9 de promotion immobili\u00e8re de Samsic, ne veut pas en dire plus. Thierry Geffroy, PDG du groupe de propret\u00e9, est un peu plus bavard. \u00ab\u00a0On aimerait que le b\u00e2timent puisse rester ouvert sur la ville. On a pens\u00e9 \u00e0 en faire un comptoir \u00e0 projets <a href=\"https:\/\/www.20minutes.fr\/vie-pro\/4069442-20240112-solidaires-performants-recette-succes-cafes-joyeux\" class=\"color-ultramarine c-link\" target=\"_blank\" rel=\"noopener\">ou m\u00eame un Caf\u00e9 Joyeux<\/a>. Peut-\u00eatre un espace pour des expositions. On pourrait le pr\u00eater gratuitement \u00e0 des associations, peut-\u00eatre le transformer r\u00e9guli\u00e8rement.\u00a0\u00bb Voil\u00e0 qui reste vague.<\/p>\n<p><img decoding=\"async\" alt=\"Le futur si\u00e8ge de la soci\u00e9t\u00e9 Samsic sera situ\u00e9 au-dessus des voies ferr\u00e9es. La maison de l'Octroi situ\u00e9e \u00e0 c\u00f4t\u00e9 sera conserv\u00e9e. \" class=\"c-img\" loading=\"lazy\" fetchpriority=\"auto\" width=\"718\"  src=\"https:\/\/img.20mn.fr\/PMs0M_ijRfKtdm-6CaQw2yk\/718x0-0.1x36.28609418934286-99.90000428626288\" \/>Le futur si\u00e8ge de la soci\u00e9t\u00e9 Samsic sera situ\u00e9 au-dessus des voies ferr\u00e9es. La maison de l&rsquo;Octroi situ\u00e9e \u00e0 c\u00f4t\u00e9 sera conserv\u00e9e. \u2002-\u00a0Hive &amp; Co<\/p>\n<p>On comprend entre les lignes que la conservation de cette b\u00e2tisse dans l\u2019emprise du chantier n\u2019a pas toujours \u00e9t\u00e9 simple \u00e0 traiter. Notamment parce que son classement comme \u00e9tablissement recevant du public (ERP) oblige le propri\u00e9taire <a href=\"https:\/\/entreprendre.service-public.fr\/vosdroits\/F31684\" rel=\"nofollow noopener\" target=\"_blank\" class=\"color-ultramarine c-link\">\u00e0 pr\u00e9voir des acc\u00e8s pour les pompiers<\/a>. Et dans un espace aussi urbanis\u00e9, c\u2019\u00e9tait un brin compliqu\u00e9.<\/p>\n","protected":false},"excerpt":{"rendered":"Elle a des allures de maison hant\u00e9e. Cette petite b\u00e2tisse faite de briques rouge a beau avoir un&hellip;\n","protected":false},"author":2,"featured_media":239468,"comment_status":"","ping_status":"","sticky":false,"template":"","format":"standard","meta":{"footnotes":""},"categories":[2821],"tags":[14323,1111,11,1350,829,1777,674,1011,27,848,1116,12,2551,1306,584,25,5221,1352],"class_list":{"0":"post-239467","1":"post","2":"type-post","3":"status-publish","4":"format-standard","5":"has-post-thumbnail","7":"category-rennes","8":"tag-abandon","9":"tag-actu","10":"tag-actualites","11":"tag-architecture","12":"tag-bretagne","13":"tag-eu","14":"tag-europe","15":"tag-fr","16":"tag-france","17":"tag-ille-et-vilaine","18":"tag-immobilier","19":"tag-news","20":"tag-patrimoine","21":"tag-regions","22":"tag-rennes","23":"tag-republique-francaise","24":"tag-squat","25":"tag-urbanisme"},"share_on_mastodon":{"url":"https:\/\/pubeurope.com\/@fr\/114827707358195791","error":""},"_links":{"self":[{"href":"https:\/\/www.europesays.com\/fr\/wp-json\/wp\/v2\/posts\/239467","targetHints":{"allow":["GET"]}}],"collection":[{"href":"https:\/\/www.europesays.com\/fr\/wp-json\/wp\/v2\/posts"}],"about":[{"href":"https:\/\/www.europesays.com\/fr\/wp-json\/wp\/v2\/types\/post"}],"author":[{"embeddable":true,"href":"https:\/\/www.europesays.com\/fr\/wp-json\/wp\/v2\/users\/2"}],"replies":[{"embeddable":true,"href":"https:\/\/www.europesays.com\/fr\/wp-json\/wp\/v2\/comments?post=239467"}],"version-history":[{"count":0,"href":"https:\/\/www.europesays.com\/fr\/wp-json\/wp\/v2\/posts\/239467\/revisions"}],"wp:featuredmedia":[{"embeddable":true,"href":"https:\/\/www.europesays.com\/fr\/wp-json\/wp\/v2\/media\/239468"}],"wp:attachment":[{"href":"https:\/\/www.europesays.com\/fr\/wp-json\/wp\/v2\/media?parent=239467"}],"wp:term":[{"taxonomy":"category","embeddable":true,"href":"https:\/\/www.europesays.com\/fr\/wp-json\/wp\/v2\/categories?post=239467"},{"taxonomy":"post_tag","embeddable":true,"href":"https:\/\/www.europesays.com\/fr\/wp-json\/wp\/v2\/tags?post=239467"}],"curies":[{"name":"wp","href":"https:\/\/api.w.org\/{rel}","templated":true}]}}