{"id":239471,"date":"2025-07-10T07:16:16","date_gmt":"2025-07-10T07:16:16","guid":{"rendered":"https:\/\/www.europesays.com\/fr\/239471\/"},"modified":"2025-07-10T07:16:16","modified_gmt":"2025-07-10T07:16:16","slug":"strasbourg-une-famille-de-faucons-a-fait-son-nid-dans-la-facade-nord-de-la-bnu","status":"publish","type":"post","link":"https:\/\/www.europesays.com\/fr\/239471\/","title":{"rendered":"Strasbourg. Une famille de faucons a fait son nid dans la fa\u00e7ade nord de la BNU"},"content":{"rendered":"<p>Ne cherchez pas, ils ne sont plus l\u00e0 depuis quelques jours. Outre quelques tra\u00een\u00e9es de fientes, ne restent que les images de cette nich\u00e9e exceptionnelle. Gr\u00e2ce aux r\u00e9flexes de plusieurs agents de <a href=\"https:\/\/www.dna.fr\/culture-loisirs\/2025\/06\/29\/la-bnu-de-strasbourg-avance-a-grands-pas-sur-son-projet-de-musee-de-l-orient\" target=\"_blank\" rel=\"noopener\">la Biblioth\u00e8que nationale et universitaire (BNU)<\/a>\u00a0: \u00ab\u00a0C\u2019est Arthur Brody, d\u00e9veloppeur informatique au sein de la direction du num\u00e9rique, qui a \u00e9t\u00e9 le premier \u00e0 observer une activit\u00e9 inhabituelle sur la fa\u00e7ade nord de la biblioth\u00e8que\u00a0\u00bb, raconte Alexandre Szmidt. \u00ab\u00a0Au niveau du m\u00e9daillon Joseph-Scaliger, quelques plumes ont vol\u00e9\u2026\u00a0\u00bb relate le responsable de la communication de l\u2019institution.<\/p>\n<p>Depuis les fen\u00eatres de son bureau du premier \u00e9tage, situ\u00e9es en face du b\u00e2timent de la BNU, son coll\u00e8gue capture les premi\u00e8res images r\u00e9v\u00e9lant les indices de pr\u00e9sence d\u2019 <a href=\"https:\/\/www.dna.fr\/societe\/2022\/10\/07\/avec-cathedrale-sauvage-un-safari-sur-le-toit-de-strasbourg\" target=\"_blank\" rel=\"noopener\">un couple de faucons,<\/a> au 2e\u00a0 niveau, \u00e0 une dizaine de m\u00e8tres de haut, juste sous les toits. La nouvelle se r\u00e9pand comme une tra\u00een\u00e9e de poudre dans les bureaux administratifs du 3a rue du Mar\u00e9chal-Joffre. Mais vu du premier \u00e9tage, on n\u2019est pas assez haut pour tout apercevoir. L\u2019enqu\u00eate se poursuit dans les niveaux sup\u00e9rieurs.<\/p>\n<p>  Objet de curiosit\u00e9 et sujet de conversation<\/p>\n<p>D\u2019autres coll\u00e8gues, install\u00e9s au 3 e , sortent un appareil photo \u00e0 leur tour et se relaient pour \u00ab\u00a0obtenir le bon clic\u00a0\u00bb. De nouveaux clich\u00e9s, en plong\u00e9e cette fois, confirment des indices de nidification en cours\u00a0: le couple de rapaces a rep\u00e9r\u00e9 un interstice propice pour faire son nid derri\u00e8re l\u2019un des 28 m\u00e9daillons \u00e0 portraits (creux \u00e0 l\u2019arri\u00e8re) qui d\u00e9corent les quatre fa\u00e7ades de la BNU. Ces derniers \u00e9voquent les grands noms de la litt\u00e9rature et de la philosophie europ\u00e9ennes. En l\u2019occurrence, il s\u2019agit de celui repr\u00e9sentant l\u2019illustre Joseph-Juste Scaliger &#8211; l\u2019un des grands philosophes et savants fran\u00e7ais du XVI e \u00a0si\u00e8cle.<\/p>\n<p>Le couple de faucon consid\u00e8re que l\u2019espace est suffisant pour y abriter son nid. C\u2019est Alexandre Szmidt qui prend l\u2019initiative de partager les clich\u00e9s sur l\u2019Intranet de la BNU. Habitu\u00e9s aux bestiaires qui figurent dans leurs collections \u00e9rudites, les quelque 180 agents de la biblioth\u00e8que d\u00e9couvrent cette fois le couple de rapaces qui emm\u00e9nage dans un recoin de \u00ab\u00a0leur\u00a0\u00bb \u00e9difice &#8211; class\u00e9 aux Monuments historiques. La faune sauvage qui s\u2019invite \u00ab\u00a0chez eux\u00a0\u00bb devient un objet de curiosit\u00e9 et d\u2019\u00e9changes dans leurs conversations.<\/p>\n<p>  L\u2019aventure publi\u00e9e sur Instagram<\/p>\n<p>Quelques semaines plus tard, le nid est en place, confirmant l\u2019installation d\u00e9finitive de ces rapaces majestueux. Le feuilleton de cette nidification \u00ab\u00a0\u00e0 domicile\u00a0\u00bb est suivi de semaines en semaines. Des \u0153ufs apparaissent m\u00eame dans un recoin du nid\u00a0! La Ligue pour la protection des oiseaux (LPO) est contact\u00e9e pour valider la vari\u00e9t\u00e9 des rapaces\u00a0: il s\u2019agit bien d\u2019un couple de faucons cr\u00e9cerelles.<\/p>\n<p>Une esp\u00e8ce int\u00e9gralement prot\u00e9g\u00e9e\u00a0: \u00ab\u00a0Encore victimes de leur mauvaise r\u00e9putation, ils sont en r\u00e9alit\u00e9 important pour la biodiversit\u00e9, notamment en consommant de petits rongeurs\u00a0\u00bb, peut-on lire en l\u00e9gende d\u2019un premier post Instagram, publi\u00e9 d\u00e9but avril sur le compte de la BNU. On y voit, dans un des clich\u00e9s d\u2019Arthur Brody, l\u2019un des faucons avec un orvet dans son bec crochu.<\/p>\n<p>Ce contenu est bloqu\u00e9 car vous n&rsquo;avez pas accept\u00e9 les cookies et autres traceurs.<\/p>\n<p>En cliquant sur \u00ab J\u2019accepte \u00bb, les cookies et autres traceurs seront d\u00e9pos\u00e9s et vous pourrez visualiser les contenus  (<a href=\"\" class=\"consentModule_policy\" target=\"_blank\" title=\"Consulter la politique de protection des donn\u00e9es du fournisseur\">plus d&rsquo;informations<\/a>).<\/p>\n<p>En cliquant sur \u00ab J\u2019accepte tous les cookies \u00bb, vous autorisez des d\u00e9p\u00f4ts de cookies et autres traceurs pour le stockage de vos donn\u00e9es sur nos sites et applications \u00e0 des fins de personnalisation et de ciblage publicitaire.<\/p>\n<p class=\"consentModule_secondaryText\">Vous gardez la possibilit\u00e9 de retirer votre consentement \u00e0 tout moment en consultant notre <a href=\"https:\/\/www.dna.fr\/protection-des-donnees\" target=\"_blank\" title=\"Consulter notre politique de protection des donn\u00e9es\" rel=\"noopener\">politique de protection des donn\u00e9es<\/a>. <br \/>&#13;<br \/>\n            <a href=\"https:\/\/www.dna.fr\/culture-loisirs\/2025\/07\/09\/javascript:Didomi.notice.show()\" class=\"consentModule_cmp\" target=\"_blank\" rel=\"noopener\">G\u00e9rer mes choix<\/a>&#13;\n        <\/p>\n<p>&#13;<br \/>\n                        J&rsquo;accepte&#13;<br \/>\n            J&rsquo;accepte tous les cookies&#13;\n        <\/p>\n<p>  Naissance des oisillons<\/p>\n<p>Au d\u00e9but du mois de juin, \u00ab\u00a0dans un moment d\u2019une tendresse particuli\u00e8re, les \u0153ufs ont \u00e9clos, donnant naissance \u00e0 de jeunes faucons\u00a0\u00bb, rapporte encore Alexandre Szmidt, enthousiaste. Une nouvelle publication sur Instagram met la communaut\u00e9 des followers de la BNU en \u00e9moi. Cette fois, c\u2019est Ombeline Faure et Alexandra Montana-Lampo, op\u00e9ratrices de num\u00e9risation \u00e0 l\u2019atelier de photographie de la BNU, qui capturent les oisillons qui s\u2019\u00e9gosillent sous leurs yeux. Puis Jean-Pierre Rosenkranz, photographe dans ce m\u00eame service, participe \u00e0 son tour \u00e0 cette documentation minutieuse de leur croissance.<\/p>\n<p>La rencontre entre la robustesse de l\u2019\u00e9difice de pierre taill\u00e9e, la gr\u00e2ce et l\u2019\u00e9l\u00e9gance sauvage des rapaces, ainsi que la fragilit\u00e9 duveteuse des oisillons ach\u00e8vent de bouleverser les amoureux de la nature en ville. Dans un \u00e9lan po\u00e9tique, Alexandre Szmidt y voit le symbole de \u00ab\u00a0l\u2019essence m\u00eame de la biblioth\u00e8que\u00a0: un lieu de croissance et d\u2018\u00e9panouissement, \u00e0 l\u2019image de ce que viennent chercher les 700\u00a0000 visiteurs qui franchissent ses portes chaque ann\u00e9e\u00a0\u00bb. Avant leur envol, est-on tent\u00e9 d\u2019ajouter.<\/p>\n","protected":false},"excerpt":{"rendered":"Ne cherchez pas, ils ne sont plus l\u00e0 depuis quelques jours. Outre quelques tra\u00een\u00e9es de fientes, ne restent&hellip;\n","protected":false},"author":2,"featured_media":239472,"comment_status":"","ping_status":"","sticky":false,"template":"","format":"standard","meta":{"footnotes":""},"categories":[2820],"tags":[1111,11,1867,1687,2880,436,1777,674,107,1011,27,775,1757,12,32309,2661,25,104,640,2879],"class_list":{"0":"post-239471","1":"post","2":"type-post","3":"status-publish","4":"format-standard","5":"has-post-thumbnail","7":"category-strasbourg","8":"tag-actu","9":"tag-actualites","10":"tag-animaux","11":"tag-culture-loisirs","12":"tag-edition-strasbourg","13":"tag-environnement","14":"tag-eu","15":"tag-europe","16":"tag-fil-info","17":"tag-fr","18":"tag-france","19":"tag-grand-est","20":"tag-insolite","21":"tag-news","22":"tag-oiseaux-de-bonheur","23":"tag-patrimoine-culturel","24":"tag-republique-francaise","25":"tag-societe","26":"tag-strasbourg","27":"tag-strasbourg-ville"},"share_on_mastodon":{"url":"https:\/\/pubeurope.com\/@fr\/114827715130152457","error":""},"_links":{"self":[{"href":"https:\/\/www.europesays.com\/fr\/wp-json\/wp\/v2\/posts\/239471","targetHints":{"allow":["GET"]}}],"collection":[{"href":"https:\/\/www.europesays.com\/fr\/wp-json\/wp\/v2\/posts"}],"about":[{"href":"https:\/\/www.europesays.com\/fr\/wp-json\/wp\/v2\/types\/post"}],"author":[{"embeddable":true,"href":"https:\/\/www.europesays.com\/fr\/wp-json\/wp\/v2\/users\/2"}],"replies":[{"embeddable":true,"href":"https:\/\/www.europesays.com\/fr\/wp-json\/wp\/v2\/comments?post=239471"}],"version-history":[{"count":0,"href":"https:\/\/www.europesays.com\/fr\/wp-json\/wp\/v2\/posts\/239471\/revisions"}],"wp:featuredmedia":[{"embeddable":true,"href":"https:\/\/www.europesays.com\/fr\/wp-json\/wp\/v2\/media\/239472"}],"wp:attachment":[{"href":"https:\/\/www.europesays.com\/fr\/wp-json\/wp\/v2\/media?parent=239471"}],"wp:term":[{"taxonomy":"category","embeddable":true,"href":"https:\/\/www.europesays.com\/fr\/wp-json\/wp\/v2\/categories?post=239471"},{"taxonomy":"post_tag","embeddable":true,"href":"https:\/\/www.europesays.com\/fr\/wp-json\/wp\/v2\/tags?post=239471"}],"curies":[{"name":"wp","href":"https:\/\/api.w.org\/{rel}","templated":true}]}}