{"id":239513,"date":"2025-07-10T07:39:13","date_gmt":"2025-07-10T07:39:13","guid":{"rendered":"https:\/\/www.europesays.com\/fr\/239513\/"},"modified":"2025-07-10T07:39:13","modified_gmt":"2025-07-10T07:39:13","slug":"pierre-heilbronn-les-entreprises-francaises-sont-le-premier-employeur-etranger-en-ukraine","status":"publish","type":"post","link":"https:\/\/www.europesays.com\/fr\/239513\/","title":{"rendered":"Pierre Heilbronn: \u00abLes entreprises fran\u00e7aises sont le premier employeur \u00e9tranger en Ukraine\u00bb"},"content":{"rendered":"<p class=\"t-content__chapo\">\n                                                La Conf\u00e9rence sur la reconstruction de l\u2019Ukraine s\u2019est ouverte\u00a0ce matin \u00e0 Rome en pr\u00e9sence notamment du pr\u00e9sident ukrainien Volodymyr Zelensky, du chancelier allemand Friedrich Merz ou encore d\u2019Ursula von der Leyen, la pr\u00e9sidente de la Commission europ\u00e9enne. L\u2019enjeu est de taille, car la reconstruction de l\u2019Ukraine va co\u00fbter 500 milliards d\u2019euros selon la Banque mondiale. Et les entreprises fran\u00e7aises y prennent leur part &#8211; qu&rsquo;elles soient d\u00e9j\u00e0 pr\u00e9sentes en Ukraine ou qu&rsquo;elles envisagent d&rsquo;y investir. Le grand invit\u00e9 international de RFI ce matin est Pierre Heilbronn, envoy\u00e9 sp\u00e9cial d\u2019Emmanuel Macron pour l\u2019aide et la reconstruction de l\u2019Ukraine.                    <\/p>\n<p><img decoding=\"async\" fetchpriority=\"low\" src=\"https:\/\/www.europesays.com\/fr\/wp-content\/uploads\/2025\/07\/000-66BJ8T3.jpg\"   width=\"1024\" height=\"576\" alt=\"Cette photo diffus\u00e9e par le service de presse du Quirinal montre le pr\u00e9sident italien Sergio Mattarella (\u00e0 droite) saluant le pr\u00e9sident ukrainien Volodymyr Zelenskyy (\u00e0 gauche) au palais du Quirinal, \u00e0 Rome, le 9 juillet 2025, \u00e0 la veille de la conf\u00e9rence sur le redressement de l'Ukraine.\" loading=\"eager\" class=\"a-img \"\/><\/p>\n<p>                Cette photo diffus\u00e9e par le service de presse du Quirinal montre le pr\u00e9sident italien Sergio Mattarella (\u00e0 droite) saluant le pr\u00e9sident ukrainien Volodymyr Zelenskyy (\u00e0 gauche) au palais du Quirinal, \u00e0 Rome, le 9 juillet 2025, \u00e0 la veille de la conf\u00e9rence sur le redressement de l&rsquo;Ukraine.                \u00a9 AFP &#8211; PAOLO GIANDOTTI            <\/p>\n","protected":false},"excerpt":{"rendered":"La Conf\u00e9rence sur la reconstruction de l\u2019Ukraine s\u2019est ouverte\u00a0ce matin \u00e0 Rome en pr\u00e9sence notamment du pr\u00e9sident ukrainien&hellip;\n","protected":false},"author":2,"featured_media":239514,"comment_status":"","ping_status":"","sticky":false,"template":"","format":"standard","meta":{"footnotes":""},"categories":[1590],"tags":[11,1777,674,27,14801,12,132,220,364,134],"class_list":{"0":"post-239513","1":"post","2":"type-post","3":"status-publish","4":"format-standard","5":"has-post-thumbnail","7":"category-ukraine","8":"tag-actualites","9":"tag-eu","10":"tag-europe","11":"tag-france","12":"tag-le-grand-invite-international","13":"tag-news","14":"tag-russie","15":"tag-ukraine","16":"tag-union-europeenne","17":"tag-volodymyr-zelensky"},"share_on_mastodon":{"url":"https:\/\/pubeurope.com\/@fr\/114827805600247944","error":""},"_links":{"self":[{"href":"https:\/\/www.europesays.com\/fr\/wp-json\/wp\/v2\/posts\/239513","targetHints":{"allow":["GET"]}}],"collection":[{"href":"https:\/\/www.europesays.com\/fr\/wp-json\/wp\/v2\/posts"}],"about":[{"href":"https:\/\/www.europesays.com\/fr\/wp-json\/wp\/v2\/types\/post"}],"author":[{"embeddable":true,"href":"https:\/\/www.europesays.com\/fr\/wp-json\/wp\/v2\/users\/2"}],"replies":[{"embeddable":true,"href":"https:\/\/www.europesays.com\/fr\/wp-json\/wp\/v2\/comments?post=239513"}],"version-history":[{"count":0,"href":"https:\/\/www.europesays.com\/fr\/wp-json\/wp\/v2\/posts\/239513\/revisions"}],"wp:featuredmedia":[{"embeddable":true,"href":"https:\/\/www.europesays.com\/fr\/wp-json\/wp\/v2\/media\/239514"}],"wp:attachment":[{"href":"https:\/\/www.europesays.com\/fr\/wp-json\/wp\/v2\/media?parent=239513"}],"wp:term":[{"taxonomy":"category","embeddable":true,"href":"https:\/\/www.europesays.com\/fr\/wp-json\/wp\/v2\/categories?post=239513"},{"taxonomy":"post_tag","embeddable":true,"href":"https:\/\/www.europesays.com\/fr\/wp-json\/wp\/v2\/tags?post=239513"}],"curies":[{"name":"wp","href":"https:\/\/api.w.org\/{rel}","templated":true}]}}