{"id":239521,"date":"2025-07-10T07:43:11","date_gmt":"2025-07-10T07:43:11","guid":{"rendered":"https:\/\/www.europesays.com\/fr\/239521\/"},"modified":"2025-07-10T07:43:11","modified_gmt":"2025-07-10T07:43:11","slug":"leurope-ouvre-en-hausse-negociations-sur-les-droits-de-douane-en-ligne-de-mire-10-07-2025-a-0931","status":"publish","type":"post","link":"https:\/\/www.europesays.com\/fr\/239521\/","title":{"rendered":"L&rsquo;Europe ouvre en hausse, n\u00e9gociations sur les droits de douane en ligne de mire &#8211; 10\/07\/2025 \u00e0 09:31"},"content":{"rendered":"<p>\n Les principales Bourses<br \/>\neurop\u00e9ennes progressent en d\u00e9but de s\u00e9ance, jeudi, le<br \/>\nsoulagement restant de mise apr\u00e8s la publication des &lsquo;minutes&rsquo;<br \/>\nde la Fed mercredi et alors que les investisseurs sont dans<br \/>\nl&rsquo;attente d&rsquo;informations sur les progr\u00e8s des n\u00e9gociations entre<br \/>\nl&rsquo;UE et les Etats-Unis sur les droits de douane.\n<\/p>\n<p>\n \u00c0 Paris, le CAC 40<br \/>\n <a href=\"https:\/\/www.boursorama.com\/cours\/1rPCAC\/\" rel=\"nofollow noopener\" target=\"_blank\"><br \/>\n  .FCHI<br \/>\n <\/a><br \/>\n gagne 0,44% \u00e0 7.912,75 points<br \/>\nvers 07h08 GMT. \u00c0 Francfort, le Dax<br \/>\n <a href=\"https:\/\/www.boursorama.com\/cours\/5pDAX\/\" rel=\"nofollow noopener\" target=\"_blank\"><br \/>\n  .GDAXI<br \/>\n <\/a><br \/>\n avance de 0,3%,<br \/>\ntouchant un nouveau record. A Londres, le FTSE 100<br \/>\n <a href=\"https:\/\/www.boursorama.com\/cours\/UKX.L\/\" rel=\"nofollow noopener\" target=\"_blank\"><br \/>\n  .FTSE<br \/>\n <\/a><br \/>\n monte<br \/>\nde 0,75%, touchant lui aussi nouveau record historique.\n<\/p>\n<p>\n L&rsquo;indice EuroStoxx 50<br \/>\n <a href=\"https:\/\/www.boursorama.com\/cours\/2cSX5E\/\" rel=\"nofollow noopener\" target=\"_blank\"><br \/>\n  .STOXX50E<br \/>\n <\/a><br \/>\n est en hausse de 0,33%, le<br \/>\nFTSEurofirst 300<br \/>\n <a href=\"https:\/\/www.boursorama.com\/cours\/3uE3X3760.L\/\" rel=\"nofollow noopener\" target=\"_blank\"><br \/>\n  .FTEU3<br \/>\n <\/a><br \/>\n avance de 0,47% et le Stoxx 600\n<\/p>\n<p>\n <a href=\"https:\/\/www.boursorama.com\/cours\/2cSXXP\/\" rel=\"nofollow noopener\" target=\"_blank\"><br \/>\n  .STOXX<br \/>\n <\/a><br \/>\n gagne 0,45%.\n<\/p>\n<p>\n Les tensions commerciales restent au programme ce jeudi. Le<br \/>\npr\u00e9sident am\u00e9ricain Donald Trump a annonc\u00e9 mercredi des droits<br \/>\nde douane de 50% sur les importations de cuivre, d\u00e9clarant sur<br \/>\nles r\u00e9seaux sociaux qu&rsquo;ils entreraient en vigueur le 1er ao\u00fbt.\n<\/p>\n<p>\n Il a \u00e9galement affirm\u00e9 que Washington imposerait \u00e0 partir de<br \/>\nla m\u00eame date des droits de douane de 50% sur les produits<br \/>\nimport\u00e9s aux Etats-Unis en provenance du Br\u00e9sil.\n<\/p>\n<p>\n En ce qui concerne les droits de douane visant l&rsquo;Union<br \/>\neurop\u00e9enne (UE), le locataire de la Maison blanche a d\u00e9clar\u00e9<br \/>\nqu&rsquo;il va \u00ab\u00a0probablement\u00a0\u00bb informer bient\u00f4t les Vingt-sept du taux<br \/>\nauquel ils peuvent s&rsquo;attendre pour les exportations vers les<br \/>\nEtats-Unis, Trump ajoutant que le bloc \u00e9tait devenu beaucoup<br \/>\nplus coop\u00e9ratif.\n<\/p>\n<p>\n Malgr\u00e9 ces tensions, les investisseurs ont \u00e9t\u00e9 rassur\u00e9s<br \/>\nmercredi par le compte-rendu de la derni\u00e8re r\u00e9union de la<br \/>\nR\u00e9serve f\u00e9d\u00e9rale (Fed), qui a montr\u00e9 que l&rsquo;institution entendait<br \/>\ntoujours baisser ses taux d&rsquo;int\u00e9r\u00eat cette ann\u00e9e, estimant que<br \/>\nles pressions inflationnistes provoqu\u00e9es par la politique<br \/>\ncommerciale de Donald Trump seront \u00ab\u00a0temporaires ou modestes\u00a0\u00bb.\n<\/p>\n<p>\n Mais, d&rsquo;apr\u00e8s les &lsquo;minutes&rsquo; de la Fed, seule une petite<br \/>\nminorit\u00e9 de responsables de la banque centrale am\u00e9ricaine ont<br \/>\ndit penser qu&rsquo;une baisse des taux serait judicieuse d\u00e8s le mois<br \/>\nde juillet.\n<\/p>\n<p>\n Aux valeurs, Barry Callebaut<br \/>\n <a href=\"https:\/\/www.boursorama.com\/cours\/2aBARN\/\" rel=\"nofollow noopener\" target=\"_blank\"><br \/>\n  BARN.S<br \/>\n <\/a><br \/>\n perd 7,6% apr\u00e8s ses<br \/>\nr\u00e9sultats et Aperam<br \/>\n <a href=\"https:\/\/www.boursorama.com\/cours\/1rAAPAM\/\" rel=\"nofollow noopener\" target=\"_blank\"><br \/>\n  APAM.AS<br \/>\n <\/a><br \/>\n abandonne 2,8% apr\u00e8s un<br \/>\nabaissement de recommandation par Jefferies.\n<\/p>\n<p>\n Vistry  VTYV.L  gagne 5% et Gerresheimer<br \/>\n <a href=\"https:\/\/www.boursorama.com\/cours\/1zGXI\/\" rel=\"nofollow noopener\" target=\"_blank\"><br \/>\n  GXIG.DE<br \/>\n <\/a><br \/>\n c\u00e8de 4,5%<br \/>\napr\u00e8s la publication de leurs r\u00e9sultats trimestriels.\n<\/p>\n<p>\n (R\u00e9dig\u00e9 par Mara V\u00eelcu, \u00e9dit\u00e9 par Augustin Turpin)<\/p>\n","protected":false},"excerpt":{"rendered":"Les principales Bourses europ\u00e9ennes progressent en d\u00e9but de s\u00e9ance, jeudi, le soulagement restant de mise apr\u00e8s la publication&hellip;\n","protected":false},"author":2,"featured_media":7013,"comment_status":"","ping_status":"","sticky":false,"template":"","format":"standard","meta":{"footnotes":""},"categories":[1586],"tags":[400,11,398,408,405,1777,674,1011,27,403,402,399,404,12,25,401,406,407],"class_list":{"0":"post-239521","1":"post","2":"type-post","3":"status-publish","4":"format-standard","5":"has-post-thumbnail","7":"category-europe","8":"tag-action-cac-40","9":"tag-actualites","10":"tag-bourse-de-paris","11":"tag-boursorama","12":"tag-cotations","13":"tag-eu","14":"tag-europe","15":"tag-fr","16":"tag-france","17":"tag-indices-devises","18":"tag-investir","19":"tag-investissement","20":"tag-marche-boursier","21":"tag-news","22":"tag-republique-francaise","23":"tag-sicav","24":"tag-trackers","25":"tag-warrants"},"share_on_mastodon":{"url":"https:\/\/pubeurope.com\/@fr\/114827821273315629","error":""},"_links":{"self":[{"href":"https:\/\/www.europesays.com\/fr\/wp-json\/wp\/v2\/posts\/239521","targetHints":{"allow":["GET"]}}],"collection":[{"href":"https:\/\/www.europesays.com\/fr\/wp-json\/wp\/v2\/posts"}],"about":[{"href":"https:\/\/www.europesays.com\/fr\/wp-json\/wp\/v2\/types\/post"}],"author":[{"embeddable":true,"href":"https:\/\/www.europesays.com\/fr\/wp-json\/wp\/v2\/users\/2"}],"replies":[{"embeddable":true,"href":"https:\/\/www.europesays.com\/fr\/wp-json\/wp\/v2\/comments?post=239521"}],"version-history":[{"count":0,"href":"https:\/\/www.europesays.com\/fr\/wp-json\/wp\/v2\/posts\/239521\/revisions"}],"wp:featuredmedia":[{"embeddable":true,"href":"https:\/\/www.europesays.com\/fr\/wp-json\/wp\/v2\/media\/7013"}],"wp:attachment":[{"href":"https:\/\/www.europesays.com\/fr\/wp-json\/wp\/v2\/media?parent=239521"}],"wp:term":[{"taxonomy":"category","embeddable":true,"href":"https:\/\/www.europesays.com\/fr\/wp-json\/wp\/v2\/categories?post=239521"},{"taxonomy":"post_tag","embeddable":true,"href":"https:\/\/www.europesays.com\/fr\/wp-json\/wp\/v2\/tags?post=239521"}],"curies":[{"name":"wp","href":"https:\/\/api.w.org\/{rel}","templated":true}]}}