{"id":239522,"date":"2025-07-10T07:44:11","date_gmt":"2025-07-10T07:44:11","guid":{"rendered":"https:\/\/www.europesays.com\/fr\/239522\/"},"modified":"2025-07-10T07:44:11","modified_gmt":"2025-07-10T07:44:11","slug":"libye-les-ministres-de-lue-expulses-de-benghazi-a-cause-du-piege-de-haftar","status":"publish","type":"post","link":"https:\/\/www.europesays.com\/fr\/239522\/","title":{"rendered":"Libye : les ministres de l&rsquo;UE expuls\u00e9s de Benghazi \u00e0 cause du \u00ab\u00a0pi\u00e8ge\u00a0\u00bb de Haftar"},"content":{"rendered":"<p><img decoding=\"async\" class=\"c-ad__placeholder__logo\" src=\"https:\/\/static.euronews.com\/website\/images\/logos\/logo-euronews-grey-6-180x22.svg\" width=\"180\" height=\"22\" alt=\"\" loading=\"lazy\"\/>PUBLICIT\u00c9<\/p>\n<p>L&rsquo;expulsion de Libye de la d\u00e9l\u00e9gation de l&rsquo;UE, qui voulait rencontrer mardi les autorit\u00e9s de Benghazi apr\u00e8s celles de Tripoli afin d&#8217;emp\u00eacher le d\u00e9part de migrants vers les c\u00f4tes europ\u00e9ennes, est le r\u00e9sultat d&rsquo;une <strong>man\u0153uvre pr\u00e9m\u00e9dit\u00e9e<\/strong> par le g\u00e9n\u00e9ral Khalifa Haftar et le gouvernement autoproclam\u00e9 de l&rsquo;est du pays selon une source bruxelloise d&rsquo;Euronews, au courant de ce qui s&rsquo;est pass\u00e9 lorsque la d\u00e9l\u00e9gation de l&rsquo;UE a atterri \u00e0 Benghazi.<\/p>\n<p>La mission comprenait le commissaire aux Affaires int\u00e9rieures et \u00e0 la migration, Magnus Brunner, le ministre italien de l&rsquo;Int\u00e9rieur Matteo Piantedosi, le ministre maltais Byron Camilleri, le ministre grec de la Migration et de l&rsquo;asile, Athanasios Plevris, et l&rsquo;ambassadeur de l&rsquo;UE en Libye, Nicola Orlando.<\/p>\n<p>Cet incident diplomatique <strong>risque de compliquer les efforts de l&rsquo;Europe<\/strong> pour emp\u00eacher un \u00e9t\u00e9 de d\u00e9parts irr\u00e9guliers depuis la Libye, \u00e0 tel point que la Gr\u00e8ce a d\u00e9cid\u00e9 mercredi de suspendre temporairement les demandes d&rsquo;asile pour les personnes arrivant d&rsquo;Afrique du Nord.<\/p>\n<p>Qu&rsquo;est-il arriv\u00e9 \u00e0 la d\u00e9l\u00e9gation de l&rsquo;UE \u00e0 Benghazi ?<\/p>\n<p>La d\u00e9l\u00e9gation s&rsquo;\u00e9tait rendue dans l&rsquo;est de la Libye apr\u00e8s avoir rencontr\u00e9 \u00e0 Tripoli des repr\u00e9sentants du <strong>gouvernement d&rsquo;unit\u00e9 nationale<\/strong> (NGU), l&rsquo;ex\u00e9cutif internationalement reconnu dirig\u00e9 par Abdul Hamid Mohammed Dbeibah.<\/p>\n<p>Les parties ont discut\u00e9 positivement de patrouilles conjointes pour lutter contre la migration ill\u00e9gale et de la coop\u00e9ration en mati\u00e8re de rapatriement.<\/p>\n<p>Avant de partir pour Benghazi afin de convenir d&rsquo;efforts similaires en \u00e9change d&rsquo;un <strong>plan d&rsquo;investissement avec le gouvernement local<\/strong> de stabilit\u00e9 nationale (GNS), le ministre Piantedosi lui-m\u00eame avait exprim\u00e9 sa satisfaction sur les m\u00e9dias sociaux.<\/p>\n<p>Cependant, le voyage en Cyr\u00e9na\u00efque s&rsquo;est <strong>limit\u00e9 \u00e0 l&rsquo;a\u00e9roport de Benghazi<\/strong>, o\u00f9 le Premier ministre Osama Saad Hammad et deux ministres du GNS attendaient la d\u00e9l\u00e9gation europ\u00e9enne, en compagnie de photographes et de cam\u00e9ras.<\/p>\n<p>Cet accueil, qui pouvait para\u00eetre routinier, pr\u00e9sentait le risque d&rsquo;<strong>immortaliser les officiels europ\u00e9ens<\/strong> aux c\u00f4t\u00e9s des autorit\u00e9s d&rsquo;un gouvernement officiellement ill\u00e9gitime et donc, au moins dans les m\u00e9dias, une reconnaissance de facto des GNS.<\/p>\n<p>Les remontrances de la d\u00e9l\u00e9gation de l&rsquo;UE ont <strong>d&rsquo;abord donn\u00e9 lieu \u00e0 des n\u00e9gociations, puis \u00e0 l&rsquo;expulsion des fonctionnaires<\/strong> en tant que persona non grata, accompagn\u00e9e d&rsquo;un communiqu\u00e9 du gouvernement les accusant d&rsquo;avoir men\u00e9 une mission \u00ab\u00a0non autoris\u00e9e\u00a0\u00bb et d&rsquo;avoir \u00ab\u00a0manqu\u00e9 de respect \u00e0 la souverainet\u00e9 nationale libyenne\u00a0\u00bb.<\/p>\n<p>Le gouvernement italien a parl\u00e9 d&rsquo;un malentendu protocolaire. Puis, dans une interview accord\u00e9e \u00e0 la RAI, le ministre Piantedosi a d\u00e9crit l&rsquo;incident comme une \u00ab\u00a0r\u00e9union annul\u00e9e au dernier moment\u00a0\u00bb en raison d&rsquo;un \u00ab\u00a0ressentiment du c\u00f4t\u00e9 libyen \u00e0 l&rsquo;\u00e9gard d&rsquo;un certain exc\u00e8s de z\u00e8le de la part de certains fonctionnaires de la d\u00e9l\u00e9gation europ\u00e9enne\u00a0\u00bb.<\/p>\n<p>Pas de rejet, juste un \u00ab\u00a0incident s\u00e9rieux\u00a0\u00bb qui ne <strong>remet pas en cause la coop\u00e9ration avec les autorit\u00e9s de Benghazi<\/strong>, a r\u00e9sum\u00e9 le ministre italien. Selon Euronews, ce n&rsquo;est pas le cas, m\u00eame s&rsquo;il est vrai que l&rsquo;UE a l&rsquo;intention de continuer \u00e0 coop\u00e9rer.<\/p>\n<p>Brunner a propos\u00e9 une condition pour la r\u00e9union<\/p>\n<p>\u00ab\u00a0Les conditions \u00e9taient qu&rsquo;il n&rsquo;y aurait que les hommes de Haftar\u00a0\u00bb, donc les militaires, a expliqu\u00e9 une source inform\u00e9e de l&rsquo;affaire \u00e0 Euronews, <strong>tandis que la pr\u00e9sence de l&rsquo;autorit\u00e9 politique<\/strong>\u00ab\u00a0a \u00e9t\u00e9 discut\u00e9e, mais comme une hypoth\u00e8se, et il a \u00e9t\u00e9 d\u00e9cid\u00e9 au cas o\u00f9 de s&rsquo;en occuper plus tard\u00a0\u00bb.<\/p>\n<p>Comme l&rsquo;ont d\u00e9j\u00e0 racont\u00e9 les m\u00e9dias italiens et internationaux, l&rsquo;ambassadeur Orlando a re\u00e7u l&rsquo;ordre de descendre de l&rsquo;avion pour demander, poliment et en s&rsquo;excusant, qu&rsquo;<strong>aucune photo ne soit prise<\/strong> en raison des possibles implications diplomatiques. Apr\u00e8s avoir re\u00e7u le feu vert, la d\u00e9l\u00e9gation de l&rsquo;UE a d\u00e9barqu\u00e9 de l&rsquo;avion et s&rsquo;est install\u00e9e dans une salle d&rsquo;attente, au milieu de photos et d&rsquo;images apparemment in\u00e9dites jusqu&rsquo;\u00e0 pr\u00e9sent.<\/p>\n<p>Pendant ce temps, l&rsquo;homologue libyen, qui avait organis\u00e9 la visite, r\u00e9pondait au t\u00e9l\u00e9phone lorsqu&rsquo;on lui demandait des explications. \u00ab\u00a0C&rsquo;est le gouvernement de Benghazi, vous devez l&rsquo;accepter\u00a0\u00bb, ont d\u00e9clar\u00e9 les sources bruxelloises, \u00ab\u00a0et lors de la r\u00e9union avec Haftar, il y aura le gouvernement et le premier ministre\u00a0\u00bb.<\/p>\n<p>Euronews a appris que le commissaire Brunner et les ministres de l&rsquo;UE ont tent\u00e9 de d\u00e9bloquer la situation en proposant de s&rsquo;<strong>asseoir autour d&rsquo;une table avec les repr\u00e9sentants du GNS<\/strong>, \u00e0 condition qu&rsquo;ils pr\u00e9sentent officiellement les pourparlers comme limit\u00e9s \u00e0 Haftar et \u00e0 ses associ\u00e9s.<\/p>\n<p>Apr\u00e8s plusieurs insistances europ\u00e9ennes et autant de d\u00e9mentis, les Libyens ont \u00ab\u00a0refus\u00e9\u00a0\u00bb et r\u00e9p\u00e9t\u00e9 \u00ab\u00a0nous sommes le gouvernement\u00a0\u00bb<strong>,<\/strong> a d\u00e9clar\u00e9 la source, concluant que toute cette affaire \u00ab\u00a0\u00e9tait manifestement un pi\u00e8ge\u00a0\u00bb.<\/p>\n<p>Qui est le g\u00e9n\u00e9ral Haftar et quels sont ses projets pour la Libye ?<\/p>\n<p>Apr\u00e8s la guerre civile libyenne et la mort de Kadhafi en 2011, <strong>Haftar a progressivement pris le pouvoir gr\u00e2ce \u00e0 son arm\u00e9e nationale libyenne<\/strong> (ANL), jusqu&rsquo;\u00e0 ce qu&rsquo;il contr\u00f4le une grande partie de la Cyr\u00e9na\u00efque et du Fezzan.<\/p>\n<p>Apr\u00e8s plus d&rsquo;une d\u00e9cennie d&rsquo;affrontements militaires pour le contr\u00f4le du pays, le soutien apport\u00e9 principalement par l&rsquo;\u00c9gypte, la Russie et la Turquie <strong>a plac\u00e9 le gouvernement de Benghazi<\/strong> et le chef de l&rsquo;ANL, \u00e2g\u00e9 de 81 ans, dans une position avantageuse par rapport \u00e0 l&rsquo;ex\u00e9cutif de Tripoli, qui b\u00e9n\u00e9ficie d&rsquo;un soutien international mais est affaibli par les combats entre les milices qui lui sont affili\u00e9es.<\/p>\n<p>\u00ab\u00a0Ces derni\u00e8res semaines, il y a eu une s\u00e9rie de d\u00e9veloppements qui ont enhardi le gouvernement de l&rsquo;est. Il dispose maintenant d&rsquo;armes russes, il est donc tr\u00e8s puissant, et il a beaucoup d&rsquo;argent\u00a0\u00bb, analyse l&rsquo;interlocuteur d&rsquo;Euronews.<\/p>\n<p>Ce gouvernement veut s&rsquo;imposer et fait tout le chantage possible, comme dans le cas des d\u00e9parts de migrants vers l&rsquo;Europe, conclut-il, <strong>pour \u00e9carter Tripoli et \u00eatre le seul gouvernement.<\/strong><\/p>\n","protected":false},"excerpt":{"rendered":"PUBLICIT\u00c9 L&rsquo;expulsion de Libye de la d\u00e9l\u00e9gation de l&rsquo;UE, qui voulait rencontrer mardi les autorit\u00e9s de Benghazi apr\u00e8s&hellip;\n","protected":false},"author":2,"featured_media":239523,"comment_status":"","ping_status":"","sticky":false,"template":"","format":"standard","meta":{"footnotes":""},"categories":[1586],"tags":[11,37904,1777,674,1779,1011,27,452,30953,4367,37518,12,25,1778,364],"class_list":{"0":"post-239522","1":"post","2":"type-post","3":"status-publish","4":"format-standard","5":"has-post-thumbnail","7":"category-europe","8":"tag-actualites","9":"tag-benghazi","10":"tag-eu","11":"tag-europe","12":"tag-european-union","13":"tag-fr","14":"tag-france","15":"tag-italie","16":"tag-khalifa-haftar","17":"tag-libye","18":"tag-magnus-brunner","19":"tag-news","20":"tag-republique-francaise","21":"tag-ue","22":"tag-union-europeenne"},"share_on_mastodon":{"url":"https:\/\/pubeurope.com\/@fr\/114827825349085685","error":""},"_links":{"self":[{"href":"https:\/\/www.europesays.com\/fr\/wp-json\/wp\/v2\/posts\/239522","targetHints":{"allow":["GET"]}}],"collection":[{"href":"https:\/\/www.europesays.com\/fr\/wp-json\/wp\/v2\/posts"}],"about":[{"href":"https:\/\/www.europesays.com\/fr\/wp-json\/wp\/v2\/types\/post"}],"author":[{"embeddable":true,"href":"https:\/\/www.europesays.com\/fr\/wp-json\/wp\/v2\/users\/2"}],"replies":[{"embeddable":true,"href":"https:\/\/www.europesays.com\/fr\/wp-json\/wp\/v2\/comments?post=239522"}],"version-history":[{"count":0,"href":"https:\/\/www.europesays.com\/fr\/wp-json\/wp\/v2\/posts\/239522\/revisions"}],"wp:featuredmedia":[{"embeddable":true,"href":"https:\/\/www.europesays.com\/fr\/wp-json\/wp\/v2\/media\/239523"}],"wp:attachment":[{"href":"https:\/\/www.europesays.com\/fr\/wp-json\/wp\/v2\/media?parent=239522"}],"wp:term":[{"taxonomy":"category","embeddable":true,"href":"https:\/\/www.europesays.com\/fr\/wp-json\/wp\/v2\/categories?post=239522"},{"taxonomy":"post_tag","embeddable":true,"href":"https:\/\/www.europesays.com\/fr\/wp-json\/wp\/v2\/tags?post=239522"}],"curies":[{"name":"wp","href":"https:\/\/api.w.org\/{rel}","templated":true}]}}