{"id":239529,"date":"2025-07-10T07:48:19","date_gmt":"2025-07-10T07:48:19","guid":{"rendered":"https:\/\/www.europesays.com\/fr\/239529\/"},"modified":"2025-07-10T07:48:19","modified_gmt":"2025-07-10T07:48:19","slug":"ryder-cup-2025-luke-donald-capitaine-de-plus-en-plus-courtise","status":"publish","type":"post","link":"https:\/\/www.europesays.com\/fr\/239529\/","title":{"rendered":"Ryder Cup 2025 : Luke Donald, capitaine de plus en plus courtis\u00e9"},"content":{"rendered":"<p>\t\t\t\t\t\t<img width=\"770\" height=\"556\" src=\"https:\/\/www.europesays.com\/fr\/wp-content\/uploads\/2025\/07\/afp__20240719__2162383927__v4__midres__the152ndopenpreviewdaythree-770x556.jpg\" class=\"img-responsive wp-post-image\" alt=\"Photo by ROSS KINNAIRD \/ GETTY IMAGES EUROPE \/ Getty Images via AFP\" decoding=\"async\" fetchpriority=\"high\"  \/>\t\t\t\t\t<\/p>\n<p>\t\t\t\t\t\t Partager cet article <\/p>\n<p class=\"screen-reader-text juiz_sps_maybe_hidden_text\">Partager la publication \u00ab\u00a0Ryder Cup 2025 : Luke Donald, capitaine de plus en plus courtis\u00e9\u00a0\u00bb<\/p>\n<p><strong>\u00c0 l\u2019approche de la Ryder Cup, Luke Donald est sollicit\u00e9 par les joueurs europ\u00e9ens, notamment Robert MacIntyre, Jon Rahm et Francesco Molinari, qui affichent ouvertement leur envie de faire partie de l\u2019aventure \u00e0 Bethpage.<\/strong><\/p>\n<p>\u00a0<\/p>\n<p>La s\u00e9lection europ\u00e9enne pour la <strong>Ryder Cup<\/strong> 2025 s\u2019annonce plus disput\u00e9e que jamais, et <strong>Luke Donald<\/strong> ne manque pas de candidats.<\/p>\n<p><strong>Robert MacIntyre<\/strong>, d\u00e9j\u00e0 auteur d\u2019une brillante premi\u00e8re participation en 2023, multiplie les performances de haut vol et ne cache pas ses ambitions. \u00ab La Ryder Cup m\u2019a permis de grandir en tant que golfeur et m\u2019a donn\u00e9 la conviction que je pouvais rivaliser avec les meilleurs \u00bb, a confi\u00e9 l\u2019\u00c9cossais, conscient que sa 2e place \u00e0 l\u2019<strong>U.S. Open <\/strong>a renforc\u00e9 sa l\u00e9gitimit\u00e9 au sein de l\u2019\u00e9quipe.<\/p>\n<p>Avant le <strong>LIV Golf Andalucia<\/strong> \u00e0 <strong>Valderrama<\/strong>, qui a accueilli la Ryder Cup en 1997, <strong>Jon Rahm<\/strong> a d\u00e9clar\u00e9 aux journalistes que jouer \u00e0 <strong>Bethpage Black<\/strong> avait \u00ab toujours \u00bb \u00e9t\u00e9 au centre de ses pr\u00e9occupations.<\/p>\n<p>\t\t\t\t\t<a id=\"178050\" href=\"https:\/\/www.eurogolf.fr\" target=\"_blank\" rel=\"sponsorised nofollow noopener\"><img decoding=\"async\" src=\"data:image\/svg+xml,%3Csvg%20xmlns=\" http:=\"\" class=\"img-responsive\" alt=\"\" data-lazy-src=\"https:\/\/www.europesays.com\/fr\/wp-content\/uploads\/2025\/07\/eurogolf-e02-soldes-ete-1170x275-1.jpeg\"\/><\/a><\/p>\n<blockquote><p>\nJ\u2019aime \u00e0 penser que j\u2019ai suffisamment bien jou\u00e9 pour, si possible, \u00eatre invit\u00e9.<\/p>\n<p>Jon Rahm<\/p>\n<\/blockquote>\n<p>\u00ab\u00a0Je peux encore me qualifier, alors j\u2019esp\u00e8re que je me qualifierai et que ce sera une r\u00e9alit\u00e9. Je suis presque s\u00fbr que je vais devoir gagner la semaine prochaine [\u00e0 Royal Portrush], mais c\u2019est une possibilit\u00e9, et si ce n\u2019est pas le cas, nous verrons ce qui se passera, a ajout\u00e9 le pilier de l\u2019\u00e9quipe europ\u00e9enne. Mais j\u2019aime \u00e0 penser que j\u2019ai suffisamment bien jou\u00e9 pour, si possible, \u00eatre invit\u00e9.\u00a0\u00bb<\/p>\n<p><strong>Francesco Molinari<\/strong>, vainqueur de <strong>The Open<\/strong> en 2018 et vice-capitaine de l\u2019\u00e9dition pr\u00e9c\u00e9dente \u00e0 Rome, esp\u00e8re lui aussi retrouver sa place dans le staff : \u00ab Nous verrons, c\u2019est \u00e9videmment la d\u00e9cision de Luke, mais j\u2019adorerais \u00eatre impliqu\u00e9\u00a0\u00bb, a-t-il dit \u00e0 <a href=\"https:\/\/www.bunkered.co.uk\/golf-news\/major-champ-in-ryder-cup-conversations-with-luke-donald\/\" target=\"_blank\" rel=\"noopener nofollow\">bunkered.co.uk<\/a>.<\/p>\n<p>\u00a0<\/p>\n<p>Donald, flatt\u00e9 mais prudent<\/p>\n<p>Face \u00e0 ces sollicitations, Luke Donald reste mesur\u00e9 mais ne cache pas son admiration pour ses hommes : \u00ab La transition entre l\u2019Europe et l\u2019Europe est difficile. Les champs sont plus profonds. C\u2019est plus difficile. Mais [MacIntyre] est rest\u00e9 constant et je regardais beaucoup ses statistiques\u2026 J\u2019ai vu l\u2019am\u00e9lioration de ses statistiques et ce n\u2019\u00e9tait qu\u2019une question de temps avant qu\u2019il ne fasse une tr\u00e8s, tr\u00e8s bonne semaine et il l\u2019a presque r\u00e9ussie. \u00bb<\/p>\n<p>Sur le cas Molinari, la capitaine europ\u00e9en rappelle que \u00ab beaucoup de gars veulent s\u2019impliquer, donc je ne consid\u00e8re pas que c\u2019est acquis. \u00bb<\/p>\n<p>\t\t\t\t\t<a id=\"177269\" href=\"https:\/\/www.golfcapdagde.com\/\" target=\"_blank\" rel=\"sponsorised nofollow noopener\"><img decoding=\"async\" src=\"data:image\/svg+xml,%3Csvg%20xmlns=\" http:=\"\" class=\"img-responsive\" alt=\"\" data-lazy-src=\"https:\/\/www.europesays.com\/fr\/wp-content\/uploads\/2025\/06\/capdagdegolf-e01-experience-golf-1170x275-1.gif\"\/><\/a><\/p>\n<p>Au sujet de Jon Rahm, il avait d\u00e9clar\u00e9 en marge du <strong>PGA Championship <\/strong>que \u00ab c\u2019est l\u2019un des meilleurs joueurs au monde, et je m\u2019attends \u00e0 ce qu\u2019il soit dans l\u2019\u00e9quipe. Mais il doit continuer \u00e0 bien jouer, comme tous les autres. \u00bb<\/p>\n<p>Luke Donald sait qu\u2019il aura l\u2019embarras du choix pour composer une \u00e9quipe solide et soud\u00e9e \u00e0 New York, et devrait continuer \u00e0 avoir des conversations int\u00e9ressantes. D\u00e8s jeudi et vendredi avec <strong>Harry Hall<\/strong> et <strong>Rasmus Neergaard-Petersen <\/strong>pendant le <strong>Genesis Scottish Open<\/strong>\u2026<\/p>\n<p>\u00a0<\/p>\n<p>Photo : ROSS KINNAIRD \/ Getty Images via AFP<\/p>\n","protected":false},"excerpt":{"rendered":"Partager cet article Partager la publication \u00ab\u00a0Ryder Cup 2025 : Luke Donald, capitaine de plus en plus courtis\u00e9\u00a0\u00bb&hellip;\n","protected":false},"author":2,"featured_media":239530,"comment_status":"","ping_status":"","sticky":false,"template":"","format":"standard","meta":{"footnotes":""},"categories":[1418],"tags":[1011,27,1472,60],"class_list":{"0":"post-239529","1":"post","2":"type-post","3":"status-publish","4":"format-standard","5":"has-post-thumbnail","7":"category-golf","8":"tag-fr","9":"tag-france","10":"tag-golf","11":"tag-sports"},"share_on_mastodon":{"url":"https:\/\/pubeurope.com\/@fr\/114827841158876273","error":""},"_links":{"self":[{"href":"https:\/\/www.europesays.com\/fr\/wp-json\/wp\/v2\/posts\/239529","targetHints":{"allow":["GET"]}}],"collection":[{"href":"https:\/\/www.europesays.com\/fr\/wp-json\/wp\/v2\/posts"}],"about":[{"href":"https:\/\/www.europesays.com\/fr\/wp-json\/wp\/v2\/types\/post"}],"author":[{"embeddable":true,"href":"https:\/\/www.europesays.com\/fr\/wp-json\/wp\/v2\/users\/2"}],"replies":[{"embeddable":true,"href":"https:\/\/www.europesays.com\/fr\/wp-json\/wp\/v2\/comments?post=239529"}],"version-history":[{"count":0,"href":"https:\/\/www.europesays.com\/fr\/wp-json\/wp\/v2\/posts\/239529\/revisions"}],"wp:featuredmedia":[{"embeddable":true,"href":"https:\/\/www.europesays.com\/fr\/wp-json\/wp\/v2\/media\/239530"}],"wp:attachment":[{"href":"https:\/\/www.europesays.com\/fr\/wp-json\/wp\/v2\/media?parent=239529"}],"wp:term":[{"taxonomy":"category","embeddable":true,"href":"https:\/\/www.europesays.com\/fr\/wp-json\/wp\/v2\/categories?post=239529"},{"taxonomy":"post_tag","embeddable":true,"href":"https:\/\/www.europesays.com\/fr\/wp-json\/wp\/v2\/tags?post=239529"}],"curies":[{"name":"wp","href":"https:\/\/api.w.org\/{rel}","templated":true}]}}