{"id":239531,"date":"2025-07-10T07:50:10","date_gmt":"2025-07-10T07:50:10","guid":{"rendered":"https:\/\/www.europesays.com\/fr\/239531\/"},"modified":"2025-07-10T07:50:10","modified_gmt":"2025-07-10T07:50:10","slug":"afrique-du-sud-malchance-5-choses-a-savoir-sur-jacobus-van-tonder-nouvel-appele-avec-le-xv-de-france","status":"publish","type":"post","link":"https:\/\/www.europesays.com\/fr\/239531\/","title":{"rendered":"Afrique du Sud, malchance&#8230; 5 choses \u00e0 savoir sur Jacobus Van Tonder, nouvel appel\u00e9 avec le XV de France"},"content":{"rendered":"<p>Partez \u00e0 la d\u00e9couverte de Jacobus Van Tonder, deuxi\u00e8me ou troisi\u00e8me-ligne de Perpignan, avant le choc face aux All Blacks ce samedi (09h05).<\/p>\n<p>Un vrai \u00absoldat\u00bb<\/p>\n<p class=\"fig-paragraph\">Dans la plus pure tradition des Sud-Africains, Jacobus Van Tonder est un guerrier. Gaillard de 1m97 pour 118 kg, le blondinet barbu se revendique m\u00eame comme un \u00absoldat\u00bb, dans un entretien accord\u00e9 \u00e0\u00a0<a href=\"https:\/\/www.lindependant.fr\/2024\/09\/25\/top-14-jacobus-van-tonder-ce-soldat-plus-que-jamais-attache-a-ladn-de-lusap-12220416.php\" target=\"_blank\" rel=\"sponsored noopener\" data-gtm-custom-categorie=\"navigation\" data-gtm-custom-action=\"crossclick\" data-gtm-custom-label=\"Contextuel\" data-gtm-event=\"customEventSPE\">L\u2019Ind\u00e9pendant<\/a> . Machine \u00e0 plaquer, joueur robuste et dur au mal, il avait m\u00eame, la saison derni\u00e8re contre Castres, r\u00e9alis\u00e9 29 plaquages en une rencontre. Des qualit\u00e9s qui ne sont donc pas pass\u00e9es inaper\u00e7ues au sein du staff du XV de France.<\/p>\n<p>Form\u00e9 et r\u00e9v\u00e9l\u00e9 \u00e0 Clermont<\/p>\n<p class=\"fig-paragraph\">En 2016, alors qu\u2019il n\u2019est \u00e2g\u00e9 que de 16 ans, Van Tonder rejoint le centre de formation de l\u2019ASM Clermont Auvergne. Il y restera deux saisons, remportant au passage le titre de champion de France espoirs en 2018. Cette ann\u00e9e-l\u00e0 sera d\u2019ailleurs l\u2019ann\u00e9e de la confirmation puisque le natif de Bloemfontein a effectu\u00e9 sa premi\u00e8re apparition avec le groupe professionnel lors de la r\u00e9ception de l\u2019Union Bordeaux-B\u00e8gles. Van Tonder avait en plus inscrit un essai. En juin 2023, l\u2019international fran\u00e7ais a rejoint Perpignan, club dans lequel il s\u2019\u00e9panouit.<\/p>\n<p>                                    <a class=\"fig-a11y-skip a11y-hidden\" href=\"#fig-a11y-skip-main-inarticle\"><br \/>\n        Passer la publicit\u00e9<br \/>\n    <\/a><\/p>\n<p>L\u2019Afrique du Sud dans le sang<\/p>\n<p class=\"fig-paragraph\">C\u2019est lors d\u2019un \u00e9v\u00e9nement sportif majeur en Afrique du Sud &#8211; le \u00abCraven week\u00bb &#8211; que Van Tonder a \u00e9t\u00e9 rep\u00e9r\u00e9 par Clermont. Cette comp\u00e9tition r\u00e9unit les \u00e9quipes des meilleurs jeunes \u00e2g\u00e9s de 18 ans et \u00e9voluant dans les neuf provinces du pays. \u00abQuand j\u2019ai re\u00e7u le mail de Clermont me sollicitant, au d\u00e9but, je n\u2019ai pas trop compris. Les jeunes sud-africains qui r\u00eavent de rugby sont tous dans les m\u00eames esp\u00e9rances\u00a0: trouver une acad\u00e9mie de club apr\u00e8s le lyc\u00e9e, int\u00e9grer un groupe professionnel pour disputer la Currie Cup, avoir sa chance en Super Rugby et, enfin, devenir Springbok. L\u2019id\u00e9e de partir en Europe, \u00e7a ne vient que plus tard\u00bb, confiait-il en 2019 dans les colonnes de\u00a0<a href=\"https:\/\/www.rugbyrama.fr\/2019\/05\/17\/la-bonne-etoile-de-jaco,8206030.php\" target=\"_blank\" rel=\"sponsored noopener\" data-gtm-custom-categorie=\"navigation\" data-gtm-custom-action=\"crossclick\" data-gtm-custom-label=\"Contextuel\" data-gtm-event=\"customEventSPE\">Midi Olympique<\/a> . Le natif de Bloemfontein, o\u00f9 il a grandi durant sept ans, \u00e9tait \u00e9galement scolaris\u00e9 au prestigieux \u00abGrey College\u00bb.<\/p>\n<p class=\"fig-body-link\">\n            \u00c0 lire aussi<br \/>\n        <a class=\"fig-body-link__link\" href=\"http:\/\/www.lefigaro.fr\/sports\/rugby\/xv-de-france\/nouvelle-zelande-france-a-quelle-heure-et-sur-quelle-chaine-regarder-le-deuxieme-test-d-ete-des-bleus-20250706\" data-fig-type=\"NewsFlash\" data-gtm-custom-categorie=\"navigation\" data-gtm-custom-action=\"crossclick\" data-gtm-custom-label=\"Contextuel\" data-gtm-event=\"customEventSPE\" data-fig-domain=\"LEFIGARO\" target=\"_blank\" rel=\"noopener\">Nouvelle-Z\u00e9lande-France\u00a0: \u00e0 quelle heure et sur quelle cha\u00eene regarder le deuxi\u00e8me test d\u2019\u00e9t\u00e9 des Bleus<br \/>\n    <\/a>\n<\/p>\n<p>Profil complet<\/p>\n<p class=\"fig-paragraph\">Jacobus Van Tonder est ce que l\u2019on appelle un couteau suisse. Grand et puissant, le Catalan peut jouer en deuxi\u00e8me ligne, en num\u00e9ro 4, mais aussi \u00e0 tous les postes de la troisi\u00e8me ligne (6, 7, 8). Cette saison, le n\u00e9o-international a principalement jou\u00e9 au post de flanker m\u00eame s\u2019il avait \u00e9t\u00e9 titularis\u00e9 \u00e0 deux reprises, \u00e0 Paris et \u00e0 Clermont en mai, dans la cage. C\u2019est d\u2019ailleurs \u00e0 une aile de la troisi\u00e8me ligne que Fabien Galthi\u00e9 et son staff ont d\u00e9cid\u00e9 de le faire rentrer face aux All Blacks lors du premier test de la tourn\u00e9e d\u2019\u00e9t\u00e9 et de le titulariser ce samedi.<\/p>\n<p>Pas \u00e9pargn\u00e9 par les blessures<\/p>\n<p class=\"fig-paragraph\">Sur le terrain, d\u00e8s qu\u2019il en a eu l\u2019occasion avec Clermont et Perpignan, Jacobus Van Tonder a \u00e0 chaque fois r\u00e9pondu pr\u00e9sent. Sa carri\u00e8re a toutefois \u00e9t\u00e9 frein\u00e9e par de nombreuses et graves blessures. Le 28 septembre 2024, il avait \u00e9t\u00e9 victime d\u2019une rupture du ligament crois\u00e9 ant\u00e9rieur du genou gauche. G\u00ean\u00e9 par de nombreux p\u00e9pins physiques en Auvergne, le troisi\u00e8me-ligne a manqu\u00e9 de temps de jeu.<\/p>\n<p>    <a href=\"https:\/\/photo.lefigaro.fr\/sports\/rugby\/rugby-carter-kaino-nonu-kelleher-le-xv-des-neo-zelandais-qui-ont-evolue-en-france-20250710\" target=\"_blank\" rel=\"noopener\"><\/p>\n<p class=\"fig-slideshow__title\">\n                    Rugby\u00a0: Carter, Kaino, Nonu, Kelleher&#8230; Le XV des N\u00e9o-Z\u00e9landais qui ont \u00e9volu\u00e9 en France\n                <\/p>\n<p>Acc\u00e9der au diaporama (15)<\/p>\n<p>    <\/a><\/p>\n","protected":false},"excerpt":{"rendered":"Partez \u00e0 la d\u00e9couverte de Jacobus Van Tonder, deuxi\u00e8me ou troisi\u00e8me-ligne de Perpignan, avant le choc face aux&hellip;\n","protected":false},"author":2,"featured_media":239532,"comment_status":"","ping_status":"","sticky":false,"template":"","format":"standard","meta":{"footnotes":""},"categories":[1416],"tags":[10980,515,1011,27,479,1468,60,14988],"class_list":{"0":"post-239531","1":"post","2":"type-post","3":"status-publish","4":"format-standard","5":"has-post-thumbnail","7":"category-rugby","8":"tag-asm-clermont-auvergne","9":"tag-fabien-galthie","10":"tag-fr","11":"tag-france","12":"tag-rugby","13":"tag-rugby-football","14":"tag-sports","15":"tag-usap"},"share_on_mastodon":{"url":"https:\/\/pubeurope.com\/@fr\/114827848855674904","error":""},"_links":{"self":[{"href":"https:\/\/www.europesays.com\/fr\/wp-json\/wp\/v2\/posts\/239531","targetHints":{"allow":["GET"]}}],"collection":[{"href":"https:\/\/www.europesays.com\/fr\/wp-json\/wp\/v2\/posts"}],"about":[{"href":"https:\/\/www.europesays.com\/fr\/wp-json\/wp\/v2\/types\/post"}],"author":[{"embeddable":true,"href":"https:\/\/www.europesays.com\/fr\/wp-json\/wp\/v2\/users\/2"}],"replies":[{"embeddable":true,"href":"https:\/\/www.europesays.com\/fr\/wp-json\/wp\/v2\/comments?post=239531"}],"version-history":[{"count":0,"href":"https:\/\/www.europesays.com\/fr\/wp-json\/wp\/v2\/posts\/239531\/revisions"}],"wp:featuredmedia":[{"embeddable":true,"href":"https:\/\/www.europesays.com\/fr\/wp-json\/wp\/v2\/media\/239532"}],"wp:attachment":[{"href":"https:\/\/www.europesays.com\/fr\/wp-json\/wp\/v2\/media?parent=239531"}],"wp:term":[{"taxonomy":"category","embeddable":true,"href":"https:\/\/www.europesays.com\/fr\/wp-json\/wp\/v2\/categories?post=239531"},{"taxonomy":"post_tag","embeddable":true,"href":"https:\/\/www.europesays.com\/fr\/wp-json\/wp\/v2\/tags?post=239531"}],"curies":[{"name":"wp","href":"https:\/\/api.w.org\/{rel}","templated":true}]}}