{"id":239533,"date":"2025-07-10T07:51:09","date_gmt":"2025-07-10T07:51:09","guid":{"rendered":"https:\/\/www.europesays.com\/fr\/239533\/"},"modified":"2025-07-10T07:51:09","modified_gmt":"2025-07-10T07:51:09","slug":"malgre-une-gene-au-coude-droit-jannik-sinner-simpose-face-a-ben-shelton-et-file-en-demi-finales-de-wimbledon-lequipe","status":"publish","type":"post","link":"https:\/\/www.europesays.com\/fr\/239533\/","title":{"rendered":"Malgr\u00e9 une g\u00eane au coude droit, Jannik Sinner s&#039;impose face \u00e0 Ben Shelton et file en demi-finales de Wimbledon &#8211; L&#039;\u00c9quipe"},"content":{"rendered":"<ol>\n<li><a href=\"https:\/\/news.google.com\/rss\/articles\/CBMitgFBVV95cUxNMUc4SWlJcHo0N2t0VUtPLWtwMjR6WGtlTmJTVzN3SUxNLTNBMWpOUXlKLUhLS3FLaEY1bzhYdjJhNnlTTnJTandPX3hDNGRxMzE0TFdhODExdUplakh4TGhjVWYxUHhRSFY2cnUzcnhlRmQzdjJyclFsTUttT1cxd1ptN1ZkNFRqbVAyWkhuT1l4U0JxeFlJYUtLZ2xIeGdCTjVTQmN0MVEzX21hc0t4b2VVTnF3dw?oc=5\" target=\"_blank\" rel=\"nofollow noopener\">Malgr\u00e9 une g\u00eane au coude droit, Jannik Sinner s&rsquo;impose face \u00e0 Ben Shelton et file en demi-finales de Wimbledon<\/a>&nbsp;&nbsp;L&rsquo;\u00c9quipe<\/li>\n<li><a href=\"https:\/\/news.google.com\/rss\/articles\/CBMi8gFBVV95cUxOckJkaTlvN0xrZXlvTFZXR2w2N19XallpakJPS3NmNDdscElwSV9FWFlFVDNxNVkzbTdWdWdfYk40V0R3RFN3aGFpWlpnR3NISTJtVndfV0JkeE0ycUMySUFHMlZjOEhqd0U3Q0lNRlJGOE9iSGhQSFR4aEdWZlVKeWVZSVFmQTJ4VXU0NUtDVmFMVmdQcDd5ZDVReDZBeGZ4UU1lUHdhcjJKY1hOUzVDd1NvamNPMy1XaXppUTJXVzlvdG9xdjIzY0VsZnM3Z1hOQ0VnZzZSeU00TFB2VTRuX0MwRmRBTEhaSGVWR1JWTFdUQQ?oc=5\" target=\"_blank\" rel=\"nofollow noopener\">Comment Ben Shelton s&rsquo;est sabord\u00e9 contre Jannik Sinner dans les moments chauds en quarts de finale de Wimbledon<\/a>&nbsp;&nbsp;L&rsquo;\u00c9quipe<\/li>\n<li><a href=\"https:\/\/news.google.com\/rss\/articles\/CBMivAFBVV95cUxOV2xJeUFiTHVqMjA4SjZrb2d6MXpEZDI1VGU3ODQ4R3k4UkI0cjZja3J4UHRRUzliVEtfU2lGbEp6QnZ2QmphY1RpcmZ4WnBFWEtHNExrdEF6NVBqOXhlUjhHTkJoNzRJTWhfOGlRQUNLMTMtOGFKQ0JuZXZ4aEdfZW5GSEk2VVJCYlZRejhNLVk5X2g0bFNFME04d0poVGFJZWRKZjZjd1RCLUh5NHFpcDlxTUt3R3BHdHpWVw?oc=5\" target=\"_blank\" rel=\"nofollow noopener\">Jannik Sinner &#8211; Ben Shelton en direct &#8211; Wimbledon messieurs : Tennis Scores &amp; R\u00e9sultats &#8211; 09\/07\/2025<\/a>&nbsp;&nbsp;Eurosport<\/li>\n<li><a href=\"https:\/\/news.google.com\/rss\/articles\/CBMi6gFBVV95cUxPc0VoSVhoT1BVOFZHS2NhMnhENl93TFJ2YlU0UjBDOGpTUzVnb2hJSFhYSXp6eHFlSVUwcTVGZGJUNjVyT2kzZEtjREJGWXRObmhTRExWY3c4eDZDZE40c2IyN3hfeXk2VWhodEM3T0Z3M2dkdXVsSXNLR0d2R3M1RXo2N1ZBS2M4UkVCLXBuV2M0ZV83TmFKTC1jbVNUZUFpMnJzYlduS3R3eGdhR1lVQWVSblN3NE9nNC0ycXJtNWE1OGh5cklhbE4yUHJqWGphVG92RkFXYlVNZ2MzNTZnU001YVhWMEdKV0E?oc=5\" target=\"_blank\" rel=\"nofollow noopener\">Wimbledon : Grigor Dimitrov, le maudit des Grands Chelems avec un cinqui\u00e8me abandon d&rsquo;affil\u00e9e<\/a>&nbsp;&nbsp;20 Minutes<\/li>\n<li><a href=\"https:\/\/news.google.com\/rss\/articles\/CBMitAFBVV95cUxNbl85c3puN2pXbTBfb2ZCRVJZSGp4MkZsNHA0NnpXandwTm9MSmcwVVBzazlBTzM2d2hSeEtHRW1FelVzMHdpZGIyMzVvNlk4X3o2Q1A1dUpLOV9pR3M4RFdRX3BxVllyVXhIYTVTLUhNdFE0Y1lRSkhjbGV0YUozVzlwUnFSYkNia1UyUmJrZy1hZjBGYS1mR1FMTnR0ck8wR0tCc2h5M05ZZlZDLXZSN3pES0E?oc=5\" target=\"_blank\" rel=\"nofollow noopener\">Wimbledon : \u00abUn gros challenge contre Djokovic\u00bb, assure Sinner<\/a>&nbsp;&nbsp;Le Figaro<\/li>\n<\/ol>\n","protected":false},"excerpt":{"rendered":"Malgr\u00e9 une g\u00eane au coude droit, Jannik Sinner s&rsquo;impose face \u00e0 Ben Shelton et file en demi-finales de&hellip;\n","protected":false},"author":2,"featured_media":239534,"comment_status":"","ping_status":"","sticky":false,"template":"","format":"standard","meta":{"footnotes":""},"categories":[1415],"tags":[1011,27,60,1467],"class_list":{"0":"post-239533","1":"post","2":"type-post","3":"status-publish","4":"format-standard","5":"has-post-thumbnail","7":"category-tennis","8":"tag-fr","9":"tag-france","10":"tag-sports","11":"tag-tennis"},"share_on_mastodon":{"url":"https:\/\/pubeurope.com\/@fr\/114827852661925436","error":""},"_links":{"self":[{"href":"https:\/\/www.europesays.com\/fr\/wp-json\/wp\/v2\/posts\/239533","targetHints":{"allow":["GET"]}}],"collection":[{"href":"https:\/\/www.europesays.com\/fr\/wp-json\/wp\/v2\/posts"}],"about":[{"href":"https:\/\/www.europesays.com\/fr\/wp-json\/wp\/v2\/types\/post"}],"author":[{"embeddable":true,"href":"https:\/\/www.europesays.com\/fr\/wp-json\/wp\/v2\/users\/2"}],"replies":[{"embeddable":true,"href":"https:\/\/www.europesays.com\/fr\/wp-json\/wp\/v2\/comments?post=239533"}],"version-history":[{"count":0,"href":"https:\/\/www.europesays.com\/fr\/wp-json\/wp\/v2\/posts\/239533\/revisions"}],"wp:featuredmedia":[{"embeddable":true,"href":"https:\/\/www.europesays.com\/fr\/wp-json\/wp\/v2\/media\/239534"}],"wp:attachment":[{"href":"https:\/\/www.europesays.com\/fr\/wp-json\/wp\/v2\/media?parent=239533"}],"wp:term":[{"taxonomy":"category","embeddable":true,"href":"https:\/\/www.europesays.com\/fr\/wp-json\/wp\/v2\/categories?post=239533"},{"taxonomy":"post_tag","embeddable":true,"href":"https:\/\/www.europesays.com\/fr\/wp-json\/wp\/v2\/tags?post=239533"}],"curies":[{"name":"wp","href":"https:\/\/api.w.org\/{rel}","templated":true}]}}