{"id":239535,"date":"2025-07-10T07:53:13","date_gmt":"2025-07-10T07:53:13","guid":{"rendered":"https:\/\/www.europesays.com\/fr\/239535\/"},"modified":"2025-07-10T07:53:13","modified_gmt":"2025-07-10T07:53:13","slug":"objectif-podium-pour-tech3-au-sachsenring","status":"publish","type":"post","link":"https:\/\/www.europesays.com\/fr\/239535\/","title":{"rendered":"Objectif podium pour Tech3 au Sachsenring"},"content":{"rendered":"<p>Voil\u00e0 plusieurs semaines que Tech3 tourne autour du podium. Il y eut d&rsquo;abord la lutte inattendue de <a href=\"https:\/\/fr.motorsport.com\/driver\/maverick-vinales\/96553\/\" target=\"_blank\" rel=\"noopener\">Maverick Vi\u00f1ales<\/a> pour la victoire au Qatar, qui s&rsquo;est sold\u00e9e par la participation de l&rsquo;Espagnol \u00e0 la c\u00e9r\u00e9monie de remise des prix pour une deuxi\u00e8me place acquise sous le drapeau \u00e0 damier, mais suivie d&rsquo;une p\u00e9nalit\u00e9 qui la lui a finalement retir\u00e9e. Il y eut ensuite sa quatri\u00e8me position en Espagne, puis un GP d&rsquo;Italie o\u00f9 l&rsquo;Espagnol avait des vues sur la troisi\u00e8me place avant d&rsquo;\u00eatre envoy\u00e9 au tapis par <a href=\"https:\/\/fr.motorsport.com\/driver\/franco-morbidelli\/109417\/\" target=\"_blank\" rel=\"noopener\">Franco Morbidelli<\/a>.<\/p>\n<p>Si <a href=\"https:\/\/fr.motorsport.com\/driver\/pedro-acosta\/840236\/\" target=\"_blank\" rel=\"noopener\">Pedro Acosta<\/a> est celui qui a jusqu&rsquo;ici obtenu les meilleurs r\u00e9sultats pour KTM au sein de l&rsquo;\u00e9quipe d&rsquo;usine, Maverick Vi\u00f1ales tient la comparaison et se montre suffisamment constant pour qu&rsquo;Herv\u00e9 Poncharal croie en un podium possible. Et pourquoi pas d\u00e8s cette semaine, en Allemagne\u00a0?<\/p>\n<p>\u00ab\u00a0Maverick \u00e9tait d\u00e9\u00e7u parce que sa chute au Mugello l&rsquo;a probablement priv\u00e9 d&rsquo;un podium\u00a0\u00bb, admet le patron de l&rsquo;\u00e9quipe Tech3 dans une interview pour <a href=\"https:\/\/www.gpone.com\/it\/2025\/07\/05\/motogp\/poncharal-nessun-accordo-con-honda-per-il-2026-la-priorita-resta-ktm.html\" target=\"_blank\" rel=\"noopener\">GPOne<\/a>. \u00ab\u00a0\u00c0 Assen, nous ne savions pas exactement \u00e0 quoi nous attendre. Nous n&rsquo;avons pas obtenu en qualifications un aussi bon r\u00e9sultat qu&rsquo;en Italie, o\u00f9 nous \u00e9tions partis de la sixi\u00e8me place. Mais dans le sprint, Maverick a termin\u00e9 sixi\u00e8me, \u00e0 seulement 1&Prime;7 du podium.\u00a0\u00bb<\/p>\n<p>\u00ab\u00a0Le dimanche, il a encore une fois \u00e9t\u00e9 fort et il n&rsquo;a manqu\u00e9 le podium que pour sept secondes. Sans notre cher ami Morbidelli, Maverick aurait peut-\u00eatre pu s&rsquo;accrocher au wagon qui se battait pour la troisi\u00e8me place, juste devant lui. Et Pedro Acosta a encore une fois d\u00e9montr\u00e9 \u00e0 quel point le package KTM est comp\u00e9titif en MotoGP. Il faut rappeler aussi qu&rsquo;Assen n&rsquo;a jamais \u00e9t\u00e9 une piste favorable \u00e0 KTM.\u00a0\u00bb<\/p>\n<p>Le Sachsenring non plus ne figure pas parmi les circuits pr\u00e9f\u00e9r\u00e9s de la moto autrichienne, et la deuxi\u00e8me place d\u00e9croch\u00e9e par <a href=\"https:\/\/fr.motorsport.com\/driver\/miguel-oliveira\/109382\/\" target=\"_blank\" rel=\"noopener\">Miguel Oliveira<\/a> il y a quatre ans para\u00eet d\u00e9j\u00e0 loin.\u00a0\u00ab\u00a0Nous n&rsquo;avons pas couru au Sachsenring depuis un an. Les motos ont beaucoup chang\u00e9 depuis, il est donc difficile de faire des pr\u00e9visions. Il y a 12 mois, cette piste n&rsquo;avait pas \u00e9t\u00e9 particuli\u00e8rement facile pour nous. Notre meilleur pilote avait \u00e9t\u00e9 Pedro Acosta, qui n&rsquo;avait pas marqu\u00e9 de points dans le sprint et avait termin\u00e9 septi\u00e8me le dimanche.\u00a0\u00bb<\/p>\n<p>\u00ab\u00a0Ceci \u00e9tant dit, Maverick Vi\u00f1ales se trouve dans une forme exceptionnelle et, depuis Doha, il est aussi dans un excellent \u00e9tat d&rsquo;esprit, alors tout peut arriver. Nous allons en Allemagne pour nous battre pour le top 5, mais nous esp\u00e9rons m\u00eame pouvoir viser le podium. Cela reste notre objectif\u00a0\u00bb, annonce Herv\u00e9 Poncharal.<\/p>\n<p>   <img decoding=\"async\" draggable=\"false\" src=\"https:\/\/www.europesays.com\/fr\/wp-content\/uploads\/2025\/07\/1752133993_407_maverick-vinales-red-bull-ktm-.jpg\" alt=\"Bient\u00f4t un troph\u00e9e que Maverick Vi\u00f1ales et Tech3 pourront conserver ?\" width=\"1200\" height=\"800\" loading=\"lazy\"\/> <\/p>\n<p class=\"title\">Bient\u00f4t un troph\u00e9e que Maverick Vi\u00f1ales et Tech3 pourront conserver ?<\/p>\n<p class=\"photographer\">Photo de: Tech3 Racing<\/p>\n<p>\u00c0 ce stade du championnat, Tech3 est certes loin des cinq podiums glan\u00e9s l&rsquo;an dernier avec Pedro Acosta, auxquels s&rsquo;\u00e9taient ajout\u00e9es quatre m\u00e9dailles en course sprint, mais la tendance est positive. Si l&rsquo;\u00e9quipe parvient \u00e0 \u00e9lever son jeu en qualifications, Vi\u00f1ales lui-m\u00eame est convaincu de pouvoir retrouver le podium, et cette fois sans avoir \u00e0 rendre son troph\u00e9e.<\/p>\n<p>\u00ab\u00a0L&rsquo;objectif principal est d&rsquo;am\u00e9liorer les qualifications et de partir des deux premi\u00e8res lignes\u00a0\u00bb, annonce l&rsquo;Espagnol. \u00ab\u00a0Ce sera encore plus important au Sachsenring, qui est une piste tr\u00e8s technique avec beaucoup de virages serr\u00e9s, si bien qu&rsquo;on peut facilement se retrouver coinc\u00e9 si on est au milieu du peloton.\u00a0\u00bb<\/p>\n<p>Lire aussi :<\/p>\n<p>Du mieux aussi pour Bastianini<\/p>\n<p>L&rsquo;autre confirmation de la tendance positive actuelle vient d&rsquo;<a href=\"https:\/\/fr.motorsport.com\/driver\/enea-bastianini\/109398\/\" target=\"_blank\" rel=\"noopener\">Enea Bastianini<\/a>. Les deux derniers Grands Prix ont aussi marqu\u00e9 une hausse des performances de l&rsquo;Italien, assur\u00e9ment le plus en difficult\u00e9 du quatuor KTM en d\u00e9but de saison. \u00ab\u00a0Nous sommes conscients que nous devons encore progresser, mais Assen a \u00e9t\u00e9 de loin la meilleure course de l&rsquo;ann\u00e9e pour Enea Bastianini\u00a0\u00bb, juge Herv\u00e9 Poncharal, heureux de constater que l&rsquo;Italien sort peu \u00e0 peu de l&rsquo;orni\u00e8re.<\/p>\n<p>\u00ab\u00a0Il est remont\u00e9 de la 20e place sur la grille \u00e0 la neuvi\u00e8me dimanche. Enea a beaucoup plus de mal sur le tour lanc\u00e9 que dans le rythme de course. Le dimanche, il se trouvait dans un groupe o\u00f9 \u00e7a se battait beaucoup, avec <a href=\"https:\/\/fr.motorsport.com\/driver\/fabio-quartararo\/109400\/\" target=\"_blank\" rel=\"noopener\">Fabio Quartararo<\/a>, Miller, Rins, Binder et Zarco, et il a su tenir t\u00eate \u00e0 ces pilotes tr\u00e8s rapides.\u00a0\u00bb<\/p>\n<p>Le team manager Nicolas Goyon fait \u00e9cho \u00e0 cet optimisme\u00a0:\u00a0\u00ab\u00a0Enea Bastianini a montr\u00e9 de meilleures performances r\u00e9cemment, en particulier dans les deux derni\u00e8res manches, et notre but va \u00eatre de poursuivre sur cette lanc\u00e9e en esp\u00e9rant atteindre la Q2 pour la premi\u00e8re fois cette saison. Notre moto a clairement progress\u00e9, ce qu&rsquo;atteste le fait d&rsquo;avoir eu quatre KTM aux 11 premi\u00e8res places \u00e0 Assen, et je suis certain qu&rsquo;Enea va en tirer profit pour poursuivre son adaptation et am\u00e9liorer ses r\u00e9sultats.\u00a0\u00bb<\/p>\n<p>C&rsquo;est toutefois bien du c\u00f4t\u00e9 de\u00a0Vi\u00f1ales que se tourne \u00e9galement le responsable du stand pour placer ses meilleurs pronostics en vue du week-end \u00e0 venir. \u00ab\u00a0Maverick Vi\u00f1ales se trouve actuellement dans l&rsquo;un des meilleurs moments de forme de sa carri\u00e8re\u00a0\u00bb, constate-t-il. \u00ab\u00a0\u00c0 Assen, nous avons vu que la moto avait progress\u00e9 en termes de turning et de stabilit\u00e9, qui sont deux aspects techniques d\u00e9terminants pour \u00eatre rapide en Allemagne. Si Maverick r\u00e9ussit \u00e0 bien se qualifier, ce qui est l&rsquo;un de nos principaux objectifs, nous pouvons nous attendre \u00e0 un solide week-end de sa part.\u00a0\u00bb<\/p>\n<p>Lire aussi :<\/p>\n<p>Dans cet article<\/p>\n<p>Soyez le premier inform\u00e9 et souscrivez aux alertes mails pour recevoir les infos en temps r\u00e9el<\/p>\n<p>    S&rsquo;abonner aux alertes de news<\/p>\n","protected":false},"excerpt":{"rendered":"Voil\u00e0 plusieurs semaines que Tech3 tourne autour du podium. Il y eut d&rsquo;abord la lutte inattendue de Maverick&hellip;\n","protected":false},"author":2,"featured_media":239536,"comment_status":"","ping_status":"","sticky":false,"template":"","format":"standard","meta":{"footnotes":""},"categories":[1413],"tags":[3377,1011,27,36254,5712,1457,1456,1458,36255,60,3374],"class_list":{"0":"post-239535","1":"post","2":"type-post","3":"status-publish","4":"format-standard","5":"has-post-thumbnail","7":"category-moto","8":"tag-enea-bastianini","9":"tag-fr","10":"tag-france","11":"tag-gp-dallemagne","12":"tag-maverick-viu00f1ales","13":"tag-moto","14":"tag-motocycle","15":"tag-motogp","16":"tag-sachsenring","17":"tag-sports","18":"tag-tech-3"},"share_on_mastodon":{"url":"https:\/\/pubeurope.com\/@fr\/114827860657003710","error":""},"_links":{"self":[{"href":"https:\/\/www.europesays.com\/fr\/wp-json\/wp\/v2\/posts\/239535","targetHints":{"allow":["GET"]}}],"collection":[{"href":"https:\/\/www.europesays.com\/fr\/wp-json\/wp\/v2\/posts"}],"about":[{"href":"https:\/\/www.europesays.com\/fr\/wp-json\/wp\/v2\/types\/post"}],"author":[{"embeddable":true,"href":"https:\/\/www.europesays.com\/fr\/wp-json\/wp\/v2\/users\/2"}],"replies":[{"embeddable":true,"href":"https:\/\/www.europesays.com\/fr\/wp-json\/wp\/v2\/comments?post=239535"}],"version-history":[{"count":0,"href":"https:\/\/www.europesays.com\/fr\/wp-json\/wp\/v2\/posts\/239535\/revisions"}],"wp:featuredmedia":[{"embeddable":true,"href":"https:\/\/www.europesays.com\/fr\/wp-json\/wp\/v2\/media\/239536"}],"wp:attachment":[{"href":"https:\/\/www.europesays.com\/fr\/wp-json\/wp\/v2\/media?parent=239535"}],"wp:term":[{"taxonomy":"category","embeddable":true,"href":"https:\/\/www.europesays.com\/fr\/wp-json\/wp\/v2\/categories?post=239535"},{"taxonomy":"post_tag","embeddable":true,"href":"https:\/\/www.europesays.com\/fr\/wp-json\/wp\/v2\/tags?post=239535"}],"curies":[{"name":"wp","href":"https:\/\/api.w.org\/{rel}","templated":true}]}}