{"id":239539,"date":"2025-07-10T07:55:09","date_gmt":"2025-07-10T07:55:09","guid":{"rendered":"https:\/\/www.europesays.com\/fr\/239539\/"},"modified":"2025-07-10T07:55:09","modified_gmt":"2025-07-10T07:55:09","slug":"letape-de-plaine-la-plus-vallonnee-qui-ait-jamais-ete-dessinee-annonce-thierry-gouvenou-avant-lexcitante-6e-etape","status":"publish","type":"post","link":"https:\/\/www.europesays.com\/fr\/239539\/","title":{"rendered":"\u00abL\u2019\u00e9tape de plaine la plus vallonn\u00e9e qui ait jamais \u00e9t\u00e9 dessin\u00e9e\u00bb, annonce Thierry Gouvenou avant l\u2019excitante 6e \u00e9tape"},"content":{"rendered":"<p>Sur ses terres, le directeur sportif du Tour de France a dessin\u00e9 une \u00e9tape entre Bayeux et Vire qui a, ce jeudi, tous les ingr\u00e9dients d\u2019une journ\u00e9e spectaculaire.<\/p>\n<p class=\"fig-paragraph\">\u00ab C\u2019est 3500 m\u00e8tres de d\u00e9nivel\u00e9, certainement l\u2019\u00e9tape de plaine la plus vallonn\u00e9e qui ait jamais \u00e9t\u00e9 dessin\u00e9e. Avant, jamais on n\u2019aurait \u00e9t\u00e9 chercher ces difficult\u00e9s-l\u00e0. Toutes les c\u00f4tes n\u2019ont pas \u00e9t\u00e9 r\u00e9pertori\u00e9es, mais il y en a beaucoup plus. Je n\u2019ai class\u00e9 que les plus s\u00e9v\u00e8res (6). Et puis surtout, il va y avoir cette accumulation de d\u00e9nivel\u00e9 et puis dans le final, il y a deux super c\u00f4tes, une pour servir de tremplin et une derni\u00e8re qui fait 14% pour l\u2019explication finale. En faisant le rapport entre le d\u00e9nivel\u00e9 et le kilom\u00e9trage, on est quasiment au niveau de Li\u00e8ge-Bastogne-Li\u00e8ge, \u00e0 un petit chouia pr\u00e8s. Les c\u00f4tes sont moins longues, moins dures mais elles sont pr\u00e9sentes\u00a0\u00bb, \u00e9num\u00e8re Thierry Gouvenou, le directeur sportif du Tour de France, en pr\u00e9sentant le profil d\u2019une 6e \u00e9tape all\u00e9chante, ce jeudi, entre Bayeux et Vire (201,5 km).<\/p>\n<p>La promesse de spectacle<\/p>\n<p class=\"fig-paragraph\">Une \u00e9chapp\u00e9e de baroudeurs ou un sprint entre les t\u00eates d\u2019affiche comme \u00e0 Rouen, les ingr\u00e9dients sont r\u00e9unis pour du mouvement. \u00ab Le spectacle n\u2019est jamais garanti\u00a0\u00bb, se m\u00e9fie Thierry Gouvenou. Professionnel entre 1991 et 2002 (Z, Gan, BigMat-Auber), Thierry Gouvenou a particip\u00e9 \u00e0 7 Tours de France, a connu les frissons d\u2019une \u00e9chapp\u00e9e solitaire d\u2019une centaine de kilom\u00e8tres reprise \u00e0 30 km de sa ville natale en 1997 (date de la derni\u00e8re arriv\u00e9e du Tour dans la ville) et a concoct\u00e9 une all\u00e9chante 6e \u00e9tape (Bayeux-Vire), une journ\u00e9e qui lui tient \u00e0 coeur.<\/p>\n<p>                                    <a class=\"fig-a11y-skip a11y-hidden\" href=\"#fig-a11y-skip-main-inarticle\"><br \/>\n        Passer la publicit\u00e9<br \/>\n    <\/a><\/p>\n<p>Le souvenir de Mario Cipollini en 1997<\/p>\n<p class=\"fig-paragraph\">\u00ab C\u2019est une promesse que m\u2019avait faite Christian (Prudhomme, le directeur du Tour de France), ma ville candidatait depuis longtemps, cela n\u2019avait pas pu se faire deux fois de suite, en 2016 et puis en 2022. Cette fois, c\u2019est bon, je prends \u00e7a comme un cadeau. J\u2019ai vraiment travaill\u00e9 main dans la main avec la ville pour faire comprendre qu\u2019il fallait que sportivement l\u2019\u00e9tape soit marquante.\u00a0\u00bb<\/p>\n<p class=\"fig-paragraph\">En 1997, Mario Cipollini, le maillot jaune, s\u2019\u00e9tait impos\u00e9 au sprint\u00a0: \u00ab Je leur ai dit qu\u2019on ne pouvait plus faire de sprint parce que la ligne d\u2019arriv\u00e9e n\u2019existe plus et qu\u2019il fallait qu\u2019on trouve quelque chose de sympathique dans le final. Je leur ai fait comprendre qu\u2019il serait pr\u00e9f\u00e9rable d\u2019arriver un petit peu \u00e0 l\u2019ext\u00e9rieur de la ville, pour pouvoir finir dans une belle c\u00f4te et faire un final \u2018\u2019punchy\u2019\u2019. Cela a \u00e9t\u00e9 accept\u00e9. Je me suis quand m\u00eame pas mal investi pour que cela fonctionne.\u00a0\u00bb<\/p>\n<p>Une journ\u00e9e particuli\u00e8re pour le directeur sportif du Tour de France<\/p>\n<p class=\"fig-paragraph\">Thierry Gouvenou s\u2019attend \u00e0 vivre une journ\u00e9e particuli\u00e8re. \u00ab J\u2019ai d\u00e9j\u00e0 eu des \u00e9motions. J\u2019ai fait la dict\u00e9e du Tour \u00e0 Vire, en mars. Je me suis retrouv\u00e9 dans mon \u00e9cole. Ils m\u2019avaient fait un accueil incroyable, toute la classe \u00e9tait compl\u00e8tement jaune. Les gamins \u00e9taient tous en maillot de cyclisme. Cela m\u2019avait secou\u00e9. Moi, j\u2019ai la larme qui vient facilement d\u00e8s qu\u2019on parle de la famille, d\u00e8s qu\u2019on parle d\u2019\u00e9motions, je me doute que \u00e7a ne va pas \u00eatre facile\u2026\u00a0\u00bb<\/p>\n<p>    <a href=\"https:\/\/photo.lefigaro.fr\/sports\/cyclisme\/tour-de-france\/tour-de-france-du-terrible-ennui-a-la-folie-de-juillet-notre-classement-des-editions-du-21e-siecle-en-images-20250703\" target=\"_blank\" rel=\"noopener\"><\/p>\n<p class=\"fig-slideshow__title\">\n                    Du plus soporifique au plus excitant, notre classement des \u00e9ditions du Tour de France au 21e si\u00e8cle\n                <\/p>\n<p>Acc\u00e9der au diaporama (12)<\/p>\n<p>    <\/a><\/p>\n","protected":false},"excerpt":{"rendered":"Sur ses terres, le directeur sportif du Tour de France a dessin\u00e9 une \u00e9tape entre Bayeux et Vire&hellip;\n","protected":false},"author":2,"featured_media":239540,"comment_status":"","ping_status":"","sticky":false,"template":"","format":"standard","meta":{"footnotes":""},"categories":[1411],"tags":[1154,207,1011,27,60,1138,210],"class_list":{"0":"post-239539","1":"post","2":"type-post","3":"status-publish","4":"format-standard","5":"has-post-thumbnail","7":"category-cyclisme","8":"tag-cycling","9":"tag-cyclisme","10":"tag-fr","11":"tag-france","12":"tag-sports","13":"tag-tadej-pogacar","14":"tag-tour-de-france"},"share_on_mastodon":{"url":"https:\/\/pubeurope.com\/@fr\/114827868583132581","error":""},"_links":{"self":[{"href":"https:\/\/www.europesays.com\/fr\/wp-json\/wp\/v2\/posts\/239539","targetHints":{"allow":["GET"]}}],"collection":[{"href":"https:\/\/www.europesays.com\/fr\/wp-json\/wp\/v2\/posts"}],"about":[{"href":"https:\/\/www.europesays.com\/fr\/wp-json\/wp\/v2\/types\/post"}],"author":[{"embeddable":true,"href":"https:\/\/www.europesays.com\/fr\/wp-json\/wp\/v2\/users\/2"}],"replies":[{"embeddable":true,"href":"https:\/\/www.europesays.com\/fr\/wp-json\/wp\/v2\/comments?post=239539"}],"version-history":[{"count":0,"href":"https:\/\/www.europesays.com\/fr\/wp-json\/wp\/v2\/posts\/239539\/revisions"}],"wp:featuredmedia":[{"embeddable":true,"href":"https:\/\/www.europesays.com\/fr\/wp-json\/wp\/v2\/media\/239540"}],"wp:attachment":[{"href":"https:\/\/www.europesays.com\/fr\/wp-json\/wp\/v2\/media?parent=239539"}],"wp:term":[{"taxonomy":"category","embeddable":true,"href":"https:\/\/www.europesays.com\/fr\/wp-json\/wp\/v2\/categories?post=239539"},{"taxonomy":"post_tag","embeddable":true,"href":"https:\/\/www.europesays.com\/fr\/wp-json\/wp\/v2\/tags?post=239539"}],"curies":[{"name":"wp","href":"https:\/\/api.w.org\/{rel}","templated":true}]}}