{"id":239543,"date":"2025-07-10T07:57:10","date_gmt":"2025-07-10T07:57:10","guid":{"rendered":"https:\/\/www.europesays.com\/fr\/239543\/"},"modified":"2025-07-10T07:57:10","modified_gmt":"2025-07-10T07:57:10","slug":"nathalie-baye-la-mise-au-point-salee-de-sa-fille-laura-smet-au-sujet-de-son-etat-de-sante","status":"publish","type":"post","link":"https:\/\/www.europesays.com\/fr\/239543\/","title":{"rendered":"Nathalie Baye : la mise au point sal\u00e9e de sa fille, Laura Smet, au sujet de son \u00e9tat de sant\u00e9"},"content":{"rendered":"<p data-start=\"200\" data-end=\"1116\">C\u2019est une annonce qui a sem\u00e9 la<br \/>\npanique. Ce mardi 8 juillet 2025, les nouvelles autour de <a href=\"https:\/\/www.closermag.fr\/people\/nathalie-baye-hospitalisee-lactrice-touchee-par-un-probleme-de-sante-elle-prend-une-decision-difficile-3562064#:~:text=Nathalie%20Baye%20fait%20faux%20bond,l&#039;ai%20pas%20rendu%20public.\" rel=\"nofollow noopener\" target=\"_blank\"><br \/>\nla sant\u00e9 fragile de Nathalie Baye<\/a> ont fait l\u2019effet d\u2019une douche<br \/>\nfroide. Attendue comme ambassadrice de la 64e \u00e9dition des Journ\u00e9es<br \/>\nde la Rose de Dou\u00e9-la-Fontaine, l\u2019actrice de 77 ans a d\u00fb<br \/>\n<strong>annuler sa pr\u00e9sence<\/strong> \u00e0 l\u2019inauguration du 10<br \/>\njuillet.<\/p>\n<p data-start=\"200\" data-end=\"1116\">Rapidement, la machine<br \/>\nm\u00e9diatique s\u2019est emball\u00e9e : selon Le Courrier de l\u2019Ouest, un \u00ab\u00a0probl\u00e8me de sant\u00e9<br \/>\nn\u00e9cessitant <strong>une hospitalisation<\/strong>\u00a0\u00bb aurait \u00e9t\u00e9<br \/>\n\u00e9voqu\u00e9 par l\u2019organisation du festival. \u00ab\u00a0Sa collaboratrice<br \/>\nNathalie Planet m\u2019a appel\u00e9 pour me signaler son absence \u00e0<br \/>\nl\u2019inauguration le 10 juillet, \u00e0 son grand regret\u00a0\u00bb, a pr\u00e9cis\u00e9<br \/>\nle vice-pr\u00e9sident du Comit\u00e9 de la Rose. L\u2019inqui\u00e9tude est mont\u00e9e en<br \/>\nfl\u00e8che, les r\u00e9seaux se sont affol\u00e9s\u2026 Et <strong>une rumeur<\/strong><br \/>\nbien trop vite \u00e9rig\u00e9e en v\u00e9rit\u00e9 s\u2019est r\u00e9pandue.<\/p>\n<p><strong data-start=\"1123\" data-end=\"1168\">Nathalie Baye : Laura Smet crie au<br \/>\n\u00ab\u00a0Fake\u00a0\u00bb<\/strong><\/p>\n<p data-start=\"1123\" data-end=\"2049\">C\u2019est sur Instagram que Laura<br \/>\nSmet, fille de Nathalie Baye et de <a href=\"https:\/\/www.closermag.fr\/people\/laeticia-hallyday-a-vendu-marnes-la-coquette-et-pour-cet-ami-de-johnny-cest-un-gros-pincement-au-coeur-3560405\" rel=\"nofollow noopener\" target=\"_blank\"><br \/>\nJohnny Hallyday<\/a>, a d\u00e9cid\u00e9 de sortir du silence. En story,<br \/>\nl\u2019actrice a republi\u00e9 un article titrant sur une pr\u00e9tendue<br \/>\nhospitalisation de sa m\u00e8re, et a d\u00e9nonc\u00e9 <strong>un \u00e9norme<br \/>\n\u00ab\u00a0FAKE\u00a0\u00bb<\/strong>. Pas de long discours, pas de justification<br \/>\nsuperflue, mais <strong>un message clair<\/strong> : la rumeur est<br \/>\nfausse, arr\u00eatez de faire vos choux gras sur ma m\u00e8re !<\/p>\n<p data-start=\"1123\" data-end=\"2049\">\u00c0 travers ce mot unique,<br \/>\n<a href=\"https:\/\/www.closermag.fr\/people\/laura-smet-quitte-sa-vie-paisible-au-cap-ferret-avec-mari-et-enfant-3552058\" rel=\"nofollow noopener\" target=\"_blank\"><br \/>\nLaura Smet<\/a> envoie <strong>un avertissemen<\/strong>t \u00e0 ceux qui,<br \/>\nune fois de plus, se pr\u00e9cipitent pour annoncer le pire. Rien<br \/>\nn\u2019indique donc que Nathalie Baye soit actuellement hospitalis\u00e9e, ni<br \/>\nm\u00eame gravement malade. L\u2019actrice aurait simplement annul\u00e9 un<br \/>\nd\u00e9placement pour <strong>des raisons personnelles<\/strong> ou<br \/>\nmineures. Mais dans le sillage de ses ant\u00e9c\u00e9dents (en 2020, elle<br \/>\navait \u00e9t\u00e9 <strong>hospitalis\u00e9e pour une infection<\/strong><br \/>\nbroncho-pulmonaire li\u00e9e \u00e0 une grippe) les sp\u00e9culations ont redoubl\u00e9<br \/>\nde violence.<\/p>\n<p><strong data-start=\"2056\" data-end=\"2123\">Nathalie Baye : silence<br \/>\nradio, mais une fille en premi\u00e8re ligne<\/strong><\/p>\n<p data-start=\"2056\" data-end=\"2953\" data-is-last-node=\"\" data-is-only-node=\"\">Rien de nouveau sous le soleil. Nathalie Baye<br \/>\nn&rsquo;est est pas \u00e0 son premier coup d&rsquo;\u00e9clat (malgr\u00e9 elle) dans les<br \/>\nm\u00e9dias. Mais cette fois, Laura Smet a choisi d\u2019intervenir sans<br \/>\nd\u00e9tour, avec fermet\u00e9. Ce genre de <strong>buzz sur la<br \/>\nsant\u00e9<\/strong> des personnalit\u00e9s publiques, souvent infond\u00e9, s\u00e8me<br \/>\n<strong>une angoisse inutile<\/strong>. Et dans le cas de Nathalie<br \/>\nBaye, c\u2019est un sc\u00e9nario qui semble se r\u00e9p\u00e9ter.<\/p>\n<p data-start=\"2056\" data-end=\"2953\" data-is-last-node=\"\" data-is-only-node=\"\">Depuis plusieurs ann\u00e9es, chaque rumeur de<br \/>\nmalaise ou d\u2019absence suffit \u00e0 relancer l\u2019inqui\u00e9tude. Mais derri\u00e8re<br \/>\nles titres sensationnalistes, une fille veille. <strong>Vigilante,<br \/>\nfrontale<\/strong>, Laura Smet n\u2019a pas h\u00e9sit\u00e9 \u00e0 d\u00e9gainer pour<br \/>\nprot\u00e9ger sa m\u00e8re.\u00a0Pour l\u2019instant, Nathalie Baye n\u2019a pas pris<br \/>\nla parole. Mais son silence vaut parfois mieux qu\u2019un d\u00e9menti : elle<br \/>\npeut compter sur sa fille pour faire le m\u00e9nage.<\/p>\n","protected":false},"excerpt":{"rendered":"C\u2019est une annonce qui a sem\u00e9 la panique. Ce mardi 8 juillet 2025, les nouvelles autour de la&hellip;\n","protected":false},"author":2,"featured_media":172360,"comment_status":"","ping_status":"","sticky":false,"template":"","format":"standard","meta":{"footnotes":""},"categories":[1359],"tags":[548,12232,58,59,1011,27,20213,15910,28642,973,71],"class_list":{"0":"post-239543","1":"post","2":"type-post","3":"status-publish","4":"format-standard","5":"has-post-thumbnail","7":"category-people","8":"tag-article-simple","9":"tag-clash","10":"tag-divertissement","11":"tag-entertainment","12":"tag-fr","13":"tag-france","14":"tag-hospitalisee","15":"tag-laura-smet","16":"tag-nathalie-baye","17":"tag-people","18":"tag-sante"},"share_on_mastodon":{"url":"https:\/\/pubeurope.com\/@fr\/114827876409762475","error":""},"_links":{"self":[{"href":"https:\/\/www.europesays.com\/fr\/wp-json\/wp\/v2\/posts\/239543","targetHints":{"allow":["GET"]}}],"collection":[{"href":"https:\/\/www.europesays.com\/fr\/wp-json\/wp\/v2\/posts"}],"about":[{"href":"https:\/\/www.europesays.com\/fr\/wp-json\/wp\/v2\/types\/post"}],"author":[{"embeddable":true,"href":"https:\/\/www.europesays.com\/fr\/wp-json\/wp\/v2\/users\/2"}],"replies":[{"embeddable":true,"href":"https:\/\/www.europesays.com\/fr\/wp-json\/wp\/v2\/comments?post=239543"}],"version-history":[{"count":0,"href":"https:\/\/www.europesays.com\/fr\/wp-json\/wp\/v2\/posts\/239543\/revisions"}],"wp:featuredmedia":[{"embeddable":true,"href":"https:\/\/www.europesays.com\/fr\/wp-json\/wp\/v2\/media\/172360"}],"wp:attachment":[{"href":"https:\/\/www.europesays.com\/fr\/wp-json\/wp\/v2\/media?parent=239543"}],"wp:term":[{"taxonomy":"category","embeddable":true,"href":"https:\/\/www.europesays.com\/fr\/wp-json\/wp\/v2\/categories?post=239543"},{"taxonomy":"post_tag","embeddable":true,"href":"https:\/\/www.europesays.com\/fr\/wp-json\/wp\/v2\/tags?post=239543"}],"curies":[{"name":"wp","href":"https:\/\/api.w.org\/{rel}","templated":true}]}}