{"id":239544,"date":"2025-07-10T07:58:10","date_gmt":"2025-07-10T07:58:10","guid":{"rendered":"https:\/\/www.europesays.com\/fr\/239544\/"},"modified":"2025-07-10T07:58:10","modified_gmt":"2025-07-10T07:58:10","slug":"des-emotions-dune-puissance-hallucinante","status":"publish","type":"post","link":"https:\/\/www.europesays.com\/fr\/239544\/","title":{"rendered":"\u00ab Des \u00e9motions d&rsquo;une puissance hallucinante \u00bb"},"content":{"rendered":"<p>            Par<br \/>\n        <strong><br \/>\n            <a href=\"https:\/\/actu.fr\/auteur\/g-lebourgeois\" title=\"Consulter tous les articles de G\u00e9raldine Lebourgeois\" rel=\"nofollow noopener\" target=\"_blank\">G\u00e9raldine Lebourgeois<\/a><br \/>\n        <\/strong><\/p>\n<p>        Publi\u00e9 le<\/p>\n<p>            10 juil. 2025 \u00e0 7h00        <\/p>\n<p class=\"ac-article-content__question\">Que ressentez-vous apr\u00e8s avoir assist\u00e9 \u00e0 l\u2019arriv\u00e9e de votre cr\u00e9ation sur le Mont Saint-Michel ?<\/p>\n<p class=\" wall-content\">C\u2019est tellement chouette ! C\u2019est une tr\u00e8s belle fiert\u00e9. Faire se rencontrer Zeus et le Mont Saint-Michel, c\u2019est vraiment magnifique. Ce sont des moments un peu particulier quand m\u00eame, ces escales en France et qui sont all\u00e9es jusqu\u2019\u00e0 Milan ! Et \u00eatre ici, c\u2019est d\u2019autant plus g\u00e9nial. On est dans le joyau des joyaux, tout un symbole et une impression r\u00e9tinienne que j\u2019ai depuis que j\u2019\u00e9tais venu enfant ici. C\u2019est d\u2019une telle puissance. J\u2019ai d\u00e9j\u00e0 \u00e9prouv\u00e9 cette \u00e9motion lorsqu\u2019il \u00e9tait sur la Seine, pour la c\u00e9r\u00e9monie d\u2019ouverture des JO. J\u2019\u00e9tais derri\u00e8re en bateau\u2026 Et c\u2019est vraiment touchant de savoir que tant de gens ont aussi \u00e9t\u00e9 \u00e9mus par ce galop. On cherchait \u00e0 atteindre ces \u00e9motions d\u2019une puissance hallucinante.<\/p>\n<p class=\"ac-article-content__question wall-content\">Le voir enfin poser ici, au pied de l\u2019Archange, c\u2019est ce que vous imaginiez d\u00e8s le d\u00e9part ?<\/p>\n<p class=\" wall-content\">J\u2019avais \u00e7a en t\u00eate et le collage se fait parfaitement. Qu\u2019il soit sur cette terrasse, c\u2019est juste g\u00e9nial. Je fonctionne beaucoup \u00e0 l\u2019intuition et clairement, c\u2019\u00e9tait une envie d\u00e8s le d\u00e9part de faire se rencontrer et dialoguer deux mondes, deux monuments, l\u2019un mill\u00e9naire, l\u2019autre contemporain. Tr\u00e8s vite, il y a eu cette id\u00e9e de mettre Zeus en sc\u00e8ne dans des lieux patrimoniaux, aupr\u00e8s de b\u00e2timents remarquables. Le Mont Saint-Michel est particuli\u00e8rement un lieu inspirant et d\u2019une r\u00e9elle puissance. C\u2019est juste magnifique de le voir ici.<\/p>\n<p>    <img   decoding=\"async\" loading=\"lazy\" class=\"size-large\" src=\"https:\/\/www.europesays.com\/fr\/wp-content\/uploads\/2025\/07\/4881efe25e6863c81efe25e681091ev-960x640.jpg\" alt=\"Le Mont-Saint-Michel le 09 juillet b2025.&#10;Le mythique cheval en m\u00e9tal des Jeux Olympiques va passer son \u00e9t\u00e9 au Mont-Saint-Michel. Zeus a \u00e9t\u00e9 amen\u00e9 ce mercredi matin sur le site normand. Il \u00e9tait l'une des stars de la c\u00e9r\u00e9monie d'ouverture des Jeux de Paris. L'image a marqu\u00e9 tous les esprits : le 26 juillet 2024, cette sculpture m\u00e9tallique descendait la Seine devant un public nombreux. Depuis, cette \u0153uvre con\u00e7ue \u00e0 Nantes a vu du pays ! Elle est partie en tourn\u00e9e le 3 mars 2025. Elle a \u00e9t\u00e9 expos\u00e9e dans plusieurs villes en France et en Europe. Paris, Montpellier, Lyon ou encore Milan. Elle \u00e9tait Marseille du 16 au 26 avril et sera de retour \u00e0 Nantes, du 19 au 29 septembre. D'ici l\u00e0, Zeus va galoper en juillet et en ao\u00fbt devant l'abbaye du Mont-Saint-Michel.&#10;Aur\u00e9lien Meyer est fondateur et directeur artistique de l'atelier Blam, \u00e0 Nantes. Le galop de Zeus, cheval m\u00e9canique, et la vasque, cet anneau flamme innovant, qui ont enchant\u00e9 les JO de Paris 2024, lui ont donn\u00e9 une renomm\u00e9e internationale. Il \u00e9tait pr\u00e9sent ce matin .\" width=\"960\" height=\"640\"\/><br \/>\n    Aur\u00e9lien Meyer, fondateur et directeur artistique de l\u2019atelier Blam qui a cr\u00e9\u00e9 le cheval Zeus, \u00e9tait sur place, hier matin. \u00a9Jean-Paul BARBIER<\/p>\n<p class=\"ac-article-content__question wall-content\">Au-del\u00e0 des JO de Paris, que souhaitez-vous en effet partager \u00e0 travers ce cheval m\u00e9canique ?<\/p>\n<p class=\" wall-content\">En cr\u00e9ant notre atelier il y a dix ans, notre envie a \u00e9t\u00e9 de faire du beau, de l\u2019excellent et m\u00eame de taquiner la raret\u00e9 de l\u2019excellence. Ma d\u00e9marche est celle de cr\u00e9er des objets p\u00e9rennes, de faire du sculptural mais de l\u2019horloger aussi et qui parle des savoir-faire et de l\u2019excellence fran\u00e7aise. Avec Zeus, on a r\u00e9ussi \u00e0 cr\u00e9er cette folie maritime en un temps tr\u00e8s court, puisqu\u2019on l\u2019a commenc\u00e9 en f\u00e9vrier\u00a02024 pour la c\u00e9r\u00e9monie d\u2019ouverture du 26\u00a0juillet 2024. Malgr\u00e9 la tension, les premiers essais en mer au large de Quiberon ont \u00e9t\u00e9 aussit\u00f4t concluants, et on est heureux d\u2019avoir bascul\u00e9 de l\u2019id\u00e9e \u00e0 la production de cette merveille, cette folie m\u00eame.<\/p>\n<p class=\"ac-article-content__question wall-content\">Mais au fait\u2026 pourquoi l\u2019avoir appel\u00e9 Zeus ?<\/p>\n<p class=\" wall-content\">On \u00e9tait dans le grand secret et on ne devait rien dire \u00e0 personne jusqu\u2019\u00e0 la c\u00e9r\u00e9monie d\u2019ouverture des JO de Paris. M\u00eame les officiels ne l\u2019ont d\u00e9couvert que la veille ou l\u2019avant-veille. Il fallait donc lui trouver un nom de code qui ne soit pas trop \u00e9vocateur, parce qu\u2019on \u00e9tait tr\u00e8s peu \u00e0 conna\u00eetre son existence. Pour la petite histoire, nous avons fait aussi la vasque olympique et on l\u2019a appel\u00e9 Ariane. Donc Zeus, on trouvait que ce n\u2019\u00e9tait pas trop mal, dans une belle cohabitation \u00e0 l\u2019atelier, entre Ariane d\u2019un c\u00f4t\u00e9 et Zeus de l\u2019autre.<\/p>\n<p class=\" wall-content\">Suivez toute l\u2019actualit\u00e9 de vos villes et m\u00e9dias favoris en vous inscrivant \u00e0 <a href=\"https:\/\/moncompte.actu.fr\" title=\"D\u00e9couvez Mon Actu\" rel=\"nofollow noopener\" data-trk=\"{&quot;cta&quot;:{&quot;action&quot;:&quot;https:\\\/\\\/moncompte.actu.fr&quot;,&quot;category&quot;:&quot;mon compte&quot;,&quot;from&quot;:&quot;article footer&quot;,&quot;name&quot;:&quot;Mon actu&quot;,&quot;type&quot;:&quot;cta&quot;}}\" target=\"_blank\">Mon Actu<\/a>.<\/p>\n","protected":false},"excerpt":{"rendered":"Par G\u00e9raldine Lebourgeois Publi\u00e9 le 10 juil. 2025 \u00e0 7h00 Que ressentez-vous apr\u00e8s avoir assist\u00e9 \u00e0 l\u2019arriv\u00e9e de&hellip;\n","protected":false},"author":2,"featured_media":239545,"comment_status":"","ping_status":"","sticky":false,"template":"","format":"standard","meta":{"footnotes":""},"categories":[1358],"tags":[1348,1384,1385,1386,58,59,1011,27,1652,2551,602],"class_list":{"0":"post-239544","1":"post","2":"type-post","3":"status-publish","4":"format-standard","5":"has-post-thumbnail","7":"category-arts-et-design","8":"tag-arts","9":"tag-arts-and-design","10":"tag-arts-et-design","11":"tag-design","12":"tag-divertissement","13":"tag-entertainment","14":"tag-fr","15":"tag-france","16":"tag-loisirs-culture","17":"tag-patrimoine","18":"tag-tourisme"},"share_on_mastodon":{"url":"https:\/\/pubeurope.com\/@fr\/114827880339318578","error":""},"_links":{"self":[{"href":"https:\/\/www.europesays.com\/fr\/wp-json\/wp\/v2\/posts\/239544","targetHints":{"allow":["GET"]}}],"collection":[{"href":"https:\/\/www.europesays.com\/fr\/wp-json\/wp\/v2\/posts"}],"about":[{"href":"https:\/\/www.europesays.com\/fr\/wp-json\/wp\/v2\/types\/post"}],"author":[{"embeddable":true,"href":"https:\/\/www.europesays.com\/fr\/wp-json\/wp\/v2\/users\/2"}],"replies":[{"embeddable":true,"href":"https:\/\/www.europesays.com\/fr\/wp-json\/wp\/v2\/comments?post=239544"}],"version-history":[{"count":0,"href":"https:\/\/www.europesays.com\/fr\/wp-json\/wp\/v2\/posts\/239544\/revisions"}],"wp:featuredmedia":[{"embeddable":true,"href":"https:\/\/www.europesays.com\/fr\/wp-json\/wp\/v2\/media\/239545"}],"wp:attachment":[{"href":"https:\/\/www.europesays.com\/fr\/wp-json\/wp\/v2\/media?parent=239544"}],"wp:term":[{"taxonomy":"category","embeddable":true,"href":"https:\/\/www.europesays.com\/fr\/wp-json\/wp\/v2\/categories?post=239544"},{"taxonomy":"post_tag","embeddable":true,"href":"https:\/\/www.europesays.com\/fr\/wp-json\/wp\/v2\/tags?post=239544"}],"curies":[{"name":"wp","href":"https:\/\/api.w.org\/{rel}","templated":true}]}}