{"id":239546,"date":"2025-07-10T07:59:11","date_gmt":"2025-07-10T07:59:11","guid":{"rendered":"https:\/\/www.europesays.com\/fr\/239546\/"},"modified":"2025-07-10T07:59:11","modified_gmt":"2025-07-10T07:59:11","slug":"ete-2025-le-festival-national-du-livre-revient-dans-les-espaces-publics-avec-la-32e-edition-de-massif-alkiteb","status":"publish","type":"post","link":"https:\/\/www.europesays.com\/fr\/239546\/","title":{"rendered":"\u00c9t\u00e9 2025 : le Festival national du livre revient dans les espaces publics avec la 32e \u00e9dition de Massif Alkiteb"},"content":{"rendered":"<p>La 32\u00e8me \u00e9dition du Festival national d\u2019\u00e9t\u00e9 du livre, Massif Alkiteb, sera organis\u00e9e du 15 juillet au 15 ao\u00fbt 2025, dans divers espaces publics dans les diff\u00e9rentes r\u00e9gions de la R\u00e9publique.<\/p>\n<p><img fetchpriority=\"high\" decoding=\"async\" class=\"aligncenter wp-image-548930 size-full\" src=\"data:image\/svg+xml,%3Csvg%20xmlns=\" http:=\"\" alt=\"\" width=\"680\" height=\"400\" data-lazy- data-lazy- data-lazy-src=\"https:\/\/www.europesays.com\/fr\/wp-content\/uploads\/2025\/07\/massifalkiteb2025.jpg\"\/>Ce rendez-vous estival se tiendra \u00e0 l\u2019initiative du D\u00e9partement de la lecture publique de la Direction g\u00e9n\u00e9rale du livre \u00e0 travers le r\u00e9seau des biblioth\u00e8ques publiques permanentes et mobiles, indique un communiqu\u00e9 publi\u00e9 ce mardi sur la page facebook du minist\u00e8re des Affaires Culturelles.<\/p>\n<p>B\u00e9n\u00e9ficiant du soutien de nombreuses structures r\u00e9gionales et locales de la soci\u00e9t\u00e9 civile et des institutions publiques, ce festival s\u2019inscrit dans le cadre de la strat\u00e9gie nationale d\u2019incitation \u00e0 la lecture \u00e0 travers la mise en \u0153uvre de programmes d\u2019animation pour les enfants et les familles.<\/p>\n<p>Cet \u00e9v\u00e8nement vise \u00e0 \u00e9tendre les services offerts par les biblioth\u00e8ques publiques au-del\u00e0 des espaces ferm\u00e9s en les introduisant dans les espaces publics, notamment ceux assez fr\u00e9quent\u00e9s pendant la saison estivale tels que les plages et les parcs d\u2019attraction.<\/p>\n<p>La programmation pr\u00e9voit des ateliers d\u2019\u00e9criture cr\u00e9ative, des comp\u00e9titions de lecture orale et des espaces de lecture gratuits. Des activit\u00e9s d\u2019animation, \u00e9ducatives et p\u00e9dagogiques, sont \u00e9galement au menu. Le festival vise \u00e0 renforcer la cr\u00e9ativit\u00e9 et l\u2019innovation chez les enfants en les sensibilisant \u00e0 diff\u00e9rentes questions dont les risques de la cyber-violence \u00e0 l\u2019\u00e9gard des enfants et la n\u00e9cessite de pr\u00e9server l\u2019environnement.<\/p>\n<p>Les participants distingu\u00e9s participants aux divers ateliers pr\u00e9vus dans le cadre de Massif Alkiteb seront quotidiennement \u00e0 l\u2019honneur.<\/p>\n","protected":false},"excerpt":{"rendered":"La 32\u00e8me \u00e9dition du Festival national d\u2019\u00e9t\u00e9 du livre, Massif Alkiteb, sera organis\u00e9e du 15 juillet au 15&hellip;\n","protected":false},"author":2,"featured_media":239547,"comment_status":"","ping_status":"","sticky":false,"template":"","format":"standard","meta":{"footnotes":""},"categories":[1357],"tags":[1379,58,59,37907,1011,27,2003,1380,37908,2028],"class_list":{"0":"post-239546","1":"post","2":"type-post","3":"status-publish","4":"format-standard","5":"has-post-thumbnail","7":"category-livres","8":"tag-books","9":"tag-divertissement","10":"tag-entertainment","11":"tag-festival-national-dete-du-livre","12":"tag-fr","13":"tag-france","14":"tag-livre","15":"tag-livres","16":"tag-massif-alkiteb","17":"tag-tunisie"},"share_on_mastodon":{"url":"https:\/\/pubeurope.com\/@fr\/114827884364604967","error":""},"_links":{"self":[{"href":"https:\/\/www.europesays.com\/fr\/wp-json\/wp\/v2\/posts\/239546","targetHints":{"allow":["GET"]}}],"collection":[{"href":"https:\/\/www.europesays.com\/fr\/wp-json\/wp\/v2\/posts"}],"about":[{"href":"https:\/\/www.europesays.com\/fr\/wp-json\/wp\/v2\/types\/post"}],"author":[{"embeddable":true,"href":"https:\/\/www.europesays.com\/fr\/wp-json\/wp\/v2\/users\/2"}],"replies":[{"embeddable":true,"href":"https:\/\/www.europesays.com\/fr\/wp-json\/wp\/v2\/comments?post=239546"}],"version-history":[{"count":0,"href":"https:\/\/www.europesays.com\/fr\/wp-json\/wp\/v2\/posts\/239546\/revisions"}],"wp:featuredmedia":[{"embeddable":true,"href":"https:\/\/www.europesays.com\/fr\/wp-json\/wp\/v2\/media\/239547"}],"wp:attachment":[{"href":"https:\/\/www.europesays.com\/fr\/wp-json\/wp\/v2\/media?parent=239546"}],"wp:term":[{"taxonomy":"category","embeddable":true,"href":"https:\/\/www.europesays.com\/fr\/wp-json\/wp\/v2\/categories?post=239546"},{"taxonomy":"post_tag","embeddable":true,"href":"https:\/\/www.europesays.com\/fr\/wp-json\/wp\/v2\/tags?post=239546"}],"curies":[{"name":"wp","href":"https:\/\/api.w.org\/{rel}","templated":true}]}}