{"id":239564,"date":"2025-07-10T08:08:11","date_gmt":"2025-07-10T08:08:11","guid":{"rendered":"https:\/\/www.europesays.com\/fr\/239564\/"},"modified":"2025-07-10T08:08:11","modified_gmt":"2025-07-10T08:08:11","slug":"en-italie-un-pere-tue-lassassin-presume-de-son-fils-roue-de-coups-pour-une-dette-de-25-euros","status":"publish","type":"post","link":"https:\/\/www.europesays.com\/fr\/239564\/","title":{"rendered":"en Italie, un p\u00e8re tue l\u2019assassin pr\u00e9sum\u00e9 de son fils, rou\u00e9 de coups pour une dette de 25 euros"},"content":{"rendered":"<p>\u00abJe ne sais pas ce qui a bien pu se passer\u00a0: un geste irr\u00e9fl\u00e9chi de la part de Guglielmo\u00bb, a expliqu\u00e9 Fabrizio Federici, l\u2019avocat de la famille.<\/p>\n<p class=\"fig-paragraph\">Sa vengeance \u00e9meut l\u2019Italie. Guglielmo Palozzi a \u00e9t\u00e9 arr\u00eat\u00e9 ce mardi pour avoir tu\u00e9 l\u2019assassin pr\u00e9sum\u00e9 de son fils, tu\u00e9 cinq ans plus t\u00f4t pour une dette de vingt-cinq euros, rapporte\u00a0<a href=\"https:\/\/roma.corriere.it\/notizie\/cronaca\/25_luglio_09\/rocca-di-papa-uccide-il-killer-di-suo-figlio-era-libero-5-anni-dopo-il-delitto-3e92e67a-af76-4bc4-8ec0-a75285268xlk.shtml?refresh_ce\" target=\"_blank\" rel=\"sponsored noopener nofollow\" data-gtm-custom-categorie=\"navigation\" data-gtm-custom-action=\"crossclick\" data-gtm-custom-label=\"Contextuel\" data-gtm-event=\"customEventSPE\">le Corriere della Sera<\/a> . Palozzi, un \u00e9boueur de 62 ans, a retrouv\u00e9 la trace de Franco Lollobrigida jusque dans un jardin public de Rocca di Papa, une commune qui fait face \u00e0\u00a0<a href=\"http:\/\/www.lefigaro.fr\/actualite-france\/dans-les-secrets-de-castel-gandolfo-la-residence-d-ete-des-papes-20250706\" data-fig-type=\"Article\" data-gtm-custom-categorie=\"navigation\" data-gtm-custom-action=\"crossclick\" data-gtm-custom-label=\"Contextuel\" data-gtm-event=\"customEventSPE\" data-fig-domain=\"LEFIGARO\" rel=\"nofollow noopener\" target=\"_blank\">Castel Gandolfo<\/a>, au sud de Rome.<\/p>\n<p class=\"fig-paragraph\">Les deux hommes ont \u00e9chang\u00e9 avant que le p\u00e8re ne sorte une arme et lui loge une balle dans le c\u0153ur. En cause\u00a0: la mort de son fils, Giuliano, alors \u00e2g\u00e9 de 34 ans. Il avait \u00e9t\u00e9 rou\u00e9 de coups, puis avait longuement \u00e9t\u00e9 plong\u00e9 dans le coma avant de perdre la vie. Franco Lollobrigida s\u2019\u00e9tait toujours dit innocent de sa mort, mais en 2023, il a admis avoir frapp\u00e9 Giuliano. Selon lui, le passage \u00e0 tabac avait \u00e9t\u00e9 commis par d\u2019autres personnes.<\/p>\n<p>                                    <a class=\"fig-a11y-skip a11y-hidden\" href=\"#fig-a11y-skip-main-inarticle\"><br \/>\n        Passer la publicit\u00e9<br \/>\n    <\/a><\/p>\n<p>\u00abJe ne sais pas ce qui a bien pu se passer\u00bb<\/p>\n<p class=\"fig-paragraph\">Il avait \u00e9t\u00e9 acquitt\u00e9 en premi\u00e8re instance en 2024, puis condamn\u00e9 en mai 2024 \u00e0 dix ans de prison pour homicide involontaire. Ses avocats ont fait appel et Lollobrigida a \u00e9t\u00e9 assign\u00e9 \u00e0 r\u00e9sidence jusqu\u2019en novembre pour des faits li\u00e9s \u00e0 la drogue. Il pouvait, depuis et en attente d\u2019un jugement de la Cour Supr\u00eame, se d\u00e9placer librement.<\/p>\n<p class=\"fig-paragraph\">Guglielmo Palozzi, le p\u00e8re, a eu le temps de jeter son arme avant d\u2019\u00eatre interpell\u00e9 par les forces de l\u2019ordre, sans r\u00e9sistance. Il a \u00e9t\u00e9 arr\u00eat\u00e9 pour homicide involontaire. Mais son geste est acclam\u00e9 sur les r\u00e9seaux sociaux. Des milliers d\u2019internautes lui ont apport\u00e9 leur soutien.<\/p>\n<p class=\"fig-paragraph\">\u00abJe ne sais pas ce qui a bien pu se passer\u00a0: un geste irr\u00e9fl\u00e9chi de la part de Guglielmo, je l\u2019aurais compris apr\u00e8s le premier verdict d\u2019acquittement. Mais pas maintenant, quelques mois seulement apr\u00e8s la condamnation en appel. C\u2019est vrai que la douleur de perdre son fils a \u00e9t\u00e9 atroce\u00bb, a expliqu\u00e9 Fabrizio Federici, l\u2019avocat de la famille Palozzi. Cette vendetta conduira le p\u00e8re \u00e0 \u00eatre jug\u00e9 prochainement.<\/p>\n","protected":false},"excerpt":{"rendered":"\u00abJe ne sais pas ce qui a bien pu se passer\u00a0: un geste irr\u00e9fl\u00e9chi de la part de&hellip;\n","protected":false},"author":2,"featured_media":239565,"comment_status":"","ping_status":"","sticky":false,"template":"","format":"standard","meta":{"footnotes":""},"categories":[5],"tags":[11,1011,27,14,452,18,12,28],"class_list":{"0":"post-239564","1":"post","2":"type-post","3":"status-publish","4":"format-standard","5":"has-post-thumbnail","7":"category-international","8":"tag-actualites","9":"tag-fr","10":"tag-france","11":"tag-international","12":"tag-italie","13":"tag-mort","14":"tag-news","15":"tag-world"},"share_on_mastodon":{"url":"https:\/\/pubeurope.com\/@fr\/114827919915625365","error":""},"_links":{"self":[{"href":"https:\/\/www.europesays.com\/fr\/wp-json\/wp\/v2\/posts\/239564","targetHints":{"allow":["GET"]}}],"collection":[{"href":"https:\/\/www.europesays.com\/fr\/wp-json\/wp\/v2\/posts"}],"about":[{"href":"https:\/\/www.europesays.com\/fr\/wp-json\/wp\/v2\/types\/post"}],"author":[{"embeddable":true,"href":"https:\/\/www.europesays.com\/fr\/wp-json\/wp\/v2\/users\/2"}],"replies":[{"embeddable":true,"href":"https:\/\/www.europesays.com\/fr\/wp-json\/wp\/v2\/comments?post=239564"}],"version-history":[{"count":0,"href":"https:\/\/www.europesays.com\/fr\/wp-json\/wp\/v2\/posts\/239564\/revisions"}],"wp:featuredmedia":[{"embeddable":true,"href":"https:\/\/www.europesays.com\/fr\/wp-json\/wp\/v2\/media\/239565"}],"wp:attachment":[{"href":"https:\/\/www.europesays.com\/fr\/wp-json\/wp\/v2\/media?parent=239564"}],"wp:term":[{"taxonomy":"category","embeddable":true,"href":"https:\/\/www.europesays.com\/fr\/wp-json\/wp\/v2\/categories?post=239564"},{"taxonomy":"post_tag","embeddable":true,"href":"https:\/\/www.europesays.com\/fr\/wp-json\/wp\/v2\/tags?post=239564"}],"curies":[{"name":"wp","href":"https:\/\/api.w.org\/{rel}","templated":true}]}}