{"id":239568,"date":"2025-07-10T08:10:20","date_gmt":"2025-07-10T08:10:20","guid":{"rendered":"https:\/\/www.europesays.com\/fr\/239568\/"},"modified":"2025-07-10T08:10:20","modified_gmt":"2025-07-10T08:10:20","slug":"les-francais%c2%b7es-veulent-moins-denfants-population-et-societes-ined-editions-ined","status":"publish","type":"post","link":"https:\/\/www.europesays.com\/fr\/239568\/","title":{"rendered":"Les Fran\u00e7ais\u00b7es veulent moins d\u2019enfants &#8211; Population et Soci\u00e9t\u00e9s &#8211; Ined \u00e9ditions &#8211; Ined"},"content":{"rendered":"<p>&#13;<br \/>\n            &#13;<\/p>\n<p style=\"txt_Normal\">La f\u00e9condit\u00e9 a diminu\u00e9 en France ces derni\u00e8res ann\u00e9es. Cette baisse va-t-elle se prolonger\u00a0?&#13;<br \/>\n                  Est-ce que les jeunes souhaitent moins d\u2019enfants\u00a0aujourd\u2019hui\u00a0? La conception des r\u00f4les&#13;<br \/>\n                  des femmes et des hommes et les inqui\u00e9tudes sur le changement climatique jouent-elles&#13;<br \/>\n                  un r\u00f4le\u00a0? \u00c0 partir de grandes enqu\u00eates nationales dont une r\u00e9alis\u00e9e en 2024, les auteurs&#13;<br \/>\n                  analysent le nombre d\u2019enfants souhait\u00e9s, son \u00e9volution et ses d\u00e9terminants\u2009<a class=\"notelink\" title=\"\u2002Donn\u00e9es des figures et tableaux disponibles au format Excel dans l\u2019onglet \u00ab Documents associ\u00e9s \u00bb sur la page du bulletin sur www.ined.fr.Cet article \u2026\" href=\"#ftn1\">1<\/a>.<\/p>\n<p>&#13;<\/p>\n<p style=\"txt_Normal\">Comme dans tous les pays d\u2019Europe o\u00f9 elle \u00e9tait proche de 2\u00a0enfants par femme dans&#13;<br \/>\n               les ann\u00e9es 2000, la f\u00e9condit\u00e9 diminue en France\u00a0: l\u2019indicateur conjoncturel de f\u00e9condit\u00e9&#13;<br \/>\n               est pass\u00e9 de 2,0\u00a0enfants par femme en 2014 \u00e0 1,6 en 2024 [1]. Cette baisse rapide&#13;<br \/>\n               (20\u00a0% en 10\u00a0ans) va-t-elle se poursuivre\u00a0? Combien d\u2019enfant auront les jeunes adultes&#13;<br \/>\n               d\u2019aujourd\u2019hui\u00a0?<\/p>\n<p>&#13;<\/p>\n<p>               1.1. Les femmes n\u00e9es en 1980 ont eu 2,1\u00a0enfants en moyenne<\/p>\n<p style=\"txt_Normal\">Les femmes n\u00e9es apr\u00e8s 1960 sont devenues adultes apr\u00e8s la diffusion de la contraception&#13;<br \/>\n                  m\u00e9dicale et la l\u00e9galisation de l\u2019interruption volontaire de grossesse (IVG) au cours&#13;<br \/>\n                  de la d\u00e9cennie 1970. Elles ont eu entre 2,0 et 2,1\u00a0enfants au cours de leur vie. Ce&#13;<br \/>\n                  chiffre, appel\u00e9 descendance finale des g\u00e9n\u00e9rations (figure\u00a01), est le nombre moyen&#13;<br \/>\n                  d\u2019enfants que chaque femme a eus au cours de sa vie. La descendance finale a l\u00e9g\u00e8rement&#13;<br \/>\n                  augment\u00e9 pour les g\u00e9n\u00e9rations suivantes n\u00e9es entre\u00a01970 et\u00a01980. Les femmes n\u00e9es en&#13;<br \/>\n                  1980 ont ainsi eu 2,1\u00a0enfants en moyenne. Pour estimer le nombre final d\u2019enfants des&#13;<br \/>\n                  femmes n\u00e9es apr\u00e8s 1985 (et qui ont donc moins de 40\u00a0ans aujourd\u2019hui), il est n\u00e9cessaire&#13;<br \/>\n                  d\u2019imaginer ce que sera leur f\u00e9condit\u00e9 \u00e0 l\u2019avenir, pendant les derni\u00e8res ann\u00e9es de&#13;<br \/>\n                  leur vie f\u00e9conde.<\/p>\n<p>               <img decoding=\"async\" src=\"https:\/\/www.ined.fr\/tei\/XMLs\/XML-36138\/assets_fr\/icono\/br\/635F-fig1.svg\" alt=\"\" class=\"graphic\"\/>&#13;<\/p>\n<p>            &#13;<\/p>\n<p>               1.2. Le nombre id\u00e9al d\u2019enfants dans une famille et le nombre d\u2019enfants souhait\u00e9s diminuent<\/p>\n<p style=\"txt_Normal\">L\u2019\u00c9tude des relations familiales et interg\u00e9n\u00e9rationnelles (Erfi\u00a02), une enqu\u00eate men\u00e9e&#13;<br \/>\n                  par l\u2019Ined en 2024\u2009<a class=\"notelink\" title=\"\u2002Erfi 2 fait partie de l\u2019infrastructure de recherche LifeObs (France 2030, ANR-21-ESRE-0037) port\u00e9e par l\u2019Ined, et a b\u00e9n\u00e9fici\u00e9 de financements du mini\u2026\" href=\"#ftn3\">2<\/a>, apporte des \u00e9l\u00e9ments d\u2019information sur les repr\u00e9sentations de la famille \u00e0 travers&#13;<br \/>\n                  des questions sur \u00ab\u00a0le nombre id\u00e9al d\u2019enfants dans une famille\u00a0\u00bb et, plus concr\u00e8tement,&#13;<br \/>\n                  sur le nombre d\u2019enfants que les femmes et les hommes ont l\u2019intention d\u2019avoir au cours&#13;<br \/>\n                  de leur vie, appel\u00e9 nombre d\u2019enfants souhait\u00e9s, qui inclut ceux d\u00e9j\u00e0 eus (voir l\u2019encadr\u00e9&#13;<br \/>\n                  pour la formulation pr\u00e9cise des questions). La comparaison avec des questions quasi&#13;<br \/>\n                  identiques pos\u00e9es en 1998 et en 2005 permet de d\u00e9crire l\u2019\u00e9volution depuis 25\u00a0ans.<\/p>\n<p style=\"txt_Normal\">En 2024 comme en 1998 [2], les r\u00e9ponses quant au nombre id\u00e9al d\u2019enfants dans une famille&#13;<br \/>\n                  varient peu selon l\u2019\u00e2ge, mais on constate une diminution importante en 25\u00a0ans\u00a0: de&#13;<br \/>\n                  2,7 \u00e0 2,3\u00a0enfants en moyenne (figure 1, o\u00f9 les r\u00e9ponses sont ordonn\u00e9es selon l\u2019ann\u00e9e&#13;<br \/>\n                  de naissance des femmes).<\/p>\n<p style=\"txt_Normal\">Le nombre d\u2019enfants souhait\u00e9s par les femmes est, en 2024, nettement plus faible que&#13;<br \/>\n                  le nombre id\u00e9al d\u2019enfants dans une famille\u00a0: les femmes \u00e2g\u00e9es de 18 \u00e0 24\u00a0ans souhaitent&#13;<br \/>\n                  avoir 1,9\u00a0enfant en moyenne, celles de 25 \u00e0 34\u00a0ans en souhaitent 2 (figure\u00a01). Le&#13;<br \/>\n                  souhait ne correspond pas forc\u00e9ment \u00e0 la r\u00e9alit\u00e9. Ainsi, en 2005, le nombre d\u2019enfants&#13;<br \/>\n                  souhait\u00e9s par les femmes n\u00e9es dans les ann\u00e9es 1970, alors \u00e2g\u00e9es de 25 \u00e0 34\u00a0ans, d\u00e9passait&#13;<br \/>\n                  de 0,5\u00a0enfant en moyenne le nombre d\u2019enfants qu\u2019elles ont finalement eus. La baisse&#13;<br \/>\n                  du nombre d\u2019enfants souhait\u00e9s entre\u00a02005 et\u00a02024, de 0,6\u00a0enfant pour les femmes de&#13;<br \/>\n                  moins de 30\u00a0ans, laisse donc pr\u00e9sager une diminution de la descendance finale pour&#13;<br \/>\n                  les g\u00e9n\u00e9rations n\u00e9es apr\u00e8s 1985, m\u00eame si l\u2019\u00e9cart entre intentions et r\u00e9alisation se&#13;<br \/>\n                  r\u00e9duit.<\/p>\n<p style=\"txt_Normal\">Pour prendre la mesure des incertitudes concernant la descendance finale des femmes&#13;<br \/>\n                  \u00e2g\u00e9es aujourd\u2019hui de moins de 45\u00a0ans, nous avons r\u00e9alis\u00e9 une s\u00e9rie de projections&#13;<br \/>\n                  de la f\u00e9condit\u00e9 selon l\u2019\u00e2ge en utilisant des hypoth\u00e8ses tr\u00e8s contrast\u00e9es\u00a0: \u00e9volution&#13;<br \/>\n                  de l\u2019indice conjoncturel de f\u00e9condit\u00e9 \u00e0 diff\u00e9rents niveaux allant de 1,2 \u00e0 2,0\u00a0enfants&#13;<br \/>\n                  par femme en 2035 et constant ensuite, poursuite ou non de la hausse de l\u2019\u00e2ge moyen&#13;<br \/>\n                  \u00e0 la f\u00e9condit\u00e9 (voir <a class=\"link_ref\" href=\"https:\/\/doi.org\/10.34847\/nkl.bed29126\" target=\"_blank\" rel=\"noopener\">annexe en ligne<\/a>). Dans tous les sc\u00e9narios, les femmes n\u00e9es apr\u00e8s 1985 ont moins d\u2019enfants que les&#13;<br \/>\n                  g\u00e9n\u00e9rations pr\u00e9c\u00e9dentes\u00a0: la descendance finale varie entre 1,8 et 2,0\u00a0enfants pour&#13;<br \/>\n                  la g\u00e9n\u00e9ration 1990, et entre 1,6 et 1,9 pour la g\u00e9n\u00e9ration 1995 (\u00e2g\u00e9e de 30\u00a0ans en&#13;<br \/>\n                  2025). Ces projections (figure\u00a01) sont coh\u00e9rentes avec la baisse des intentions de&#13;<br \/>\n                  f\u00e9condit\u00e9 et du nombre id\u00e9al d\u2019enfants. Pour les femmes plus jeunes, l\u2019avenir est&#13;<br \/>\n                  plus ouvert\u00a0: les femmes n\u00e9es dans les ann\u00e9es 2000 pourraient avoir entre 1,4 et 2,0\u00a0enfants,&#13;<br \/>\n                  probablement environ 1,6\u00a0enfant en moyenne.<\/p>\n<p style=\"txt_Normal\">La diminution de la taille moyenne des familles, qu\u2019elle soit id\u00e9ale, souhait\u00e9e ou&#13;<br \/>\n                  effective, traduit le moindre attrait pour les familles nombreuses et leur rar\u00e9faction,&#13;<br \/>\n                  entam\u00e9e de longue date, ainsi qu\u2019une augmentation r\u00e9cente des familles \u00e0 enfant unique&#13;<br \/>\n                  et des personnes sans enfant. Le mod\u00e8le de la famille \u00e0 2\u00a0enfants se diffuse\u00a0: tous&#13;<br \/>\n                  \u00e2ges confondus entre 18 et 49\u00a0ans, deux tiers (65\u00a0%) des femmes et des hommes consid\u00e8rent&#13;<br \/>\n                  2 comme le nombre id\u00e9al d\u2019enfants dans une famille, contre moins de la moiti\u00e9 (47\u00a0%)&#13;<br \/>\n                  en 1998. Les r\u00e9ponses \u00ab\u00a03 ou plus\u00a0\u00bb deviennent minoritaires (29\u00a0% en 2024, contre&#13;<br \/>\n                  50\u00a0% en 1998), tandis que les r\u00e9ponses \u00ab\u00a00 ou 1\u00a0\u00bb augmentent mais restent rares\u00a0:&#13;<br \/>\n                  en 2024, seul\u00b7es 6\u00a0% des r\u00e9pondant\u00b7es d\u00e9clarent un nombre id\u00e9al d\u2019enfants inf\u00e9rieur&#13;<br \/>\n                  \u00e0 2 (figure\u00a02). Les intentions de f\u00e9condit\u00e9 suivent la m\u00eame \u00e9volution que les r\u00e9ponses&#13;<br \/>\n                  sur le nombre id\u00e9al d\u2019enfants\u00a0: l\u00e9g\u00e8re hausse des r\u00e9ponses \u00ab\u00a02\u00a0enfants\u00a0\u00bb, de 44\u00a0%&#13;<br \/>\n                  \u00e0 46\u00a0% entre\u00a02005 et\u00a02024, et forte hausse des personnes ne souhaitant pas d\u2019enfants&#13;<br \/>\n                  (de 6\u00a0% \u00e0 12\u00a0%) ou un seul (de 12\u00a0% \u00e0 18\u00a0%), au d\u00e9triment des intentions d\u2019avoir trois&#13;<br \/>\n                  enfants ou plus\u00a0: de 38\u00a0% \u00e0 23\u00a0% (figure\u00a02).<\/p>\n<p>               <img decoding=\"async\" src=\"https:\/\/www.ined.fr\/tei\/XMLs\/XML-36138\/assets_fr\/icono\/br\/635F-fig2.svg\" alt=\"\" class=\"graphic\"\/>&#13;<\/p>\n<p>            &#13;<\/p>\n<p>               1.3. Les jeunes veulent des familles plus r\u00e9duites ou sont plus incertain\u00b7es<\/p>\n<p style=\"txt_Normal\">La baisse des intentions de f\u00e9condit\u00e9 est beaucoup plus marqu\u00e9e pour les jeunes adultes&#13;<br \/>\n                  de moins de 30\u00a0ans\u00a0: le nombre total d\u2019enfants souhait\u00e9s a diminu\u00e9 de 0,6\u00a0enfant en&#13;<br \/>\n                  moyenne en 20\u00a0ans. Il est pass\u00e9 de 2,5 \u00e0 1,9\u00a0enfant souhait\u00e9 pour les femmes et de&#13;<br \/>\n                  2,3 \u00e0 1,8 pour les hommes. Comme pour \u00adl\u2019ensemble des adultes, la moiti\u00e9 des jeunes&#13;<br \/>\n                  de 18 \u00e0 29\u00a0ans envisagent d\u2019avoir exactement 2\u00a0enfants, mais les r\u00e9ponses \u00ab\u00a00 ou 1\u00a0\u00bb&#13;<br \/>\n                  d\u00e9passent d\u00e9sormais les r\u00e9ponses \u00ab\u00a03 ou plus\u00a0\u00bb, ce qui \u00e9tait l\u2019inverse en 2005 (figure\u00a03).&#13;<br \/>\n                  C\u2019est vrai chez les femmes (27\u00a0% contre 22\u00a0%) et encore plus chez les hommes (35\u00a0%&#13;<br \/>\n                  contre 15\u00a0%). La norme de famille \u00e0 2\u00a0enfants, si elle reste tr\u00e8s marqu\u00e9e, est maintenant&#13;<br \/>\n                  consid\u00e9r\u00e9e par les jeunes plut\u00f4t comme un maximum, et non plus comme un minimum.<\/p>\n<p>               <img decoding=\"async\" src=\"https:\/\/www.ined.fr\/tei\/XMLs\/XML-36138\/assets_fr\/icono\/br\/635F-fig3.svg\" alt=\"\" class=\"graphic\"\/>&#13;<\/p>\n<p style=\"txt_Normal\">Par ailleurs, la proportion de jeunes adultes qui sont incertain\u00b7es quant au fait&#13;<br \/>\n                  de savoir s\u2019ils ou elles veulent avoir des enfants est \u00e9lev\u00e9e\u00a0: parmi les personnes&#13;<br \/>\n                  sans enfant, 17\u00a0% des moins de 25\u00a0ans et 20\u00a0% des 25-29\u00a0ans h\u00e9sitent sur la r\u00e9ponse&#13;<br \/>\n                  \u00e0 apporter \u00e0 la question (figure\u00a04). La naissance \u00e9ventuelle d\u2019un premier enfant s\u2019inscrit&#13;<br \/>\n                  dans un ensemble de futurs possibles dont beaucoup (vie de couple, r\u00e9sidence, emploi,&#13;<br \/>\n                  autres activit\u00e9s) sont encore ouverts avant 35\u00a0ans.<\/p>\n<p>               <img decoding=\"async\" src=\"https:\/\/www.ined.fr\/tei\/XMLs\/XML-36138\/assets_fr\/icono\/br\/635F-fig4(v4).svg\" alt=\"\" class=\"graphic\"\/>&#13;<\/p>\n<p>            &#13;<\/p>\n<p>               1.4. Une conception \u00e9galitaire des r\u00f4les de genre associ\u00e9e \u00e0 de moindres intentions de&#13;<br \/>\n                     f\u00e9condit\u00e9<\/p>\n<p style=\"txt_Normal\">Parmi les personnes de 25 \u00e0 39\u00a0ans, soit les \u00e2ges auxquels la plupart des parents&#13;<br \/>\n                  ont des enfants, les intentions de f\u00e9condit\u00e9 ont diminu\u00e9 dans tous les groupes sociaux,&#13;<br \/>\n                  quels que soient le sexe, l\u2019\u00e2ge, le pays de naissance, le niveau de dipl\u00f4me, la cat\u00e9gorie&#13;<br \/>\n                  socioprofessionnelle ou le niveau de vie (annexe en ligne). Les d\u00e9terminants sont&#13;<br \/>\n                  largement les m\u00eames en 2005 et en 2024. \u00c0 caract\u00e9ristiques sociod\u00e9mographiques comparables,&#13;<br \/>\n                  les personnes les plus dipl\u00f4m\u00e9es souhaitent un peu plus d\u2019enfants (0,3 de plus que&#13;<br \/>\n                  celles sans dipl\u00f4me en 2024), de m\u00eame que celles n\u00e9es au Maghreb (0,3 de plus que&#13;<br \/>\n                  celles n\u00e9es en France) ou en Afrique subsaharienne (0,7 de plus).\u00a0Ni le sexe, ni la&#13;<br \/>\n                  cat\u00e9gorie socioprofessionnelle, ni le niveau de vie ne font de diff\u00e9rence.<\/p>\n<p style=\"txt_Normal\">L\u2019effet des attitudes et opinions a, en revanche, pris de l\u2019importance. En 2024, les&#13;<br \/>\n                  r\u00e9pondant\u00b7es, quel que soit leur sexe, qui ont une conception \u00e9galitaire des r\u00f4les&#13;<br \/>\n                  des femmes et des hommes dans la soci\u00e9t\u00e9 ont des intentions de f\u00e9condit\u00e9 plus faibles,&#13;<br \/>\n                  alors que cette opinion n\u2019avait aucun effet en 2005 (annexe en ligne, tableaux\u00a0A2&#13;<br \/>\n                  et\u00a0A3). Ainsi, en 2024, \u00e0 caract\u00e9ristiques sociod\u00e9mographiques \u00e9gales, parmi celles&#13;<br \/>\n                  et ceux qui pensent que la politique, les \u00e9tudes ou l\u2019emploi sont plus importants&#13;<br \/>\n                  pour les hommes, alors que les femmes s\u2019occupent mieux du foyer et des enfants, 47\u00a0%&#13;<br \/>\n                  ont probablement ou certainement l\u2019intention d\u2019avoir un enfant (ou un enfant suppl\u00e9mentaire),&#13;<br \/>\n                  contre 38\u00a0% de celles et ceux qui consid\u00e8rent que ces domaines sont aussi importants&#13;<br \/>\n                  pour les deux sexes. Cependant, cette opinion est associ\u00e9e \u00e0 un nombre d\u2019enfants souhait\u00e9s&#13;<br \/>\n                  plus \u00e9lev\u00e9 uniquement pour les hommes (0,3\u00a0enfant de plus). Les femmes avec la m\u00eame&#13;<br \/>\n                  opinion anticipent sans doute davantage la charge que les enfants repr\u00e9senteront pour&#13;<br \/>\n                  elles [4].<\/p>\n<p>            &#13;<\/p>\n<p>               1.5. De fortes inqui\u00e9tudes quant \u00e0 l\u2019avenir<\/p>\n<p style=\"txt_Normal\">L\u2019incertitude croissante concernant l\u2019avenir est souvent avanc\u00e9e pour expliquer la&#13;<br \/>\n                  diminution r\u00e9cente de la f\u00e9condit\u00e9 en Europe. Au-del\u00e0 de la conjoncture \u00e9conomique,&#13;<br \/>\n                  de nouvelles sources de pr\u00e9occupation sont apparues au cours de la derni\u00e8re d\u00e9cennie&#13;<br \/>\n                  dont les effets sur les intentions de f\u00e9condit\u00e9 restent d\u00e9battus [5]. Nous rapprochons&#13;<br \/>\n                  quatre de ces possibles inqui\u00e9tudes des intentions d\u2019avoir des enfants en 2024, sans&#13;<br \/>\n                  que ce lien soit n\u00e9cessairement pr\u00e9sent \u00e0 l\u2019esprit des personnes ayant r\u00e9pondu \u00e0 l\u2019enqu\u00eate\u00a0:&#13;<br \/>\n                  le changement climatique, la crise \u00e9conomique, l\u2019affaiblissement de la d\u00e9mocratie,&#13;<br \/>\n                  et \u2013\u00a0de mani\u00e8re plus globale\u00a0\u2013 les perspectives pour les g\u00e9n\u00e9rations futures. Quel&#13;<br \/>\n                  que soit le ph\u00e9nom\u00e8ne consid\u00e9r\u00e9, pr\u00e8s de la moiti\u00e9 des personnes de 25-39\u00a0ans se disent&#13;<br \/>\n                  \u00ab\u00a0tr\u00e8s\u00a0\u00bb inqui\u00e8tes. Seule une petite minorit\u00e9 (moins de 15\u00a0%) se dit \u00ab\u00a0pas tr\u00e8s\u00a0\u00bb&#13;<br \/>\n                  ou \u00ab\u00a0pas du tout\u00a0\u00bb inqui\u00e8te.<\/p>\n<p>            &#13;<\/p>\n<p>               1.6. Les personnes inqui\u00e8tes souhaitent moins d\u2019enfants<\/p>\n<p style=\"txt_Normal\">\u00c0 caract\u00e9ristiques \u00e9gales (figure\u00a05 et encadr\u00e9), 35\u00a0% des personnes de 25-39\u00a0ans tr\u00e8s&#13;<br \/>\n                  inqui\u00e8tes des perspectives pour les g\u00e9n\u00e9rations futures comptent \u00ab\u00a0probablement\u00a0\u00bb&#13;<br \/>\n                  ou \u00ab\u00a0certainement\u00a0\u00bb avoir un enfant (ou un enfant suppl\u00e9mentaire) contre 46\u00a0% des&#13;<br \/>\n                  personnes moins inqui\u00e8tes. Elles souhaitent aussi 0,11 enfant de moins. Les moindres&#13;<br \/>\n                  intentions se retrouvent, de mani\u00e8re un peu moins marqu\u00e9e, en ce qui concerne le changement&#13;<br \/>\n                  climatique et l\u2019affaiblissement de la d\u00e9mocratie (36\u00a0% contre 43\u00a0% dans les deux cas).&#13;<br \/>\n                  La tr\u00e8s forte inqui\u00e9tude quant au changement climatique est associ\u00e9e \u00e0 un nombre d\u2019enfants&#13;<br \/>\n                  souhait\u00e9s un peu plus faible (0,08 en moins). En revanche, on ne rel\u00e8ve aucune diff\u00e9rence&#13;<br \/>\n                  selon le degr\u00e9 d\u2019inqui\u00e9tude concernant la crise \u00e9conomique.<\/p>\n<p style=\"txt_Normal\">Les personnes de moins de 25\u00a0ans ne sont pas plus inqui\u00e8tes que leurs a\u00een\u00e9es, et l\u2019effet&#13;<br \/>\n                  des inqui\u00e9tudes sur les intentions de f\u00e9condit\u00e9 se retrouve de mani\u00e8re similaire chez&#13;<br \/>\n                  elles et les personnes plus \u00e2g\u00e9es, pour les personnes avec et sans enfant (annexe&#13;<br \/>\n                  en ligne, figure\u00a0A5).<\/p>\n<p>               <img decoding=\"async\" src=\"https:\/\/www.ined.fr\/tei\/XMLs\/XML-36138\/assets_fr\/icono\/br\/635F-fig5.svg\" alt=\"\" class=\"graphic\"\/>&#13;<\/p>\n<p style=\"txt_Normal\">***<\/p>\n<p style=\"txt_Normal\">La baisse de la f\u00e9condit\u00e9 observ\u00e9e ces derni\u00e8res ann\u00e9es semble destin\u00e9e \u00e0 se poursuivre.&#13;<br \/>\n                  Cependant, l\u2019indice conjoncturel de f\u00e9condit\u00e9 de la France restera vraisemblablement&#13;<br \/>\n                  sup\u00e9rieur \u00e0 la moyenne europ\u00e9enne actuelle de 1,4\u00a0enfant par femme. Les intentions&#13;<br \/>\n                  d\u2019avoir des enfants et le nombre d\u2019enfants souhait\u00e9s diminuent dans l\u2019ensemble des&#13;<br \/>\n                  groupes sociaux. Cette baisse est li\u00e9e \u00e0 des \u00e9volutions r\u00e9centes dans la mani\u00e8re dont&#13;<br \/>\n                  les individus con\u00e7oivent la famille et appr\u00e9hendent l\u2019avenir, en lien notamment avec&#13;<br \/>\n                  la crise environnementale. Mais ce n\u2019est sans doute qu\u2019une partie de l\u2019explication&#13;<br \/>\n                  [6]. La baisse des intentions d\u2019avoir des enfants tient \u00e0 des tendances plus larges&#13;<br \/>\n                  qui traversent la soci\u00e9t\u00e9 dans son ensemble.<\/p>\n<p>                        1.6.1. Encadr\u00e9. L\u2019enqu\u00eate Erfi 2<\/p>\n<p style=\"txt_Normal\">L\u2019\u00c9tude des relations familiales et interg\u00e9n\u00e9rationnelles (Erfi\u00a02, <a class=\"link_ref\" href=\"https:\/\/erfi2.site.ined.fr\" target=\"_blank\" rel=\"noopener\">https:\/\/erfi2.site.ined.fr<\/a>) a \u00e9t\u00e9 conduite par l\u2019Ined par t\u00e9l\u00e9phone et Internet en 2024 aupr\u00e8s d\u2019un \u00e9chantillon&#13;<br \/>\n                           repr\u00e9sentatif de 12\u00a0800 hommes et femmes \u00e2g\u00e9\u00b7es de 18 \u00e0 79\u00a0ans r\u00e9sidant en logement&#13;<br \/>\n                           ordinaire en France hexagonale. Le questionnaire d\u2019environ une heure portait sur l\u2019histoire&#13;<br \/>\n                           conjugale et familiale, les relations avec ses parents et ses enfants, les r\u00f4les de&#13;<br \/>\n                           genre, les intentions de f\u00e9condit\u00e9, etc. Erfi 2 est la d\u00e9clinaison fran\u00e7aise du programme&#13;<br \/>\n                           international G\u00e9n\u00e9rations et Genre (GGP, <a class=\"link_ref\" href=\"https:\/\/www.ggp-i.org\" target=\"_blank\" rel=\"noopener\">https:\/\/www.ggp-i.org<\/a>), qui r\u00e9alise cette enqu\u00eate (GGS) dans une vingtaine de pays.<\/p>\n<p style=\"txt_Normal\">La question sur le nombre id\u00e9al d\u2019enfants est en 1998\u00a0: \u00ab\u00a0D\u2019apr\u00e8s vous, quel est le&#13;<br \/>\n                           nombre id\u00e9al d\u2019enfants dans une famille\u00a0?\u00a0\u00bb (enqu\u00eate Intentions de F\u00e9condit\u00e9, Ined)&#13;<br \/>\n                           et en 2024\u00a0: \u00ab\u00a0De mani\u00e8re g\u00e9n\u00e9rale, quel est selon vous le nombre d\u2019enfants id\u00e9al&#13;<br \/>\n                           pour une famille\u00a0?\u00a0\u00bb Les intentions de f\u00e9condit\u00e9 sont recueillies, en 2005 (premi\u00e8re&#13;<br \/>\n                           \u00e9dition de l\u2019enqu\u00eate Erfi) comme en 2024, apr\u00e8s une s\u00e9rie de questions sur le nombre&#13;<br \/>\n                           d\u2019enfants d\u00e9j\u00e0 n\u00e9s ou adopt\u00e9s\u00a0: d\u2019abord les intentions d\u2019avoir un enfant, et enfin&#13;<br \/>\n                           la question \u00ab\u00a0Combien d\u2019enfants suppl\u00e9mentaires comptez-vous avoir, en incluant \u00e0&#13;<br \/>\n                           la fois les enfants biologiques et les enfants adopt\u00e9s\u00a0?\u00a0\u00bb. Les beaux-enfants (enfants&#13;<br \/>\n                           du ou de la conjoint\u00b7e ou d\u2019un\u00b7e ancien\u00b7ne conjoint\u00b7e) ne sont pas compt\u00e9s ici.<\/p>\n<p style=\"txt_Normal\">L\u2019effet des normes de genre et des inqui\u00e9tudes sur les intentions de f\u00e9condit\u00e9 est&#13;<br \/>\n                           estim\u00e9 \u00e0 l\u2019aide de r\u00e9gressions contr\u00f4lant le mode de r\u00e9ponse \u00e0 l\u2019enqu\u00eate (par Internet&#13;<br \/>\n                           ou t\u00e9l\u00e9phone), le sexe, l\u2019\u00e2ge, le fait d\u2019\u00eatre en couple, le nombre d\u2019enfants d\u00e9j\u00e0&#13;<br \/>\n                           eus, le pays de naissance, le dipl\u00f4me, la situation professionnelle, la cat\u00e9gorie&#13;<br \/>\n                           socioprofessionnelle et le niveau de vie. La formulation des questions, la construction&#13;<br \/>\n                           des variables, les r\u00e9sultats d\u00e9taill\u00e9s des mod\u00e8les, ainsi que les r\u00e9sultats sur le&#13;<br \/>\n                           champ des jeunes et des personnes sans enfant s\u00e9par\u00e9ment par sexe sont disponibles&#13;<br \/>\n                           dans l\u2019<a class=\"link_ref\" href=\"https:\/\/doi.org\/10.34847\/nkl.bed29126\" target=\"_blank\" rel=\"noopener\">annexe en ligne<\/a> . Les effets comment\u00e9s sont statistiquement significatifs au seuil de 5\u00a0%.<\/p>\n<p>            &#13;<\/p>\n","protected":false},"excerpt":{"rendered":"&#13; &#13; La f\u00e9condit\u00e9 a diminu\u00e9 en France ces derni\u00e8res ann\u00e9es. Cette baisse va-t-elle se prolonger\u00a0?&#13; Est-ce que&hellip;\n","protected":false},"author":2,"featured_media":239569,"comment_status":"","ping_status":"","sticky":false,"template":"","format":"standard","meta":{"footnotes":""},"categories":[2],"tags":[11,4734,1719,37917,37918,37914,1011,27,37582,37915,12,37916],"class_list":{"0":"post-239568","1":"post","2":"type-post","3":"status-publish","4":"format-standard","5":"has-post-thumbnail","7":"category-actualites","8":"tag-actualites","9":"tag-changement-climatique","10":"tag-enfants","11":"tag-enquetes-erfi","12":"tag-enquetes-ggs","13":"tag-fecondite","14":"tag-fr","15":"tag-france","16":"tag-inquietudes","17":"tag-intentions","18":"tag-news","19":"tag-normes-de-genre"},"share_on_mastodon":{"url":"https:\/\/pubeurope.com\/@fr\/114827927673573833","error":""},"_links":{"self":[{"href":"https:\/\/www.europesays.com\/fr\/wp-json\/wp\/v2\/posts\/239568","targetHints":{"allow":["GET"]}}],"collection":[{"href":"https:\/\/www.europesays.com\/fr\/wp-json\/wp\/v2\/posts"}],"about":[{"href":"https:\/\/www.europesays.com\/fr\/wp-json\/wp\/v2\/types\/post"}],"author":[{"embeddable":true,"href":"https:\/\/www.europesays.com\/fr\/wp-json\/wp\/v2\/users\/2"}],"replies":[{"embeddable":true,"href":"https:\/\/www.europesays.com\/fr\/wp-json\/wp\/v2\/comments?post=239568"}],"version-history":[{"count":0,"href":"https:\/\/www.europesays.com\/fr\/wp-json\/wp\/v2\/posts\/239568\/revisions"}],"wp:featuredmedia":[{"embeddable":true,"href":"https:\/\/www.europesays.com\/fr\/wp-json\/wp\/v2\/media\/239569"}],"wp:attachment":[{"href":"https:\/\/www.europesays.com\/fr\/wp-json\/wp\/v2\/media?parent=239568"}],"wp:term":[{"taxonomy":"category","embeddable":true,"href":"https:\/\/www.europesays.com\/fr\/wp-json\/wp\/v2\/categories?post=239568"},{"taxonomy":"post_tag","embeddable":true,"href":"https:\/\/www.europesays.com\/fr\/wp-json\/wp\/v2\/tags?post=239568"}],"curies":[{"name":"wp","href":"https:\/\/api.w.org\/{rel}","templated":true}]}}