{"id":239572,"date":"2025-07-10T08:12:17","date_gmt":"2025-07-10T08:12:17","guid":{"rendered":"https:\/\/www.europesays.com\/fr\/239572\/"},"modified":"2025-07-10T08:12:17","modified_gmt":"2025-07-10T08:12:17","slug":"14-juillet-ou-voir-des-feux-dartifice-dans-la-loire","status":"publish","type":"post","link":"https:\/\/www.europesays.com\/fr\/239572\/","title":{"rendered":"14 juillet : o\u00f9 voir des feux d\u2019artifice dans la Loire ?"},"content":{"rendered":"<p class=\"is-style-chapo\">Oh, la belle bleue ! Lundi, le pays c\u00e9l\u00e9brera la f\u00eate nationale, et avec elle, son traditionnel feu d\u2019artifice. La r\u00e9daction a \u00e9tabli pour vous la liste, non exhaustive, des principaux feux d\u2019artifice qui seront tir\u00e9s dans la Loire durant ce week-end prolong\u00e9.<\/p>\n<p><img loading=\"lazy\" decoding=\"async\" width=\"1024\" height=\"576\" src=\"https:\/\/www.europesays.com\/fr\/wp-content\/uploads\/2025\/07\/csm_cover_14juillet_25bc95716b-1024x576.jpeg\" alt=\"\" class=\"wp-image-57401\"  \/>\u00a9Roannais Agglom\u00e9ration.<\/p>\n<p>1 \u2013 Saint-Etienne<\/p>\n<p>Comme chaque ann\u00e9e, la Ville de <a href=\"https:\/\/www.saint-etienne.fr\/agenda\/feu-dartifice-au-zenith\" target=\"_blank\" rel=\"noreferrer noopener\">Saint-Etienne<\/a> vous donne rendez-vous au Z\u00e9nith, lundi 14 juillet \u00e0 partir de 22 heures 30 pour son traditionnel <a href=\"https:\/\/www.if-saint-etienne.fr\/culture-loisirs\/14-juillet-ou-assister-a-des-feux-dartifice-dans-la-loire-2\" target=\"_blank\" rel=\"noreferrer noopener\">feu d\u2019artifice<\/a>. Sur place, des foodtrucks seront pr\u00e9sents pour patienter avec gourmandise.<\/p>\n<p>2 \u2013 Roanne<\/p>\n<p>La <a href=\"https:\/\/www.aggloroanne.fr\/ma-collectivite\/culture-et-loisirs\/festivete-a-roanne\/un-14-juillet-sur-les-bords-de-loire-3195.html\" target=\"_blank\" rel=\"noreferrer noopener\">Ville de Roanne<\/a> vous propose un feu d\u2019artifice dans une ambiance disco et boules \u00e0 facettes ce lundi 14 juillet. Sur les bords de Loire, vous pourrez assister \u00e0 ce show pyrotechnique musical \u00e0 partir de 22h45. Il sera suivi par un bal populaire au kiosque des promenades.<\/p>\n<p>3 \u2013 Montbrison<\/p>\n<p>Dans le Forez, on f\u00eate aussi la <a href=\"https:\/\/www.loireforez.fr\/fiche-apidae\/fete-de-la-saint-aubrin\/\" target=\"_blank\" rel=\"noreferrer noopener\">Saint-Aubrin<\/a>, Saint Patron de Montbrison, du 12 au 21 juillet. Parmi les festivit\u00e9s, un feu d\u2019artifice sera \u00e9galement tir\u00e9 \u00e0 partir de 22 heures 30 le lundi 14 juillet, depuis le Jardin d\u2019Allard.<\/p>\n<p>4 \u2013 Saint-Just-Saint-Rambert<\/p>\n<p>A <a href=\"https:\/\/www.stjust-strambert.fr\/evenement\/feu-dartifice-du-14-juillet-2\/\" target=\"_blank\" rel=\"noreferrer noopener\">Saint-Just-Saint-Rambert<\/a>, rendez-vous en bords de Loire c\u00f4t\u00e9 Saint-Just le lundi 14 juillet \u00e0 22 heures 45 pour assister au feu d\u2019artifice, qui sera suivi d\u2019un bal. Des animations seront \u00e9galement propos\u00e9es tout l\u2019apr\u00e8s-midi. A noter que le pont Jean Alligier sera ferm\u00e9 \u00e0 la circulation de 21 heures \u00e0 minuit, pour des raisons de s\u00e9curit\u00e9.<\/p>\n<p>5 \u2013 Firminy<\/p>\n<p>Dans l\u2019Ondaine, \u00e0 <a href=\"https:\/\/www.ville-firminy.fr\/evenement\/fete-nationale-feu-dartifice-du-14-juillet-2\/\" target=\"_blank\" rel=\"noreferrer noopener\">Firminy<\/a>, c\u2019est sur le site exceptionnel Le Corbusier que vous pourrez voir le feu d\u2019artifice lundi, sur le parvis de l\u2019\u00e9glise. Il sera tir\u00e9 d\u00e8s la tomb\u00e9e de la nuit.<\/p>\n<p>6 \u2013 La Talaudi\u00e8re<\/p>\n<p>Lundi 14 juillet, le P\u00f4le de la viande de <a href=\"https:\/\/www.mairie-la-talaudiere.fr\/evenement\/14-juillet-2025\/\" target=\"_blank\" rel=\"noreferrer noopener\">la Talaudi\u00e8re<\/a> accueillera le feu d\u2019artifice de la commune \u00e0 partir de 22 heures 30. Sur place, \u00e0 partir des 19h, des animations musicales, une buvette et des food trucks.<\/p>\n<p>7 \u2013 Saint-Chamond<\/p>\n<p>La soir\u00e9e promet d\u2019\u00eatre \u00e9tincelante dimanche 13 juillet \u00e0 <a href=\"https:\/\/saint-chamond.fr\/events\/fete-nationale\/\" target=\"_blank\" rel=\"noreferrer noopener\">Saint-Chamond<\/a> avec un concert sp\u00e9cial ann\u00e9es 80 \u00e0 partir de 21h, suivi par le feu d\u2019artifice \u00e0 23h, dans le parc de Novaci\u00e9ries. Sur place, vous trouverez une petite restauration ainsi qu\u2019une buvette.<\/p>\n","protected":false},"excerpt":{"rendered":"Oh, la belle bleue ! Lundi, le pays c\u00e9l\u00e9brera la f\u00eate nationale, et avec elle, son traditionnel feu&hellip;\n","protected":false},"author":2,"featured_media":239573,"comment_status":"","ping_status":"","sticky":false,"template":"","format":"standard","meta":{"footnotes":""},"categories":[9653],"tags":[10915,1111,11,2430,1777,674,14012,10917,16701,1011,27,12,25,9838,4001],"class_list":{"0":"post-239572","1":"post","2":"type-post","3":"status-publish","4":"format-standard","5":"has-post-thumbnail","7":"category-saint-etienne","8":"tag-14-juillet","9":"tag-actu","10":"tag-actualites","11":"tag-auvergne-rhone-alpes","12":"tag-eu","13":"tag-europe","14":"tag-festif","15":"tag-fete-nationale","16":"tag-feu-dartifice","17":"tag-fr","18":"tag-france","19":"tag-news","20":"tag-republique-francaise","21":"tag-roanne","22":"tag-saint-etienne"},"share_on_mastodon":{"url":"https:\/\/pubeurope.com\/@fr\/114827935325518871","error":""},"_links":{"self":[{"href":"https:\/\/www.europesays.com\/fr\/wp-json\/wp\/v2\/posts\/239572","targetHints":{"allow":["GET"]}}],"collection":[{"href":"https:\/\/www.europesays.com\/fr\/wp-json\/wp\/v2\/posts"}],"about":[{"href":"https:\/\/www.europesays.com\/fr\/wp-json\/wp\/v2\/types\/post"}],"author":[{"embeddable":true,"href":"https:\/\/www.europesays.com\/fr\/wp-json\/wp\/v2\/users\/2"}],"replies":[{"embeddable":true,"href":"https:\/\/www.europesays.com\/fr\/wp-json\/wp\/v2\/comments?post=239572"}],"version-history":[{"count":0,"href":"https:\/\/www.europesays.com\/fr\/wp-json\/wp\/v2\/posts\/239572\/revisions"}],"wp:featuredmedia":[{"embeddable":true,"href":"https:\/\/www.europesays.com\/fr\/wp-json\/wp\/v2\/media\/239573"}],"wp:attachment":[{"href":"https:\/\/www.europesays.com\/fr\/wp-json\/wp\/v2\/media?parent=239572"}],"wp:term":[{"taxonomy":"category","embeddable":true,"href":"https:\/\/www.europesays.com\/fr\/wp-json\/wp\/v2\/categories?post=239572"},{"taxonomy":"post_tag","embeddable":true,"href":"https:\/\/www.europesays.com\/fr\/wp-json\/wp\/v2\/tags?post=239572"}],"curies":[{"name":"wp","href":"https:\/\/api.w.org\/{rel}","templated":true}]}}