{"id":239580,"date":"2025-07-10T08:19:09","date_gmt":"2025-07-10T08:19:09","guid":{"rendered":"https:\/\/www.europesays.com\/fr\/239580\/"},"modified":"2025-07-10T08:19:09","modified_gmt":"2025-07-10T08:19:09","slug":"on-sort-ou-ce-week-end-pour-sambiancer","status":"publish","type":"post","link":"https:\/\/www.europesays.com\/fr\/239580\/","title":{"rendered":"on sort o\u00f9 ce week-end pour s&rsquo;ambiancer\u00a0?"},"content":{"rendered":"<p>            Par<br \/>\n        <strong><br \/>\n            <a href=\"https:\/\/actu.fr\/auteur\/yann-rivallan\" title=\"Consulter tous les articles de Yann Rivallan\" rel=\"nofollow noopener\" target=\"_blank\">Yann Rivallan<\/a><br \/>\n        <\/strong><\/p>\n<p>        Publi\u00e9 le<\/p>\n<p>            10 juil. 2025 \u00e0 9h32        <\/p>\n<p>Ils r\u00e9pertorient les soir\u00e9es pour profiter \u00e0 fond \u00e0 <a href=\"https:\/\/actu.fr\/normandie\/rouen_76540\" rel=\"nofollow noopener\" target=\"_blank\">Rouen<\/a>. Nos amis de Bar\u2019Oscope, avec qui la r\u00e9daction de 76actu entretient un partenariat depuis plusieurs semaines, nous livrent <strong>leurs suggestions<\/strong> pour cette fin de semaine et ce week-end, entre le 10 et le 13\u00a0juillet 2025. Envie de vous ambiancer\u2009? Voici ce qui vous attend.<\/p>\n<p class=\" wall-content\"><a href=\"https:\/\/www.instagram.com\/p\/DD42Okhy_YW\/embed\" title=\"Ouvrir le lien sur Instagram\" rel=\"nofollow noopener\" target=\"_blank\">Visualiser le contenu sur Instagram<\/a><\/p>\n<p>Soir\u00e9e Get 7 au Food Hall<\/p>\n<p class=\" wall-content\">Jeudi 10\u00a0juillet, <strong>l\u2019entrep\u00f4t Food Hall<\/strong> sur les quais de Rouen propose une soir\u00e9e \u00ab\u2009Get 7\u2009\u00bb. Entre 19h et 23h, vous pourrez y retrouver des cocktails sp\u00e9cialement cr\u00e9\u00e9s pour l\u2019occasion.<\/p>\n<p class=\" wall-content\"><strong>On trinque avec quoi\u2009?<\/strong> Bi\u00e8res, Cocktails, Vins, Spiritueux &amp; Shooters sont au programme.<\/p>\n<p>Un DJ set dans un bar \u00e0 bi\u00e8res<\/p>\n<p class=\" wall-content\">Envie de bouger en soir\u00e9e jeudi\u2009? Le bar \u00e0 bi\u00e8res La Porte Ouverte propose <strong>un DJ set<\/strong> de 17h30 \u00e0 2h du matin avec Fantin.<\/p>\n<p class=\" wall-content\"><strong>On trinque avec quoi\u2009?<\/strong> Des bi\u00e8res, \u00e9videmment\u2009!<\/p>\n<p>Bon plan au Boho<\/p>\n<p class=\" wall-content\">C\u2019est peut-\u00eatre la soir\u00e9e \u00e0 ne pas rater vendredi soir. De 23h \u00e0 7h, <strong>la bo\u00eete de nuit le Boho<\/strong> propose une s\u00e9rie de bons plans niveau consommation. D\u00e9j\u00e0, une entr\u00e9e =\u00a02 consos. Mais aussi, 1 bouteille achet\u00e9e =\u00a01 offerte, 1 conso achet\u00e9e =\u00a01 offerte.<\/p>\n<p class=\" wall-content\"><strong>On trinque avec quoi\u2009?<\/strong> Cocktails &amp; shooters.<\/p>\n<p>Ambiance Koh Lanta au Quartier Libre<\/p>\n<p class=\" wall-content\">Rendez-vous <strong>au Quartier Libre<\/strong> sur la rive gauche pour choisir votre camp samedi 12\u00a0juillet. Les rouges affronteront les jaunes lors d\u2019une M\u00e9ga Boum baptis\u00e9e \u00ab\u2009Koh Lanto\u2009\u00bb. Ramenez votre bandeau de couleur, serrez vos chaussures et soyez pr\u00eat\u00b7es \u00e0 tout donner pour gagner <strong>le cocktail de l\u2019immunit\u00e9<\/strong>. Un seul objectif\u2009: survivre jusqu\u2019\u00e0 l\u2019aube\u2026 et danser comme si votre vie en d\u00e9pendait\u2009!<\/p>\n<p class=\" wall-content\"><strong>On trinque avec quoi\u2009?<\/strong> Bi\u00e8res &amp; cocktails.<\/p>\n<p>White Party au So<\/p>\n<p class=\" wall-content\">Pr\u00e9parez votre meilleure tenue blanche pour dimanche soir. Entre 23h et 6h du matin, la bo\u00eete de nuit le So, sur les quais, propose sa White Party (Bastille Day Edition). <strong>Ambiance chic, festive et \u00e9lectrique<\/strong> au programme.<\/p>\n<p class=\" wall-content\"><strong>On trinque avec quoi\u2009?<\/strong> Cocktails &amp; shooters.<\/p>\n<p>Ultime soir\u00e9e avant la fermeture d\u2019Alaf\u00fbt<\/p>\n<p class=\" wall-content\">Et pour la der des ders, venez c\u00e9l\u00e9brer l\u2019ultime soir\u00e9e du bar Alaf\u00fbt \u00e0 partir de 17h, rue de Martainville. Apr\u00e8s 7\u00a0ans d\u2019aventure, le bar ferme ses portes. Venez faire <strong>la f\u00eate une derni\u00e8re fois<\/strong>\u2009: trinquez, riez, dansez, criez, finissez les stocks\u2009! Un repartage en story =\u00a0un shooter offert.<\/p>\n<p class=\" wall-content\"><strong>On trinque avec quoi\u2009?<\/strong> Bi\u00e8res, cocktails &amp; vins.<\/p>\n<p class=\" wall-content\"><strong>Avec Bar\u2019Oscope<\/strong><\/p>\n<p class=\" wall-content\">Suivez toute l\u2019actualit\u00e9 de vos villes et m\u00e9dias favoris en vous inscrivant \u00e0 <a href=\"https:\/\/moncompte.actu.fr\" title=\"D\u00e9couvez Mon Actu\" rel=\"nofollow noopener\" data-trk=\"{&quot;cta&quot;:{&quot;action&quot;:&quot;https:\\\/\\\/moncompte.actu.fr&quot;,&quot;category&quot;:&quot;mon compte&quot;,&quot;from&quot;:&quot;article footer&quot;,&quot;name&quot;:&quot;Mon actu&quot;,&quot;type&quot;:&quot;cta&quot;}}\" target=\"_blank\">Mon Actu<\/a>.<\/p>\n<ul class=\"ac-article-tag wall-content\">\n<li><a href=\"https:\/\/actu.fr\/tag\/bon-plan-a-rouen\" data-trk=\"{&quot;cta&quot;:{&quot;action&quot;:&quot;Bon plan \\u00e0 Rouen&quot;,&quot;category&quot;:&quot;tag&quot;,&quot;from&quot;:&quot;article footer&quot;,&quot;name&quot;:&quot;Bon plan \\u00e0 Rouen&quot;,&quot;type&quot;:&quot;cta&quot;}}\" rel=\"nofollow noopener\" target=\"_blank\">#Bon plan \u00e0 Rouen<\/a><\/li>\n<li><a href=\"https:\/\/actu.fr\/tag\/musique\" data-trk=\"{&quot;cta&quot;:{&quot;action&quot;:&quot;Musique&quot;,&quot;category&quot;:&quot;tag&quot;,&quot;from&quot;:&quot;article footer&quot;,&quot;name&quot;:&quot;Musique&quot;,&quot;type&quot;:&quot;cta&quot;}}\" rel=\"nofollow noopener\" target=\"_blank\">#Musique<\/a><\/li>\n<\/ul>\n<p>                    <script async src=\"\/\/www.instagram.com\/embed.js\"><\/script><\/p>\n","protected":false},"excerpt":{"rendered":"Par Yann Rivallan Publi\u00e9 le 10 juil. 2025 \u00e0 9h32 Ils r\u00e9pertorient les soir\u00e9es pour profiter \u00e0 fond&hellip;\n","protected":false},"author":2,"featured_media":239581,"comment_status":"","ping_status":"","sticky":false,"template":"","format":"standard","meta":{"footnotes":""},"categories":[9587],"tags":[1111,11,9086,1777,674,1011,27,1652,873,12,5161,25,9590],"class_list":{"0":"post-239580","1":"post","2":"type-post","3":"status-publish","4":"format-standard","5":"has-post-thumbnail","7":"category-rouen","8":"tag-actu","9":"tag-actualites","10":"tag-bon-plan-a-rouen","11":"tag-eu","12":"tag-europe","13":"tag-fr","14":"tag-france","15":"tag-loisirs-culture","16":"tag-musique","17":"tag-news","18":"tag-normandie","19":"tag-republique-francaise","20":"tag-rouen"},"share_on_mastodon":{"url":"https:\/\/pubeurope.com\/@fr\/114827962828405646","error":""},"_links":{"self":[{"href":"https:\/\/www.europesays.com\/fr\/wp-json\/wp\/v2\/posts\/239580","targetHints":{"allow":["GET"]}}],"collection":[{"href":"https:\/\/www.europesays.com\/fr\/wp-json\/wp\/v2\/posts"}],"about":[{"href":"https:\/\/www.europesays.com\/fr\/wp-json\/wp\/v2\/types\/post"}],"author":[{"embeddable":true,"href":"https:\/\/www.europesays.com\/fr\/wp-json\/wp\/v2\/users\/2"}],"replies":[{"embeddable":true,"href":"https:\/\/www.europesays.com\/fr\/wp-json\/wp\/v2\/comments?post=239580"}],"version-history":[{"count":0,"href":"https:\/\/www.europesays.com\/fr\/wp-json\/wp\/v2\/posts\/239580\/revisions"}],"wp:featuredmedia":[{"embeddable":true,"href":"https:\/\/www.europesays.com\/fr\/wp-json\/wp\/v2\/media\/239581"}],"wp:attachment":[{"href":"https:\/\/www.europesays.com\/fr\/wp-json\/wp\/v2\/media?parent=239580"}],"wp:term":[{"taxonomy":"category","embeddable":true,"href":"https:\/\/www.europesays.com\/fr\/wp-json\/wp\/v2\/categories?post=239580"},{"taxonomy":"post_tag","embeddable":true,"href":"https:\/\/www.europesays.com\/fr\/wp-json\/wp\/v2\/tags?post=239580"}],"curies":[{"name":"wp","href":"https:\/\/api.w.org\/{rel}","templated":true}]}}