{"id":239582,"date":"2025-07-10T08:20:23","date_gmt":"2025-07-10T08:20:23","guid":{"rendered":"https:\/\/www.europesays.com\/fr\/239582\/"},"modified":"2025-07-10T08:20:23","modified_gmt":"2025-07-10T08:20:23","slug":"a-rouen-un-plancher-seffondre-dans-un-immeuble-de-ville-quatre-personnes-relogees","status":"publish","type":"post","link":"https:\/\/www.europesays.com\/fr\/239582\/","title":{"rendered":"\u00c0 Rouen, un plancher s\u2019effondre dans un immeuble de ville : quatre personnes relog\u00e9es"},"content":{"rendered":"<p>\t\t\t\t\t Les sapeurs-pompiers de Seine-Maritime sont intervenus ce mercredi 9 juillet aux alentours de 20 heures rue du Cordier, en plein centre de Rouen, \u00e0 la suite de l\u2019effondrement d\u2019un plancher au rez-de-chauss\u00e9e d\u2019un immeuble d\u2019habitation comprenant trois \u00e9tages et des combles. <\/p>\n<p>Une \u00e9quipe sp\u00e9cialis\u00e9e de l\u2019Unit\u00e9 de sauvetage d\u2019appui et de recherche (USAR) du service d\u00e9partemental d\u2019incendie et de secours (Sdis76) a \u00e9t\u00e9 mobilis\u00e9e pour s\u00e9curiser les lieux et proc\u00e9der aux premi\u00e8res expertises. Dix sapeurs-pompiers et trois engins de secours ont \u00e9t\u00e9 engag\u00e9s sur cette op\u00e9ration, qui s\u2019est prolong\u00e9e un peu plus de trois heures.\n\t\t\t\t <\/p>\n","protected":false},"excerpt":{"rendered":"Les sapeurs-pompiers de Seine-Maritime sont intervenus ce mercredi 9 juillet aux alentours de 20 heures rue du Cordier,&hellip;\n","protected":false},"author":2,"featured_media":239583,"comment_status":"","ping_status":"","sticky":false,"template":"","format":"standard","meta":{"footnotes":""},"categories":[9587],"tags":[1111,11,1777,674,1011,27,1934,12,5161,25,9590,5163],"class_list":{"0":"post-239582","1":"post","2":"type-post","3":"status-publish","4":"format-standard","5":"has-post-thumbnail","7":"category-rouen","8":"tag-actu","9":"tag-actualites","10":"tag-eu","11":"tag-europe","12":"tag-fr","13":"tag-france","14":"tag-infos-locales","15":"tag-news","16":"tag-normandie","17":"tag-republique-francaise","18":"tag-rouen","19":"tag-seine-maritime"},"share_on_mastodon":{"url":"https:\/\/pubeurope.com\/@fr\/114827966644597047","error":""},"_links":{"self":[{"href":"https:\/\/www.europesays.com\/fr\/wp-json\/wp\/v2\/posts\/239582","targetHints":{"allow":["GET"]}}],"collection":[{"href":"https:\/\/www.europesays.com\/fr\/wp-json\/wp\/v2\/posts"}],"about":[{"href":"https:\/\/www.europesays.com\/fr\/wp-json\/wp\/v2\/types\/post"}],"author":[{"embeddable":true,"href":"https:\/\/www.europesays.com\/fr\/wp-json\/wp\/v2\/users\/2"}],"replies":[{"embeddable":true,"href":"https:\/\/www.europesays.com\/fr\/wp-json\/wp\/v2\/comments?post=239582"}],"version-history":[{"count":0,"href":"https:\/\/www.europesays.com\/fr\/wp-json\/wp\/v2\/posts\/239582\/revisions"}],"wp:featuredmedia":[{"embeddable":true,"href":"https:\/\/www.europesays.com\/fr\/wp-json\/wp\/v2\/media\/239583"}],"wp:attachment":[{"href":"https:\/\/www.europesays.com\/fr\/wp-json\/wp\/v2\/media?parent=239582"}],"wp:term":[{"taxonomy":"category","embeddable":true,"href":"https:\/\/www.europesays.com\/fr\/wp-json\/wp\/v2\/categories?post=239582"},{"taxonomy":"post_tag","embeddable":true,"href":"https:\/\/www.europesays.com\/fr\/wp-json\/wp\/v2\/tags?post=239582"}],"curies":[{"name":"wp","href":"https:\/\/api.w.org\/{rel}","templated":true}]}}