{"id":239590,"date":"2025-07-10T08:25:50","date_gmt":"2025-07-10T08:25:50","guid":{"rendered":"https:\/\/www.europesays.com\/fr\/239590\/"},"modified":"2025-07-10T08:25:50","modified_gmt":"2025-07-10T08:25:50","slug":"strasbourg-les-moeurs-et-leur-controle-au-coeur-du-dernier-ouvrage-de-luniversitaire-regis-schlagdenhauffen","status":"publish","type":"post","link":"https:\/\/www.europesays.com\/fr\/239590\/","title":{"rendered":"Strasbourg. Les m\u0153urs et leur contr\u00f4le, au c\u0153ur du dernier ouvrage de l\u2019universitaire R\u00e9gis Schlagdenhauffen"},"content":{"rendered":"<p>N\u00e9 en 1979, R\u00e9gis Schlagdenhauffen aurait tr\u00e8s bien pu s\u2019orienter vers l\u2019am\u00e9nagement urbanistique. La planification des transports en commun, en particulier, eut un temps ses faveurs. C\u2019est finalement dans les questions de genre, de sexualit\u00e9 et d\u2019orientations sexuelles que le quadrag\u00e9naire volubile et touche \u00e0 tout s\u2019est progressivement sp\u00e9cialis\u00e9. Un peu par hasard, un peu par discipline.<\/p>\n<p>Il y a une vingtaine d\u2019ann\u00e9es, Freddy Rapha\u00ebl, son \u00ab\u00a0professeur strasbourgeois\u00a0\u00bb, lui conseillait de faire une th\u00e8se et de se pencher sur les lieux de m\u00e9moire de la Seconde Guerre mondiale. La non moins \u00e9minente Annette Wieworka lui sugg\u00e9rait quant \u00e0 elle de se pencher sur le sujet alors mal&#8230;<\/p>\n","protected":false},"excerpt":{"rendered":"N\u00e9 en 1979, R\u00e9gis Schlagdenhauffen aurait tr\u00e8s bien pu s\u2019orienter vers l\u2019am\u00e9nagement urbanistique. La planification des transports en&hellip;\n","protected":false},"author":2,"featured_media":239591,"comment_status":"","ping_status":"","sticky":false,"template":"","format":"standard","meta":{"footnotes":""},"categories":[2820],"tags":[1111,11,2389,6084,1057,4854,1777,674,107,1011,27,5325,775,937,12,25,104,640,133],"class_list":{"0":"post-239590","1":"post","2":"type-post","3":"status-publish","4":"format-standard","5":"has-post-thumbnail","7":"category-strasbourg","8":"tag-actu","9":"tag-actualites","10":"tag-alsace","11":"tag-droit","12":"tag-education","13":"tag-enseignement-superieur","14":"tag-eu","15":"tag-europe","16":"tag-fil-info","17":"tag-fr","18":"tag-france","19":"tag-galerie-media","20":"tag-grand-est","21":"tag-histoire","22":"tag-news","23":"tag-republique-francaise","24":"tag-societe","25":"tag-strasbourg","26":"tag-video"},"share_on_mastodon":{"url":"https:\/\/pubeurope.com\/@fr\/114827990421574712","error":""},"_links":{"self":[{"href":"https:\/\/www.europesays.com\/fr\/wp-json\/wp\/v2\/posts\/239590","targetHints":{"allow":["GET"]}}],"collection":[{"href":"https:\/\/www.europesays.com\/fr\/wp-json\/wp\/v2\/posts"}],"about":[{"href":"https:\/\/www.europesays.com\/fr\/wp-json\/wp\/v2\/types\/post"}],"author":[{"embeddable":true,"href":"https:\/\/www.europesays.com\/fr\/wp-json\/wp\/v2\/users\/2"}],"replies":[{"embeddable":true,"href":"https:\/\/www.europesays.com\/fr\/wp-json\/wp\/v2\/comments?post=239590"}],"version-history":[{"count":0,"href":"https:\/\/www.europesays.com\/fr\/wp-json\/wp\/v2\/posts\/239590\/revisions"}],"wp:featuredmedia":[{"embeddable":true,"href":"https:\/\/www.europesays.com\/fr\/wp-json\/wp\/v2\/media\/239591"}],"wp:attachment":[{"href":"https:\/\/www.europesays.com\/fr\/wp-json\/wp\/v2\/media?parent=239590"}],"wp:term":[{"taxonomy":"category","embeddable":true,"href":"https:\/\/www.europesays.com\/fr\/wp-json\/wp\/v2\/categories?post=239590"},{"taxonomy":"post_tag","embeddable":true,"href":"https:\/\/www.europesays.com\/fr\/wp-json\/wp\/v2\/tags?post=239590"}],"curies":[{"name":"wp","href":"https:\/\/api.w.org\/{rel}","templated":true}]}}