{"id":2396,"date":"2025-04-04T10:17:10","date_gmt":"2025-04-04T10:17:10","guid":{"rendered":"https:\/\/www.europesays.com\/fr\/2396\/"},"modified":"2025-04-04T10:17:10","modified_gmt":"2025-04-04T10:17:10","slug":"les-parents-de-lisa-devastes-face-a-un-verdict-incomprehensible","status":"publish","type":"post","link":"https:\/\/www.europesays.com\/fr\/2396\/","title":{"rendered":"les parents de Lisa \u00ab\u00a0d\u00e9vast\u00e9s\u00a0\u00bb face \u00e0 un verdict \u00ab\u00a0incompr\u00e9hensible\u00a0\u00bb"},"content":{"rendered":"<p>            Par<br \/>\n        <strong><br \/>\n            <a href=\"https:\/\/actu.fr\/auteur\/ludivine-caporal\" title=\"Consulter tous les articles de Ludivine Caporal\" rel=\"nofollow noopener\" target=\"_blank\">Ludivine Caporal<\/a><br \/>\n        <\/strong><\/p>\n<p>        Publi\u00e9 le<\/p>\n<p>            4 avr. 2025 \u00e0 6h02        <\/p>\n<p>Il \u00e9tait tout juste 18h15, ce jeudi 3\u00a0avril 2025, lorsque <a href=\"https:\/\/actu.fr\/auvergne-rhone-alpes\/lyon_69123\/lyon-meurtre-de-lisa-au-destop-dans-une-creche-la-condamnation-de-l-accusee-est-tombe_62463032.html\" rel=\"nofollow noopener\" target=\"_blank\">le verdict est tomb\u00e9<\/a>.<\/p>\n<p class=\" wall-content\"><a href=\"https:\/\/actu.fr\/auvergne-rhone-alpes\/lyon_69123\/lyon-meurtre-de-lisa-dans-une-creche-le-sombre-profil-de-l-accusee-qui-dit-aimer-les-enfants_62449277.html\" rel=\"nofollow noopener\" target=\"_blank\">Myriam Jaouen<\/a>, accus\u00e9e du meurtre de la petite Lisa dans une cr\u00e8che People &amp; Baby, <strong>n\u2019a pas \u00e9t\u00e9 reconnue coupable d\u2019homicide volontaire<\/strong> par la cour d\u2019assises de Lyon, mais \u00ab\u2009d\u2019actes de torture et barbarie ayant entra\u00een\u00e9 la mort sans l\u2019intention de la donner\u2009\u00bb.<\/p>\n<p class=\" wall-content\">Une requalification des faits qui n\u2019avait \u00ab\u2009jamais \u00e9t\u00e9 \u00e9voqu\u00e9e dans le cadre de l\u2019instruction\u2009\u00bb et qui a instantan\u00e9ment mis <strong>un coup de massue<\/strong> \u00e0 la famille de la petite victime, compl\u00e8tement choqu\u00e9e et \u00ab\u2009d\u00e9vast\u00e9e\u2009\u00bb par cette difficile annonce.<\/p>\n<p>\u00ab\u2009Une d\u00e9cision qui rajoute de la douleur \u00e0 la douleur\u2009\u00bb<\/p>\n<p class=\" wall-content\">C\u2019est en effet en ouverture d\u2019audience, mardi 1er\u00a0avril, que le pr\u00e9sident de la cour a propos\u00e9 pour la premi\u00e8re fois cette requalification des faits face aux jur\u00e9s. Une \u00ab\u2009simple option\u2009\u00bb qui est finalement devenue r\u00e9elle.<\/p>\n<p class=\" wall-content\">\u00ab\u2009M\u00eame la d\u00e9fense trouvait \u00e7a peu compatible avec le dossier. On est extr\u00eamement surpris. Et cette corr\u00e9lation\u2009\u00bb acte de torture et barbarie \u00ab\u2009mais pas d\u2019intention d\u2019homicide, c\u2019est difficilement compr\u00e9hensible pour la famille. L\u00e0, ils ont <strong>l\u2019impression de la perdre deux fois<\/strong> (en parlant de la petite Lisa, ndlr)\u2009\u00bb, a lanc\u00e9 leur avocate, qui s\u2019est exprim\u00e9 pour la premi\u00e8re fois aupr\u00e8s des m\u00e9dias.<\/p>\n<p>Vid\u00e9os : en ce moment sur Actu<\/p>\n<blockquote class=\"ac-article-quote wall-content\">\n<p>Ca n&rsquo;a pas de sens. Pour moi, il y avait indiscutablement intention de tuer. Qui peut mettre un produit de d\u00e9boucheur WC dans la bouche d&rsquo;un enfant et nous affirmer qu&rsquo;elle n&rsquo;a pas voulu le tuer ? Personne (&#8230;) C&rsquo;est gravissime. C&rsquo;est une d\u00e9cision qui rajoute de la douleur \u00e0 la douleur.<\/p>\n<p>    <strong>Catherine Bourgade<\/strong><br \/>\n        Avocate de la famille de Lisa    <\/p><\/blockquote>\n<p class=\" wall-content\">\n<p>Le parquet de Lyon peut faire appel<\/p>\n<p class=\" wall-content\">Les parents de l\u2019enfant, Sophie et Fabio B., n\u2019ont <strong>pas souhait\u00e9 parler \u00e0 la presse.<\/strong><\/p>\n<p class=\" wall-content\">\n<p class=\" wall-content\">Pour rappel, s\u2019ils ne peuvent pas faire appel de cette d\u00e9cision en tant que partie civile, le parquet de Lyon est, lui, en capacit\u00e9 de le faire. Reste d\u00e9sormais \u00e0 voir s\u2019il souhaitera, ou non, aller en ce sens et <strong>demander un nouveau proc\u00e8s<\/strong> pour juger Myriam Jaouen.<\/p>\n<p class=\" wall-content\">Suivez toute l\u2019actualit\u00e9 de vos villes et m\u00e9dias favoris en vous inscrivant \u00e0 <a href=\"https:\/\/moncompte.actu.fr\" title=\"D\u00e9couvez Mon Actu\" rel=\"nofollow noopener\" data-trk=\"{&quot;cta&quot;:{&quot;action&quot;:&quot;https:\\\/\\\/moncompte.actu.fr&quot;,&quot;category&quot;:&quot;mon compte&quot;,&quot;from&quot;:&quot;article footer&quot;,&quot;name&quot;:&quot;Mon actu&quot;,&quot;type&quot;:&quot;cta&quot;}}\" target=\"_blank\">Mon Actu<\/a>.<\/p>\n","protected":false},"excerpt":{"rendered":"Par Ludivine Caporal Publi\u00e9 le 4 avr. 2025 \u00e0 6h02 Il \u00e9tait tout juste 18h15, ce jeudi 3\u00a0avril&hellip;\n","protected":false},"author":2,"featured_media":2397,"comment_status":"","ping_status":"","sticky":false,"template":"","format":"standard","meta":{"footnotes":""},"categories":[2],"tags":[11,1719,1011,27,303,777,12,25,104],"class_list":{"0":"post-2396","1":"post","2":"type-post","3":"status-publish","4":"format-standard","5":"has-post-thumbnail","7":"category-actualites","8":"tag-actualites","9":"tag-enfants","10":"tag-fr","11":"tag-france","12":"tag-justice","13":"tag-meurtre","14":"tag-news","15":"tag-republique-francaise","16":"tag-societe"},"share_on_mastodon":{"url":"https:\/\/pubeurope.com\/@fr\/114279183141867044","error":""},"_links":{"self":[{"href":"https:\/\/www.europesays.com\/fr\/wp-json\/wp\/v2\/posts\/2396","targetHints":{"allow":["GET"]}}],"collection":[{"href":"https:\/\/www.europesays.com\/fr\/wp-json\/wp\/v2\/posts"}],"about":[{"href":"https:\/\/www.europesays.com\/fr\/wp-json\/wp\/v2\/types\/post"}],"author":[{"embeddable":true,"href":"https:\/\/www.europesays.com\/fr\/wp-json\/wp\/v2\/users\/2"}],"replies":[{"embeddable":true,"href":"https:\/\/www.europesays.com\/fr\/wp-json\/wp\/v2\/comments?post=2396"}],"version-history":[{"count":0,"href":"https:\/\/www.europesays.com\/fr\/wp-json\/wp\/v2\/posts\/2396\/revisions"}],"wp:featuredmedia":[{"embeddable":true,"href":"https:\/\/www.europesays.com\/fr\/wp-json\/wp\/v2\/media\/2397"}],"wp:attachment":[{"href":"https:\/\/www.europesays.com\/fr\/wp-json\/wp\/v2\/media?parent=2396"}],"wp:term":[{"taxonomy":"category","embeddable":true,"href":"https:\/\/www.europesays.com\/fr\/wp-json\/wp\/v2\/categories?post=2396"},{"taxonomy":"post_tag","embeddable":true,"href":"https:\/\/www.europesays.com\/fr\/wp-json\/wp\/v2\/tags?post=2396"}],"curies":[{"name":"wp","href":"https:\/\/api.w.org\/{rel}","templated":true}]}}