{"id":239614,"date":"2025-07-10T08:37:13","date_gmt":"2025-07-10T08:37:13","guid":{"rendered":"https:\/\/www.europesays.com\/fr\/239614\/"},"modified":"2025-07-10T08:37:13","modified_gmt":"2025-07-10T08:37:13","slug":"place-publique-sancre-a-marseille-une-force-de-rassemblement-a-gauche","status":"publish","type":"post","link":"https:\/\/www.europesays.com\/fr\/239614\/","title":{"rendered":"Place publique s&rsquo;ancre \u00e0 Marseille : \u00ab\u00a0Une force de rassemblement \u00e0 gauche\u00a0\u00bb"},"content":{"rendered":"<p>Habitu\u00e9 des <strong>m\u00e9dias<\/strong>, le d\u00e9put\u00e9 europ\u00e9en <a href=\"https:\/\/mesinfos.fr\/europeennes-raphael-glucksmann-tete-de-liste-militants-socialistes-192977.html\" rel=\"noopener\" target=\"_blank\">Rapha\u00ebl Gluckmann<\/a> ne cache pas<strong> ses ambitions<\/strong> pour les rendez-vous politiques \u00e0 venir. Le copr\u00e9sident de <a href=\"https:\/\/place-publique.eu\/\" rel=\"noopener\" target=\"_blank\">Place publique<\/a> a d\u00e9voil\u00e9 le 23\u00a0juin\u00a02025 \u00e0 Paris sa \u00ab\u00a0Vision pour la France\u00a0\u00bb, <strong>un document strat\u00e9gique articul\u00e9 autour de 42\u00a0chantiers<\/strong>. Une vision \u00e0 faire dialoguer territorialement. Fort de ses 12\u00a0000\u00a0adh\u00e9rents \u00e0 l\u2019\u00e9chelle nationale, le parti pr\u00e9pare activement les diff\u00e9rentes \u00e9ch\u00e9ances \u00e9lectorales en occupant le terrain. <\/p>\n<p>Dans <a href=\"https:\/\/mesinfos.fr\/tag\/departement-des-bouches-du-rhone\" rel=\"noopener\" target=\"_blank\">les Bouches-du-Rh\u00f4ne<\/a>, Place publique peut compter sur <a href=\"https:\/\/mesinfos.fr\/13000-marseille\/marseille-quelles-sont-les-personnalites-politiques-a-suivre-en-2025-214230.html\" rel=\"noopener\" target=\"_blank\">Pascaline L\u00e9corch\u00e9<\/a> et ses 400 adh\u00e9rents. Membre de la premi\u00e8re heure, elle a \u00e9t\u00e9 <strong>secr\u00e9taire g\u00e9n\u00e9rale<\/strong> du mouvement pendant quatre ans. A cette \u00e9poque, elle s\u2019est occup\u00e9e de <strong>l\u2019organisation<\/strong> et de la <strong>structuration <\/strong>de Place publique localement. En 2024, lors des <a href=\"https:\/\/mesinfos.fr\/tag\/legislatives-2024\" rel=\"noopener\" target=\"_blank\">l\u00e9gislatives anticip\u00e9es<\/a>, apr\u00e8s la dissolution de l\u2019<a href=\"https:\/\/mesinfos.fr\/tag\/assemblee-nationale\" rel=\"noopener\" target=\"_blank\">Assembl\u00e9e nationale<\/a>, Pascaline L\u00e9corch\u00e9 a \u00e9t\u00e9 battue dans la premi\u00e8re circonscription des Bouches-du-Rh\u00f4ne face \u00e0 la candidate RN <a href=\"https:\/\/mesinfos.fr\/13000-marseille\/monique-griseti-recupere-le-siege-de-sabrina-agresti-roubache-202706.html\" rel=\"noopener\" target=\"_blank\">Monique Griseti<\/a>. Elle est, depuis la refonte des statuts du parti en mars\u00a02025, <strong>d\u00e9l\u00e9gu\u00e9e nationale \u00e0 la prospective\u00a02025-2030<\/strong>. <\/p>\n<p>\u00c9lue \u00e9galement repr\u00e9sentante Paca \u00e0 l\u2019Assembl\u00e9e politique nationale de Place publique, son r\u00f4le est d\u2019<strong>anticiper \u00e0 moyen et long terme le positionnement et la strat\u00e9gie du parti<\/strong>. Elle nous d\u00e9voile les ambitions du mouvement pour Marseille et les Bouches-du-Rh\u00f4ne et nous pr\u00e9sente \u00ab\u00a0un cap clair\u00a0\u00bb tourn\u00e9 \u00e0 gauche pour <a href=\"https:\/\/mesinfos.fr\/tag\/municipales-2026\" rel=\"noopener\" target=\"_blank\">les municipales de mars 2026<\/a>.<\/p>\n<p class=\"interview\">Les Nouvelles Publications : Le 3\u00a0juillet, Rapha\u00ebl Glucksmann \u00e9tait \u00e0 Marseille pour pr\u00e9senter sa \u00ab\u00a0Vision pour la France\u00a0\u00bb. Quels sont les enseignements tir\u00e9s ? <\/p>\n<p><a href=\"https:\/\/place-publique.eu\/elections-legislatives-2024\/pascaline-lecorche\/\" rel=\"noopener\" target=\"_blank\">Pascaline L\u00e9corch\u00e9<\/a><strong>\u00a0: <\/strong>Le bilan est positif. On voulait avoir un regard crois\u00e9 entre nos visions. Au niveau national, on met l\u2019accent sur <a href=\"https:\/\/mesinfos.fr\/emploi\" rel=\"noopener\" target=\"_blank\">l\u2019emploi<\/a>. A Marseille, et sur les Bouches-du-Rh\u00f4ne, avec <strong>notre d\u00e9marche politique Prenons place<\/strong>, on a choisi <a href=\"https:\/\/mesinfos.fr\/tag\/metropole-aix-marseille-provence\" rel=\"noopener\" target=\"_blank\">l\u2019\u00e9chelle m\u00e9tropolitaine<\/a> pour nous permettre de traiter un certain nombre d\u2019enjeux fondamentaux du territoire\u00a0: <a href=\"https:\/\/mesinfos.fr\/tag\/mobilite\" rel=\"noopener\" target=\"_blank\">la mobilit\u00e9<\/a>, <a href=\"https:\/\/mesinfos.fr\/tag\/transition-ecologique\" rel=\"noopener\" target=\"_blank\">la transformation \u00e9cologique<\/a>, <strong>la transformation industrielle<\/strong> et donc l\u2019emploi et l\u2019insertion. <\/p>\n<p>Nous sommes all\u00e9s \u00e0 Vitrolles pour rencontrer <a href=\"https:\/\/mesinfos.fr\/13127-vitrolles\/vitrolles-parie-sur-la-mutualisation-energetique-218071.html\" rel=\"noopener\" target=\"_blank\">le maire, Lo\u00efc Gachon<\/a>. Nous avons discut\u00e9 de <a href=\"https:\/\/mesinfos.fr\/13127-vitrolles\/vitrolles-trois-semaines-de-plus-pour-l-appel-a-projets-du-totem-tertiaire-de-cap-horizon-190715.html\" rel=\"noopener\" target=\"_blank\">Cap Horizon<\/a>, <strong>ce projet m\u00e9tropolitain de plateforme multimodale<\/strong>, pour avoir une vue \u00e0 la fois sur la gare TGV, la gare de Vitrolles, Airbus, et les travaux en cours de cet ascenseur pour comprendre ce qu\u2019est une M\u00e9tropole et ses enjeux. <\/p>\n<p>Nous avons visit\u00e9 <a href=\"https:\/\/fr.linkedin.com\/company\/atem-maintenance-industrielle\" rel=\"noopener\" target=\"_blank\">la Scop Atem Maintenance<\/a>. Cette PME fait \u00e9cho \u00e0 notre programme national\u00a0: une transformation industrielle, \u00e9cologique, avec <strong>une r\u00e9industrialisation<\/strong> qui sera levier d\u2019emplois, de rayonnement \u00e9conomique du territoire, mais aussi n\u00e9cessaire pour des questions de souverainet\u00e9.<\/p>\n<p> <img decoding=\"async\" alt=\"\" class=\"img-align-center\" data-zoomable=\"\" loading=\"lazy\" src=\"https:\/\/www.europesays.com\/fr\/wp-content\/uploads\/2025\/07\/place-publique-deplacement-raphael-glucksmann-marseille.jpg\"\/> \u00a9 D. R. &#8211; Le d\u00e9put\u00e9 europ\u00e9en Rapha\u00ebl Glucksmann face aux militants de Place publique \u00e0 la Friche Belle de mai \u00e0 Marseille ce 3 juillet. <\/p>\n<p>Nous avons eu des \u00e9changes avec <a href=\"https:\/\/mesinfos.fr\/13000-marseille\/aix-marseille-universite-recrute-207866.html\" rel=\"noopener\" target=\"_blank\">Eric Berton<\/a>, <strong>le pr\u00e9sident d\u2019Aix-Marseille Universit\u00e9<\/strong>, puis une table ronde avec des associations. Le lendemain, on s\u2019est entretenu avec <a href=\"https:\/\/mesinfos.fr\/13140-miramas\/le-maire-de-miramas-frederic-vigouroux-accentue-la-transition-verte-de-la-ville-214477.html\" rel=\"noopener\" target=\"_blank\">Fr\u00e9d\u00e9ric Vigouroux<\/a>, maire de Miramas. La visite s\u2019est cl\u00f4tur\u00e9e par une r\u00e9union publique. Le but \u00e9tait de parler \u00e0 des institutionnels, des associations et des acteurs \u00e9conomiques.<\/p>\n<p class=\"interview\">Comment est n\u00e9e la d\u00e9marche politique Prenons place lanc\u00e9e par Place publique\u00a013\u00a0? <\/p>\n<p>Cette d\u00e9marche est n\u00e9e, il y a six mois, d\u2019une col\u00e8re. Malgr\u00e9 <a href=\"https:\/\/mesinfos.fr\/tag\/elections-europeennes-2024\" rel=\"noopener\" target=\"_blank\">la campagne europ\u00e9enne<\/a> o\u00f9 la liste emmen\u00e9e par Rapha\u00ebl Glucksmann a fait un score tout \u00e0 fait honorable en arrivant premier de la gauche, la dissolution de l\u2019Assembl\u00e9e nationale a rebattu les cartes et a ouvert les portes au <a href=\"https:\/\/mesinfos.fr\/tag\/rassemblement-national\" rel=\"noopener\" target=\"_blank\">RN<\/a>. <\/p>\n<p>Les l\u00e9gislatives sur ce territoire ont mis en lumi\u00e8re <strong>ce besoin d\u2019avoir des liens forts avec la soci\u00e9t\u00e9 civile<\/strong>. Il fallait revenir aux fondamentaux, \u00e0 ce qu\u2019on \u00e9tait, et repartir sur cette bataille des id\u00e9es de mani\u00e8re approfondie. <\/p>\n<p>C\u2019est n\u00e9 des constats de difficult\u00e9s de fonctionnement de cette M\u00e9tropole en lien avec les municipalit\u00e9s. <\/p>\n<blockquote>\n<p>On se rend compte que sur le territoire, il y a une identit\u00e9 m\u00e9tropolitaine qui n\u2019existe pas et qui pourtant est n\u00e9cessaire. Car une M\u00e9tropole, c\u2019est <strong>un outil de coop\u00e9ration<\/strong> au service d\u2019un territoire et de ses citoyens. <\/p>\n<\/blockquote>\n<p>C\u2019est \u00e0 l\u2019\u00e9chelle m\u00e9tropolitaine que l\u2019on parle de mobilit\u00e9, d\u2019emploi, de d\u00e9carbonation etc. Ils sont fondamentaux pour que les habitants du territoire puissent avec une vie digne. <\/p>\n<p class=\"interview\">Six mois apr\u00e8s, o\u00f9 en sommes-nous\u00a0? <\/p>\n<p>Avec cette initiative, on a voulu s\u2019int\u00e9resser au territoire le comprendre \u00e0 l\u2019\u00e9chelle. Pour cela, on a r\u00e9fl\u00e9chi aux th\u00e9matiques structurantes m\u00e9tropolitaines qu\u2019on avait envie de traiter et on a rencontr\u00e9 des acteurs et des actrices autour d\u2019une table sur ces th\u00e9matiques afin de travailler avec des expertises crois\u00e9es et compl\u00e9mentaires. Une fois les grandes probl\u00e9matiques identifi\u00e9es, on a fait des r\u00e9unions publiques par th\u00e9matique en invitant cinq personnes, une sorte d\u2019agora pour traiter le sujet en question.<\/p>\n<p>L\u2019objectif de Prenons place, c\u2019est que <strong>chacun puisse se sentir concern\u00e9<\/strong>. Cet appel, ce n\u2019est ni une finalit\u00e9 ni un point z\u00e9ro mais bien un jalon pour dire voil\u00e0 la vision qu\u2019on a envie de porter sur ce territoire l\u00e0, on a d\u00e9fini un constat sur cette M\u00e9tropole et les enjeux qui, selon nous, sont \u00e0 traiter. <\/p>\n<p>Ce n\u2019est pas une liste \u00e0 la Pr\u00e9vert, on a quatre grandes th\u00e9matiques : <strong>une M\u00e9tropole \u00e0 hauteur de citoyen, relier les territoires, faire de la M\u00e9tropole un moteur \u00e9conomique lisible, innovant et solidaire, et prot\u00e9ger les citoyens, le vivant, les communs<\/strong>. <\/p>\n<blockquote>\n<p>Si on veut que ce territoire change, il va falloir non seulement <strong>donner les moyens aux municipalit\u00e9s mais aussi \u00e0 cette M\u00e9tropole<\/strong>. Tant qu\u2019on n\u2019aura pas une <strong>articulation<\/strong> entre la M\u00e9tropole et les municipalit\u00e9s autour de projets de territoire pour les citoyens, on ne pourra pas d\u00e9velopper ce territoire correctement. <\/p>\n<\/blockquote>\n<p class=\"interview\">Comment pourrait-on d\u00e9finir la M\u00e9tropole id\u00e9ale selon Place publique\u00a013\u00a0?<\/p>\n<p>Comme un v\u00e9ritable outil de coop\u00e9ration capable de travailler avec l\u2019ensemble des conseillers m\u00e9tropolitains, des maires des communes de ce territoire, non pas en abolissant les \u00e9tiquettes mais en les d\u00e9passant avec des projets. <strong>Cette M\u00e9tropole doit \u00eatre visionnaire<\/strong>, anticiper et ne doit pas juste \u00eatre en r\u00e9action. <\/p>\n<p class=\"interview\">Selon vous, le volet mobilit\u00e9s du plan Marseille en grand port\u00e9 par la M\u00e9tropole Aix-Marseille-Provence est-il assez visionnaire et dans l\u2019anticipation\u00a0? <\/p>\n<p>Sur la question des mobilit\u00e9s, on a un retard ph\u00e9nom\u00e9nal. La ville de Marseille, si on ne prend qu\u2019elle, son premier m\u00e9tro a \u00e9t\u00e9 inaugur\u00e9 en m\u00eame temps que celui de Lyon (Rh\u00f4ne), aujourd\u2019hui on a un r\u00e9seau qui est aussi dense que celui de Besan\u00e7on (Doubs). <\/p>\n<p><a href=\"https:\/\/mesinfos.fr\/tag\/marseille-en-grand\" rel=\"noopener\" target=\"_blank\">Le plan Marseille en grand<\/a> va permettre de rattraper une partie du retard, mais pas enti\u00e8rement. En plus, ce sont essentiellement des projets sur Marseille. Mais \u00e0 c\u00f4t\u00e9 de \u00e7a, les liaisons inter-villes sont manquantes, les bassins d\u2019emploi tels que le plateau de l\u2019Arbois ou le plateau des Milles n\u2019ont pas de mobilit\u00e9s. <a href=\"https:\/\/mesinfos.fr\/83000-toulon\/parc-des-lices-mobilites-douces-toulon-dessine-son-arc-vert-218553.html\" rel=\"noopener\" target=\"_blank\">Les mobilit\u00e9s douces<\/a> sont compl\u00e8tement sous-dimensionn\u00e9es et mal anticip\u00e9es par rapport aux besoins. <\/p>\n<blockquote>\n<p><strong>Oui, il y a un volet mobilit\u00e9, mais il est insuffisant<\/strong> par rapport au retard pris. On a des plans, mais si apr\u00e8s il n\u2019y a pas d\u2019outils de suivi et de mise en \u0153uvre, ce sont des plans qui sont juste jolis \u00e0 mettre sur un tableau. <\/p>\n<\/blockquote>\n<p class=\"interview\">Rapha\u00ebl Gluckmann souhaite une offre politique qui repr\u00e9sente la gauche mais sans La France insoumise. Pour les municipales\u00a02026, \u00e0 Marseille, la gauche peut-elle travailler sans LFI\u00a0? <\/p>\n<p>Nous n\u2019avons jamais cach\u00e9 nos divergences avec <a href=\"https:\/\/mesinfos.fr\/tag\/jean-luc-melenchon\" rel=\"noopener\" target=\"_blank\">La France insoumise<\/a>. Ici,<a href=\"https:\/\/mesinfos.fr\/13000-marseille\/municipales-2026-les-ecologistes-souhaitent-un-nfp-marseillais-216860.html\" rel=\"noopener\" target=\"_blank\"> nous n\u2019appelons pas \u00e0 un NFP avec la France insoumise<\/a>\u00a0: celles et ceux qui divisent les Marseillais, ce n\u2019est pas notre ligne. La France insoumise ne souhaite de toute fa\u00e7on pas cette unit\u00e9 puisqu\u2019il y a eu un certain nombre d\u2019affirmations locales \u00e0 l\u2019encontre du travail de la mairie de Marseille. <\/p>\n<p>Nous voulons un projet et des id\u00e9es<strong> dans un cadre d\u2019apaisement<\/strong> et tout ce qui fait le bruit et la fureur, c\u2019est vraiment tout ce qu\u2019on combat. Localement, on veut porter un projet de territoire. Notre ambition, c\u2019est d\u2019\u00eatre pr\u00e9sent dans l\u2019ensemble des institutions des Bouches-du-Rh\u00f4ne et pr\u00e9senter des candidats dans les municipalit\u00e9s dans lesquelles nous sommes pr\u00e9sents. Marseille en fait partie. <\/p>\n<p>Nous \u00e9tions aux pr\u00e9mices du Printemps marseillais, nous suivons de pr\u00e8s ce que la Ville fait. <\/p>\n<blockquote>\n<p>Nous consid\u00e9rons que <strong>ce qu\u2019a fait la municipalit\u00e9 a permis de consid\u00e9rablement am\u00e9liorer Marseille<\/strong>, mais il reste beaucoup \u00e0 faire et nous souhaitons \u00eatre une <strong>force utile de rassemblement de la gauche et de l\u2019\u00e9cologie<\/strong>. <\/p>\n<\/blockquote>\n<p class=\"interview\">Une autre union se pr\u00e9pare, celle de la droite et du centre, men\u00e9e par Renaud Muselier et Martine Vassal. Est-ce une menace \u00ab\u00a0s\u00e9rieuse\u00a0\u00bb pour le Printemps marseillais ?<\/p>\n<p>C\u2019est l\u2019union de la droite et de la droite. Je ne vois pas de diff\u00e9rences. Je me demandais si vous alliez me parler de <a href=\"https:\/\/mesinfos.fr\/13000-marseille\/sabrina-agresti-roubache-la-plus-marseillaise-des-ministres-de-gabriel-attal-190978.html\" rel=\"noopener\" target=\"_blank\">Sabrina Agresti-Roubache<\/a> qui veut aussi compter dans ces municipales. <\/p>\n<p>Ils ont un projet : celui de la droite. Les Marseillais ont bien compris que leur ville avait chang\u00e9. Certes, tout n\u2019est pas parfait mais il y a quand m\u00eame une impulsion qui a \u00e9t\u00e9 donn\u00e9e depuis 2020. Pendant 25\u00a0ans avant nous avions eu <a href=\"https:\/\/mesinfos.fr\/tag\/jean-claude-gaudin\" rel=\"noopener\" target=\"_blank\">Jean-Claude Gaudin<\/a>, dont pour moi <a href=\"https:\/\/mesinfos.fr\/tag\/martine-vassal\" rel=\"noopener\" target=\"_blank\">Martine Vassal<\/a> et <a href=\"https:\/\/mesinfos.fr\/13000-marseille\/entre-renaud-muselier-et-marseille-une-histoire-de-politique-212506.html\" rel=\"noopener\" target=\"_blank\">Renaud Muselier<\/a> sont les h\u00e9ritiers. En 2020, les Marseillais ont choisi le Printemps marseillais. <strong>Nous devons proposer un horizon pour la suite.<\/strong> <\/p>\n<p class=\"interview\">Quels sont vos objectifs pour les prochains mois\u00a0? <\/p>\n<p>Continuer le travail. On a trait\u00e9 de nombreux sujets\u00a0: la sant\u00e9, la d\u00e9carbonation, l\u2019adaptation au r\u00e9chauffement climatique, la mobilit\u00e9, l\u2019\u00e9conomie, l\u2019emploi, l\u2019insertion. Nous avons commenc\u00e9 \u00e0 aborder la culture m\u00eame si ce n\u2019est pas une comp\u00e9tence m\u00e9tropolitaine. Dans le cadre de cet appel pour une M\u00e9tropole engag\u00e9e, on va devoir traiter le logement qui est une comp\u00e9tence directe. <\/p>\n<p>Nous allons ouvrir des ateliers pour tous et <strong>faire \u00e9merger des propositions concr\u00e8tes<\/strong> \u00e0 l\u2019automne pour avoir en fin d\u2019ann\u00e9e un document plus fourni de travail qui puisse servir pour les prochaines \u00e9ch\u00e9ances.<\/p>\n","protected":false},"excerpt":{"rendered":"Habitu\u00e9 des m\u00e9dias, le d\u00e9put\u00e9 europ\u00e9en Rapha\u00ebl Gluckmann ne cache pas ses ambitions pour les rendez-vous politiques \u00e0&hellip;\n","protected":false},"author":2,"featured_media":239615,"comment_status":"","ping_status":"","sticky":false,"template":"","format":"standard","meta":{"footnotes":""},"categories":[2814],"tags":[1111,11,1777,674,1011,27,14098,884,7690,3434,12,882,25,37919],"class_list":{"0":"post-239614","1":"post","2":"type-post","3":"status-publish","4":"format-standard","5":"has-post-thumbnail","7":"category-marseille","8":"tag-actu","9":"tag-actualites","10":"tag-eu","11":"tag-europe","12":"tag-fr","13":"tag-france","14":"tag-les-coulisses-de-la-politique","15":"tag-marseille","16":"tag-mobilitu00e9","17":"tag-municipales-2026","18":"tag-news","19":"tag-provence-alpes-cote-dazur","20":"tag-republique-francaise","21":"tag-u00c9lections"},"share_on_mastodon":{"url":"https:\/\/pubeurope.com\/@fr\/114828033671131680","error":""},"_links":{"self":[{"href":"https:\/\/www.europesays.com\/fr\/wp-json\/wp\/v2\/posts\/239614","targetHints":{"allow":["GET"]}}],"collection":[{"href":"https:\/\/www.europesays.com\/fr\/wp-json\/wp\/v2\/posts"}],"about":[{"href":"https:\/\/www.europesays.com\/fr\/wp-json\/wp\/v2\/types\/post"}],"author":[{"embeddable":true,"href":"https:\/\/www.europesays.com\/fr\/wp-json\/wp\/v2\/users\/2"}],"replies":[{"embeddable":true,"href":"https:\/\/www.europesays.com\/fr\/wp-json\/wp\/v2\/comments?post=239614"}],"version-history":[{"count":0,"href":"https:\/\/www.europesays.com\/fr\/wp-json\/wp\/v2\/posts\/239614\/revisions"}],"wp:featuredmedia":[{"embeddable":true,"href":"https:\/\/www.europesays.com\/fr\/wp-json\/wp\/v2\/media\/239615"}],"wp:attachment":[{"href":"https:\/\/www.europesays.com\/fr\/wp-json\/wp\/v2\/media?parent=239614"}],"wp:term":[{"taxonomy":"category","embeddable":true,"href":"https:\/\/www.europesays.com\/fr\/wp-json\/wp\/v2\/categories?post=239614"},{"taxonomy":"post_tag","embeddable":true,"href":"https:\/\/www.europesays.com\/fr\/wp-json\/wp\/v2\/tags?post=239614"}],"curies":[{"name":"wp","href":"https:\/\/api.w.org\/{rel}","templated":true}]}}