{"id":239618,"date":"2025-07-10T08:39:12","date_gmt":"2025-07-10T08:39:12","guid":{"rendered":"https:\/\/www.europesays.com\/fr\/239618\/"},"modified":"2025-07-10T08:39:12","modified_gmt":"2025-07-10T08:39:12","slug":"6-accessoires-indispensables-pour-cet-ete","status":"publish","type":"post","link":"https:\/\/www.europesays.com\/fr\/239618\/","title":{"rendered":"6 accessoires indispensables pour cet \u00e9t\u00e9"},"content":{"rendered":"<p itemprop=\"description\"><strong>Il y a comme un parfum de vacances qui flotte dans l&rsquo;air&#8230;<\/strong><\/p>\n<p class=\"p1\" style=\"text-align: left;\">Et peu importe votre programme pr\u00e9vu pour les prochains jours et les prochaines semaines, les accessoires qui suivent vous seront plus que n\u00e9cessaires. La r\u00e9daction de Lyon Femmes a s\u00e9lectionn\u00e9 pour vous plusieurs indispensables pour cet \u00e9t\u00e9.<\/p>\n<p class=\"p1\" style=\"text-align: center;\"><strong>\u00a0<img loading=\"lazy\" decoding=\"async\" src=\"https:\/\/www.europesays.com\/fr\/wp-content\/uploads\/2025\/07\/mceclip0-78991.png\" width=\"356\" height=\"327\"\/><\/strong><\/p>\n<p class=\"p1\" style=\"text-align: center;\"><strong>Chapeau \u00e0 bords XXL<\/strong><br \/>Guanabana<br \/>300 \u20ac<br \/>Disponible chez Blush, Lyon 6<\/p>\n<p class=\"p2\" style=\"text-align: center;\"><img loading=\"lazy\" decoding=\"async\" src=\"https:\/\/www.europesays.com\/fr\/wp-content\/uploads\/2025\/07\/mceclip1-7664.png\" width=\"446\" height=\"353\"\/><\/p>\n<p class=\"p1\" style=\"text-align: center;\"><strong>\u00c9ventail cygnes<\/strong><br \/>Le Lab<br \/>23 \u20ac<br \/>Disponible en boutique, Lyon 2<\/p>\n<p class=\"p2\" style=\"text-align: center;\"><img loading=\"lazy\" decoding=\"async\" src=\"https:\/\/www.europesays.com\/fr\/wp-content\/uploads\/2025\/07\/mceclip2-82392.png\" width=\"384\" height=\"576\"\/><\/p>\n<p class=\"p1\" style=\"text-align: center;\"><strong>Cabas Suzane<\/strong><br \/>Barnie<br \/>25 \u20ac<br \/>Disponible en ligne<\/p>\n<p class=\"p2\" style=\"text-align: center;\"><img loading=\"lazy\" decoding=\"async\" src=\"https:\/\/www.europesays.com\/fr\/wp-content\/uploads\/2025\/07\/mceclip3-72811.png\" width=\"368\" height=\"368\"\/><\/p>\n<p class=\"p1\" style=\"text-align: center;\"><strong>Pince Gilda<\/strong><br \/>Sasstie<br \/>17 \u20ac<br \/>Disponible au Dadashop, Lyon 1<\/p>\n","protected":false},"excerpt":{"rendered":"Il y a comme un parfum de vacances qui flotte dans l&rsquo;air&#8230; Et peu importe votre programme pr\u00e9vu&hellip;\n","protected":false},"author":2,"featured_media":239619,"comment_status":"","ping_status":"","sticky":false,"template":"","format":"standard","meta":{"footnotes":""},"categories":[1889],"tags":[1111,11,2813,2190,2430,1109,251,1112,2811,1777,674,118,1294,4651,1011,27,1922,1110,1114,2428,4903,4902,12,241,316,25,2812,517,800],"class_list":{"0":"post-239618","1":"post","2":"type-post","3":"status-publish","4":"format-standard","5":"has-post-thumbnail","7":"category-lyon","8":"tag-actu","9":"tag-actualites","10":"tag-article","11":"tag-asvel","12":"tag-auvergne-rhone-alpes","13":"tag-breves","14":"tag-culture","15":"tag-depeches","16":"tag-economique","17":"tag-eu","18":"tag-europe","19":"tag-faits-divers","20":"tag-femme","21":"tag-femmes","22":"tag-fr","23":"tag-france","24":"tag-info","25":"tag-informations","26":"tag-infos","27":"tag-lyon","28":"tag-lyonfemme","29":"tag-lyonfemmes","30":"tag-news","31":"tag-ol","32":"tag-politique","33":"tag-republique-francaise","34":"tag-sociale","35":"tag-sport","36":"tag-transports"},"share_on_mastodon":{"url":"https:\/\/pubeurope.com\/@fr\/114828041679758488","error":""},"_links":{"self":[{"href":"https:\/\/www.europesays.com\/fr\/wp-json\/wp\/v2\/posts\/239618","targetHints":{"allow":["GET"]}}],"collection":[{"href":"https:\/\/www.europesays.com\/fr\/wp-json\/wp\/v2\/posts"}],"about":[{"href":"https:\/\/www.europesays.com\/fr\/wp-json\/wp\/v2\/types\/post"}],"author":[{"embeddable":true,"href":"https:\/\/www.europesays.com\/fr\/wp-json\/wp\/v2\/users\/2"}],"replies":[{"embeddable":true,"href":"https:\/\/www.europesays.com\/fr\/wp-json\/wp\/v2\/comments?post=239618"}],"version-history":[{"count":0,"href":"https:\/\/www.europesays.com\/fr\/wp-json\/wp\/v2\/posts\/239618\/revisions"}],"wp:featuredmedia":[{"embeddable":true,"href":"https:\/\/www.europesays.com\/fr\/wp-json\/wp\/v2\/media\/239619"}],"wp:attachment":[{"href":"https:\/\/www.europesays.com\/fr\/wp-json\/wp\/v2\/media?parent=239618"}],"wp:term":[{"taxonomy":"category","embeddable":true,"href":"https:\/\/www.europesays.com\/fr\/wp-json\/wp\/v2\/categories?post=239618"},{"taxonomy":"post_tag","embeddable":true,"href":"https:\/\/www.europesays.com\/fr\/wp-json\/wp\/v2\/tags?post=239618"}],"curies":[{"name":"wp","href":"https:\/\/api.w.org\/{rel}","templated":true}]}}