{"id":239620,"date":"2025-07-10T08:40:09","date_gmt":"2025-07-10T08:40:09","guid":{"rendered":"https:\/\/www.europesays.com\/fr\/239620\/"},"modified":"2025-07-10T08:40:09","modified_gmt":"2025-07-10T08:40:09","slug":"decouvrez-les-resultats-dans-lacademie-de-lyon","status":"publish","type":"post","link":"https:\/\/www.europesays.com\/fr\/239620\/","title":{"rendered":"d\u00e9couvrez les r\u00e9sultats dans l&rsquo;acad\u00e9mie de Lyon"},"content":{"rendered":"<p>            Par<br \/>\n        <strong><br \/>\n            <a href=\"https:\/\/actu.fr\/auteur\/julien-sournies\" title=\"Consulter tous les articles de Julien Sournies\" rel=\"nofollow noopener\" target=\"_blank\">Julien Sournies<\/a><br \/>\n        <\/strong><\/p>\n<p>        Publi\u00e9 le<\/p>\n<p>            10 juil. 2025 \u00e0 10h25        <\/p>\n<p>Les <strong>r\u00e9sultats<\/strong> tombent au compte-goutte en fonction des acad\u00e9mies\u2009: depuis ce lundi 7\u00a0juillet, les premiers titulaires du brevet des coll\u00e8ges sont connus en France. Dans l\u2019acad\u00e9mie de <a href=\"https:\/\/actu.fr\/lyon\/\" rel=\"nofollow noopener\" target=\"_blank\">Lyon<\/a>, qui regroupe quelque 40\u2009832 candidats r\u00e9partis dans le <a href=\"https:\/\/actu.fr\/auvergne-rhone-alpes\/rhone_69\" rel=\"nofollow noopener\" target=\"_blank\">Rh\u00f4ne<\/a>, la Loire et l\u2019Ain, ils sont r\u00e9v\u00e9l\u00e9s <strong>ce jeudi 10\u00a0juillet sur les coups de 15\u00a0heures<\/strong>, \u00e0 l\u2019instar de celle de Nantes.<\/p>\n<p>Les r\u00e9sultats disponibles sur notre site<\/p>\n<p class=\" wall-content\">Deux semaines apr\u00e8s leurs \u00e9preuves, qui se sont tenues les jeudi 26 et vendredi 27 juin 2025, les coll\u00e9giens peuvent donc d\u00e9couvrir leurs r\u00e9sultats au dipl\u00f4me national du brevet des coll\u00e8ges.<\/p>\n<p class=\" wall-content\">Pour conna\u00eetre les r\u00e9sultats dans l\u2019acad\u00e9mie de Lyon, qu\u2019il s\u2019agisse des v\u00f4tres ou de ceux de vos proches, rendez-vous directement sur notre page d\u00e9di\u00e9e : <a href=\"https:\/\/actu.fr\/societe\/brevet-2025-decouvrez-les-resultats-de-l-examen-academie-par-academie_62850795.html\" rel=\"nofollow noopener\" target=\"_blank\">Brevet 2025. D\u00e9couvrez les r\u00e9sultats de l\u2019examen acad\u00e9mie par acad\u00e9mie<\/a>.<\/p>\n<p class=\" wall-content\">Pour rappel, le DNB est \u00e9valu\u00e9 sur un total de 800 points, r\u00e9partis entre les \u00e9preuves finales (400 points) et le contr\u00f4le continu (400 points). Pour \u00eatre admis, un candidat doit ainsi obtenir un<strong> minimum de 400 points<\/strong>.<\/p>\n<ul class=\" wall-content\">\n<li>La mention \u00ab\u2009assez bien\u2009\u00bb n\u00e9cessite plus de 480 points.<\/li>\n<li>La mention \u00ab\u2009bien\u2009\u00bb est accord\u00e9e pour plus de 560 points.<\/li>\n<li>La mention \u00ab\u2009tr\u00e8s bien\u2009\u00bb est donn\u00e9e \u00e0 plus de 640 points.<\/li>\n<\/ul>\n<p>Vid\u00e9os : en ce moment sur ActuRattrapages<\/p>\n<p class=\" wall-content\">\u00c0 noter par ailleurs que tous les \u00e9l\u00e8ves ayant \u00e9chou\u00e9 de peu \u00e0 obtenir ce premier dipl\u00f4me pourront toujours se pr\u00e9senter aux \u00e9preuves de rattrapage programm\u00e9es les<strong> 8 et 9\u00a0septembre 2025<\/strong>.<\/p>\n<p class=\" wall-content\">Mais pas de soucis \u00e0 se faire\u2009: obtenir le brevet n\u2019est <strong>pas obligatoire<\/strong> pour pouvoir entrer en classe de Seconde.<\/p>\n<p class=\" wall-content\">Suivez toute l\u2019actualit\u00e9 de vos villes et m\u00e9dias favoris en vous inscrivant \u00e0 <a href=\"https:\/\/moncompte.actu.fr\" title=\"D\u00e9couvez Mon Actu\" rel=\"nofollow noopener\" data-trk=\"{&quot;cta&quot;:{&quot;action&quot;:&quot;https:\\\/\\\/moncompte.actu.fr&quot;,&quot;category&quot;:&quot;mon compte&quot;,&quot;from&quot;:&quot;article footer&quot;,&quot;name&quot;:&quot;Mon actu&quot;,&quot;type&quot;:&quot;cta&quot;}}\" target=\"_blank\">Mon Actu<\/a>.<\/p>\n","protected":false},"excerpt":{"rendered":"Par Julien Sournies Publi\u00e9 le 10 juil. 2025 \u00e0 10h25 Les r\u00e9sultats tombent au compte-goutte en fonction des&hellip;\n","protected":false},"author":2,"featured_media":239621,"comment_status":"","ping_status":"","sticky":false,"template":"","format":"standard","meta":{"footnotes":""},"categories":[1889],"tags":[1111,11,2430,36556,1057,1777,674,1011,27,2428,12,25,104],"class_list":{"0":"post-239620","1":"post","2":"type-post","3":"status-publish","4":"format-standard","5":"has-post-thumbnail","7":"category-lyon","8":"tag-actu","9":"tag-actualites","10":"tag-auvergne-rhone-alpes","11":"tag-brevet-dnb","12":"tag-education","13":"tag-eu","14":"tag-europe","15":"tag-fr","16":"tag-france","17":"tag-lyon","18":"tag-news","19":"tag-republique-francaise","20":"tag-societe"},"share_on_mastodon":{"url":"https:\/\/pubeurope.com\/@fr\/114828045484832604","error":""},"_links":{"self":[{"href":"https:\/\/www.europesays.com\/fr\/wp-json\/wp\/v2\/posts\/239620","targetHints":{"allow":["GET"]}}],"collection":[{"href":"https:\/\/www.europesays.com\/fr\/wp-json\/wp\/v2\/posts"}],"about":[{"href":"https:\/\/www.europesays.com\/fr\/wp-json\/wp\/v2\/types\/post"}],"author":[{"embeddable":true,"href":"https:\/\/www.europesays.com\/fr\/wp-json\/wp\/v2\/users\/2"}],"replies":[{"embeddable":true,"href":"https:\/\/www.europesays.com\/fr\/wp-json\/wp\/v2\/comments?post=239620"}],"version-history":[{"count":0,"href":"https:\/\/www.europesays.com\/fr\/wp-json\/wp\/v2\/posts\/239620\/revisions"}],"wp:featuredmedia":[{"embeddable":true,"href":"https:\/\/www.europesays.com\/fr\/wp-json\/wp\/v2\/media\/239621"}],"wp:attachment":[{"href":"https:\/\/www.europesays.com\/fr\/wp-json\/wp\/v2\/media?parent=239620"}],"wp:term":[{"taxonomy":"category","embeddable":true,"href":"https:\/\/www.europesays.com\/fr\/wp-json\/wp\/v2\/categories?post=239620"},{"taxonomy":"post_tag","embeddable":true,"href":"https:\/\/www.europesays.com\/fr\/wp-json\/wp\/v2\/tags?post=239620"}],"curies":[{"name":"wp","href":"https:\/\/api.w.org\/{rel}","templated":true}]}}