{"id":239624,"date":"2025-07-10T08:43:09","date_gmt":"2025-07-10T08:43:09","guid":{"rendered":"https:\/\/www.europesays.com\/fr\/239624\/"},"modified":"2025-07-10T08:43:09","modified_gmt":"2025-07-10T08:43:09","slug":"apres-quatre-jours-dinterdiction-la-baignade-dans-la-seine-rouvre-aujourdhui","status":"publish","type":"post","link":"https:\/\/www.europesays.com\/fr\/239624\/","title":{"rendered":"apr\u00e8s quatre jours d&rsquo;interdiction, la baignade dans la Seine rouvre aujourd&rsquo;hui"},"content":{"rendered":"<p>            Par<br \/>\n        <strong><br \/>\n            <a href=\"https:\/\/actu.fr\/auteur\/redaction-paris\" title=\"Consulter tous les articles de R\u00e9daction Paris\" target=\"_blank\" rel=\"noopener\">R\u00e9daction Paris<\/a><br \/>\n        <\/strong><\/p>\n<p>        Publi\u00e9 le<\/p>\n<p>            10 juil. 2025 \u00e0 10h32<br \/>\n        ; mis \u00e0 jour le 10 juil. 2025 \u00e0 10h40    <\/p>\n<p>Les temp\u00e9ratures remontent et les Parisiens vont enfin pouvoir se rafra\u00eechir. Cinq jours apr\u00e8s l\u2019inauguration en grande pompe des trois points de <strong><a href=\"https:\/\/actu.fr\/ile-de-france\/paris_75056\/fermeture-de-la-baignade-dans-la-seine-et-le-canal-saint-martin-quand-pourra-t-on-a-nouveau-nager-a-paris_62886786.html\" target=\"_blank\" rel=\"noopener\">baignade dans la Seine<\/a>,<\/strong> le <strong>drapeau vert<\/strong> est de nouveau lev\u00e9 \u00e0 Paris, ce jeudi 10\u00a0juillet 2025. Pendant cinq jours, il avait laiss\u00e9 place au rouge en raison des <a href=\"https:\/\/actu.fr\/ile-de-france\/paris_75056\/les-orages-menacent-a-paris-et-en-ile-de-france-meteo-france-active-la-vigilance-pour-le-dimanche-6-juillet_62872892.html\" target=\"_blank\" rel=\"noopener\">conditions m\u00e9t\u00e9orologiques<\/a>.<\/p>\n<p>Canal Saint-Martin toujours ferm\u00e9<\/p>\n<p class=\" wall-content\">Jusqu\u2019ici, la pluie ne pouvait pas permettre d\u2019assurer un filtrage de l\u2019eau suffisant pour rendre le site propre \u00e0 la baignade. \u00ab\u00a0Selon notre protocole, s\u2019il pleut plus de 10 millim\u00e8tres en moins de 12 heures, on n\u2019ouvre pas la baignade en attendant les r\u00e9sultats de la qualit\u00e9 de l\u2019eau\u00a0\u00bb, a expliqu\u00e9 \u00e0 l\u2019AFP Pierre Rabadan, adjoint aux sports \u00e0 la maire de Paris Anne Hidalgo, pr\u00e9cisant qu\u2019il avait plu 26 millim\u00e8tres dimanche et lundi.<\/p>\n<p class=\" wall-content\">L\u2019ensemble des eaux de pluies \u2013 qui \u00e0 Paris se m\u00ealent aux eaux us\u00e9es \u2013 ont pu \u00eatre stock\u00e9es, gr\u00e2ce au bassin d\u2019Austerlitz, \u00e9vitant tout d\u00e9versement dans la Seine, a-t-il ajout\u00e9. Mais des d\u00e9versements peuvent se produire en amont de la capitale en cas de trop fortes pluies, entra\u00eenant une pollution bact\u00e9riologique de l\u2019eau.\u00a0<\/p>\n<p class=\" wall-content\">\n<p class=\" wall-content\">Le retour du temps sec est ainsi une bonne nouvelle. L\u2019ensemble des bassins du bras Marie (4e arrondissement), Grenelle (15e) et Bercy (12e) ont rouvert ce jeudi \u00e0 10 heures. Pour le <a href=\"https:\/\/actu.fr\/ile-de-france\/paris_75056\/nouveau-lieu-de-baignade-tyrolienne-danse-et-pedalo-ce-que-reserve-l-edition-2024-de-paris-plages_61303954.html\" target=\"_blank\" rel=\"noopener\">canal Saint-Martin<\/a>, il faudra encore patienter. Le rendez-vous est donn\u00e9 \u00e0 dimanche, entre 13\u00a0heures et 17\u00a0heures.<\/p>\n<p class=\" wall-content\">Samedi, plus de 2 300 visiteurs ont \u00e9t\u00e9 comptabilis\u00e9s sur les trois sites. L\u2019\u00e9t\u00e9 dernier, les pluies record enregistr\u00e9es pendant les JO avaient souvent rendu l\u2019eau impropre \u00e0 la baignade des athl\u00e8tes, notamment \u00e0 cause des taux ponctuellement trop \u00e9lev\u00e9s de bact\u00e9ries f\u00e9cales (Escherichia coli et ent\u00e9rocoques).<\/p>\n<p>Vid\u00e9os : en ce moment sur Actu<\/p>\n<p class=\" wall-content\"><strong>Avec AFP<\/strong><\/p>\n<p class=\" wall-content\">Suivez toute l\u2019actualit\u00e9 de vos villes et m\u00e9dias favoris en vous inscrivant \u00e0 <a href=\"https:\/\/moncompte.actu.fr\" title=\"D\u00e9couvez Mon Actu\" rel=\"nofollow noopener\" data-trk=\"{&quot;cta&quot;:{&quot;action&quot;:&quot;https:\\\/\\\/moncompte.actu.fr&quot;,&quot;category&quot;:&quot;mon compte&quot;,&quot;from&quot;:&quot;article footer&quot;,&quot;name&quot;:&quot;Mon actu&quot;,&quot;type&quot;:&quot;cta&quot;}}\" target=\"_blank\">Mon Actu<\/a>.<\/p>\n","protected":false},"excerpt":{"rendered":"Par R\u00e9daction Paris Publi\u00e9 le 10 juil. 2025 \u00e0 10h32 ; mis \u00e0 jour le 10 juil. 2025&hellip;\n","protected":false},"author":2,"featured_media":230079,"comment_status":"","ping_status":"","sticky":false,"template":"","format":"standard","meta":{"footnotes":""},"categories":[1888],"tags":[1111,1928,11,1927,1777,674,1011,27,5353,1652,2357,12,1926,626,1925,25],"class_list":{"0":"post-239624","1":"post","2":"type-post","3":"status-publish","4":"format-standard","5":"has-post-thumbnail","7":"category-paris","8":"tag-actu","9":"tag-actu-paris","10":"tag-actualites","11":"tag-actualites-paris","12":"tag-eu","13":"tag-europe","14":"tag-fr","15":"tag-france","16":"tag-la-seine","17":"tag-loisirs-culture","18":"tag-meteo-france","19":"tag-news","20":"tag-news-paris","21":"tag-paris","22":"tag-paris-news","23":"tag-republique-francaise"},"share_on_mastodon":{"url":"https:\/\/pubeurope.com\/@fr\/114828057204748463","error":""},"_links":{"self":[{"href":"https:\/\/www.europesays.com\/fr\/wp-json\/wp\/v2\/posts\/239624","targetHints":{"allow":["GET"]}}],"collection":[{"href":"https:\/\/www.europesays.com\/fr\/wp-json\/wp\/v2\/posts"}],"about":[{"href":"https:\/\/www.europesays.com\/fr\/wp-json\/wp\/v2\/types\/post"}],"author":[{"embeddable":true,"href":"https:\/\/www.europesays.com\/fr\/wp-json\/wp\/v2\/users\/2"}],"replies":[{"embeddable":true,"href":"https:\/\/www.europesays.com\/fr\/wp-json\/wp\/v2\/comments?post=239624"}],"version-history":[{"count":0,"href":"https:\/\/www.europesays.com\/fr\/wp-json\/wp\/v2\/posts\/239624\/revisions"}],"wp:featuredmedia":[{"embeddable":true,"href":"https:\/\/www.europesays.com\/fr\/wp-json\/wp\/v2\/media\/230079"}],"wp:attachment":[{"href":"https:\/\/www.europesays.com\/fr\/wp-json\/wp\/v2\/media?parent=239624"}],"wp:term":[{"taxonomy":"category","embeddable":true,"href":"https:\/\/www.europesays.com\/fr\/wp-json\/wp\/v2\/categories?post=239624"},{"taxonomy":"post_tag","embeddable":true,"href":"https:\/\/www.europesays.com\/fr\/wp-json\/wp\/v2\/tags?post=239624"}],"curies":[{"name":"wp","href":"https:\/\/api.w.org\/{rel}","templated":true}]}}